{"id":7264,"date":"2021-06-07T09:49:53","date_gmt":"2021-06-07T07:49:53","guid":{"rendered":"http:\/\/agora.xtec.cat\/iespviana\/?p=7264"},"modified":"2021-06-28T11:29:32","modified_gmt":"2021-06-28T09:29:32","slug":"preinscripcio-eso-2021-2022","status":"publish","type":"post","link":"https:\/\/agora.xtec.cat\/iespviana\/general\/preinscripcio-eso-2021-2022\/","title":{"rendered":"PREINSCRIPCI\u00d3  2021-2022"},"content":{"rendered":"<h5><a href=\"https:\/\/meet.google.com\/sph-aqie-owm?authuser=2\" target=\"_blank\" rel=\"noopener noreferrer\">Reuni\u00f3 telem\u00e0tica<\/a> informaci\u00f3 ordinadors curs 2021-2022 (hi assistir\u00e0 l&#8217;empresa<a href=\"https:\/\/www.fdos.net\/\" target=\"_blank\" rel=\"noopener noreferrer\"> FDOS<\/a>)<\/h5>\n<p>Dilluns 21\/6\/21 a les 17:00h. <a href=\"https:\/\/meet.google.com\/sph-aqie-owm?authuser=2\" target=\"_blank\" rel=\"noopener noreferrer\">Enlla\u00e7 per la reuni\u00f3<\/a>.<\/p>\n<h5><strong>Calendari de Matr\u00edcula d\u2019ESO (nom\u00e9s fam\u00edlies de nova incorporaci\u00f3 procedents de la preinscripci\u00f3):<\/strong><\/h5>\n<ul>\n<li><strong>7 de juny:<\/strong> Publicaci\u00f3 de les llistes definitives: <a href=\"https:\/\/drive.google.com\/file\/d\/1iSPurIfU3WOkj3TkulqMwxA4bR3DL8Y6\/view?usp=sharing\" target=\"_blank\" rel=\"noopener noreferrer\">Llista de preinscrits<\/a>,\u00a0 <a href=\"https:\/\/drive.google.com\/file\/d\/1LnO1EuV5Lf0HPfryyfulRfusUCYOrius\/view?usp=sharing\" target=\"_blank\" rel=\"noopener noreferrer\">Llista d&#8217;assignaci\u00f3 de centre<\/a> i <a href=\"https:\/\/drive.google.com\/file\/d\/1ggkKu0TBaVVRC3SmMQliHMYivjgEWMWL\/view?usp=sharing\" target=\"_blank\" rel=\"noopener noreferrer\">Llista d&#8217;espera<\/a><\/li>\n<li><strong>Del 14 al 18 de juny:<\/strong> matr\u00edcula de 1r d&#8217;ESO<\/li>\n<li><strong>Del 28 de juny al 2 de juliol: <\/strong>matr\u00edcula 2n, 3r i 4t d\u2019ESO<\/li>\n<\/ul>\n<h5><strong>Preinscripci\u00f3 de batxillerat:<\/strong><\/h5>\n<ul>\n<li><strong>18\/06\/2021<\/strong> <a href=\"https:\/\/drive.google.com\/file\/d\/1jUpySAet5usq31MySlxPbZRNTYZ_seWz\/view?usp=sharing\" target=\"_blank\" rel=\"noopener noreferrer\">Llistes amb barem provisional una vegada resoltes les reclamacions<\/a>.<\/li>\n<\/ul>\n<p><strong>On heu de formalitzar la matr\u00edcula del vostre fill? <\/strong>Al centre que us han <strong>ASSIGNAT.<\/strong><\/p>\n<h5><strong>Com heu de formalitzar la matr\u00edcula al INS Pr\u00edncep de Viana?<img loading=\"lazy\" decoding=\"async\" class=\"size-full wp-image-7105 alignright\" src=\"https:\/\/agora.xtec.cat\/iespviana\/wp-content\/uploads\/usu1199\/2021\/03\/Logo-100.jpg\" alt=\"\" width=\"100\" height=\"160\" \/><\/strong><\/h5>\n<p><span style=\"font-family: inherit; font-size: 1em;\">Heu de venir presencialment a buscar la documentaci\u00f3 de matr\u00edcula i per assignar-vos cita pr\u00e8via.<\/span><\/p>\n<h5><\/h5>\n<ul>\n<li><span style=\"font-family: inherit; font-size: 1em;\">L&#8217;horari d&#8217;atenci\u00f3 al p\u00fablic de la secretaria <\/span>de dilluns a divendres de 8:00 a 10:30h i 11:00 a 14:00h.<\/li>\n<li>Tel\u00e8fon del centre: 93 408 42 65 (demanar per la Secretaria).<\/li>\n<\/ul>\n<h5>Impresos necessaris per formalitzar la matr\u00edcula:<\/h5>\n<ul>\n<li>Full informatiu (on s&#8217;indica tota la <a href=\"https:\/\/drive.google.com\/file\/d\/1vPno-kG7giLHxL36MhUPrIaqBYRxiHj7\/view?usp=sharing\" target=\"_blank\" rel=\"noopener noreferrer\">documentaci\u00f3<\/a> necess\u00e0ria)<\/li>\n<li>Full de Matr\u00edcula<\/li>\n<li>Carta de comprom\u00eds educatiu<\/li>\n<li>Comunicaci\u00f3 d&#8217;\u00fas de serveis i\u00a0 recursos digitals a internet per treballar a l&#8217;aula:\n<ul>\n<li>alumnat major de 14 anys (per\u00f2 menors d\u2019edat)<\/li>\n<li>alumnat menor de 14 anys<\/li>\n<\/ul>\n<\/li>\n<li>Normativa i consells d\u2019\u00fas dels serveis Gsuite de Google a l\u2019INS Pr\u00edncep de Viana<\/li>\n<\/ul>\n<p>&nbsp;<\/p>\n<p>&nbsp;<\/p>\n","protected":false},"excerpt":{"rendered":"<p>Reuni\u00f3 telem\u00e0tica informaci\u00f3 ordinadors curs 2021-2022 (hi assistir\u00e0 l&#8217;empresa FDOS) Dilluns 21\/6\/21 a les 17:00h. Enlla\u00e7 per la reuni\u00f3. Calendari [&hellip;]<\/p>\n","protected":false},"author":1,"featured_media":7105,"comment_status":"closed","ping_status":"closed","sticky":false,"template":"","format":"standard","meta":{"_bbp_topic_count":0,"_bbp_reply_count":0,"_bbp_total_topic_count":0,"_bbp_total_reply_count":0,"_bbp_voice_count":0,"_bbp_anonymous_reply_count":0,"_bbp_topic_count_hidden":0,"_bbp_reply_count_hidden":0,"_bbp_forum_subforum_count":0,"site-sidebar-layout":"default","site-content-layout":"","ast-site-content-layout":"","site-content-style":"default","site-sidebar-style":"default","ast-global-header-display":"","ast-banner-title-visibility":"","ast-main-header-display":"","ast-hfb-above-header-display":"","ast-hfb-below-header-display":"","ast-hfb-mobile-header-display":"","site-post-title":"","ast-breadcrumbs-content":"","ast-featured-img":"","footer-sml-layout":"","theme-transparent-header-meta":"","adv-header-id-meta":"","stick-header-meta":"","header-above-stick-meta":"","header-main-stick-meta":"","header-below-stick-meta":"","astra-migrate-meta-layouts":"default","ast-page-background-enabled":"default","ast-page-background-meta":{"desktop":{"background-color":"var(--ast-global-color-4)","background-image":"","background-repeat":"repeat","background-position":"center center","background-size":"auto","background-attachment":"scroll","background-type":"","background-media":"","overlay-type":"","overlay-color":"","overlay-opacity":"","overlay-gradient":""},"tablet":{"background-color":"","background-image":"","background-repeat":"repeat","background-position":"center center","background-size":"auto","background-attachment":"scroll","background-type":"","background-media":"","overlay-type":"","overlay-color":"","overlay-opacity":"","overlay-gradient":""},"mobile":{"background-color":"","background-image":"","background-repeat":"repeat","background-position":"center center","background-size":"auto","background-attachment":"scroll","background-type":"","background-media":"","overlay-type":"","overlay-color":"","overlay-opacity":"","overlay-gradient":""}},"ast-content-background-meta":{"desktop":{"background-color":"var(--ast-global-color-5)","background-image":"","background-repeat":"repeat","background-position":"center center","background-size":"auto","background-attachment":"scroll","background-type":"","background-media":"","overlay-type":"","overlay-color":"","overlay-opacity":"","overlay-gradient":""},"tablet":{"background-color":"var(--ast-global-color-5)","background-image":"","background-repeat":"repeat","background-position":"center center","background-size":"auto","background-attachment":"scroll","background-type":"","background-media":"","overlay-type":"","overlay-color":"","overlay-opacity":"","overlay-gradient":""},"mobile":{"background-color":"var(--ast-global-color-5)","background-image":"","background-repeat":"repeat","background-position":"center center","background-size":"auto","background-attachment":"scroll","background-type":"","background-media":"","overlay-type":"","overlay-color":"","overlay-opacity":"","overlay-gradient":""}},"footnotes":""},"categories":[31,3,4,9,10,11,52,5,6,7,1,29],"tags":[],"class_list":["post-7264","post","type-post","status-publish","format-standard","has-post-thumbnail","hentry","category-ampa","category-eso","category-eso-1","category-eso-1a","category-eso-1b","category-eso-1c","category-eso-1d","category-eso-2","category-eso-3","category-eso-4","category-general","category-noticies"],"post_mailing_queue_ids":[],"_links":{"self":[{"href":"https:\/\/agora.xtec.cat\/iespviana\/wp-json\/wp\/v2\/posts\/7264","targetHints":{"allow":["GET"]}}],"collection":[{"href":"https:\/\/agora.xtec.cat\/iespviana\/wp-json\/wp\/v2\/posts"}],"about":[{"href":"https:\/\/agora.xtec.cat\/iespviana\/wp-json\/wp\/v2\/types\/post"}],"author":[{"embeddable":true,"href":"https:\/\/agora.xtec.cat\/iespviana\/wp-json\/wp\/v2\/users\/1"}],"replies":[{"embeddable":true,"href":"https:\/\/agora.xtec.cat\/iespviana\/wp-json\/wp\/v2\/comments?post=7264"}],"version-history":[{"count":4,"href":"https:\/\/agora.xtec.cat\/iespviana\/wp-json\/wp\/v2\/posts\/7264\/revisions"}],"predecessor-version":[{"id":7369,"href":"https:\/\/agora.xtec.cat\/iespviana\/wp-json\/wp\/v2\/posts\/7264\/revisions\/7369"}],"wp:featuredmedia":[{"embeddable":true,"href":"https:\/\/agora.xtec.cat\/iespviana\/wp-json\/wp\/v2\/media\/7105"}],"wp:attachment":[{"href":"https:\/\/agora.xtec.cat\/iespviana\/wp-json\/wp\/v2\/media?parent=7264"}],"wp:term":[{"taxonomy":"category","embeddable":true,"href":"https:\/\/agora.xtec.cat\/iespviana\/wp-json\/wp\/v2\/categories?post=7264"},{"taxonomy":"post_tag","embeddable":true,"href":"https:\/\/agora.xtec.cat\/iespviana\/wp-json\/wp\/v2\/tags?post=7264"}],"curies":[{"name":"wp","href":"https:\/\/api.w.org\/{rel}","templated":true}]}}