{"id":7019,"date":"2021-03-08T09:57:29","date_gmt":"2021-03-08T08:57:29","guid":{"rendered":"http:\/\/agora.xtec.cat\/iespviana\/?p=7019"},"modified":"2021-03-08T12:50:22","modified_gmt":"2021-03-08T11:50:22","slug":"dia-de-la-dona-al-princep-de-viana","status":"publish","type":"post","link":"https:\/\/agora.xtec.cat\/iespviana\/general\/dia-de-la-dona-al-princep-de-viana\/","title":{"rendered":"Dia Internacional de les dones al Pr\u00edncep de Viana"},"content":{"rendered":"<div dir=\"ltr\">\n<p>El\u00a0<b>Dia Internacional de les Dones<\/b>\u00a0o\u00a0<b>Dia de la Dona Treballadora<\/b> se celebra el 8 de mar\u00e7 de cada any i est\u00e0 reconegut per l&#8217;Organitzaci\u00f3 de les Nacions Unides (l&#8217;ONU). \u00c9s un dia aprofitat tradicionalment per a reivindicar el feminisme denunciant el sexisme. Aquest dia commemora la lluita de les dones per la seva participaci\u00f3, juntament amb els homes, en l&#8217;\u00e0mbit laboral, i per tant pel dret a la independ\u00e8ncia econ\u00f2mica.<\/p>\n<div>\n<p>El 1972 l&#8217;Assemblea General de les Nacions Unides\u00a0va declarar el 1975 Any Internacional de la Dona, i el 1977 va convidar tots els estats a declarar, conforme a les seves tradicions hist\u00f2riques i costums nacionals, un dia com a<b> Dia Internacional pels Drets de la dona i la Pau internacional<\/b><\/p>\n<p>L&#8217;alumnat de 1r, 2n i 4t d&#8217;ESO han elaborat aquests dos murals on hi han escrit el nom de dones que han fet aportacions a la societat al llarg de la hist\u00f2ria.<\/p>\n<\/div>\n<\/div>\n<p><a href=\"https:\/\/photos.app.goo.gl\/zzsbtJGmB67n7tL86\" target=\"_blank\" rel=\"noopener noreferrer\">Aqu\u00ed podeu veure totes les fotografies i el proc\u00e9s d&#8217;elaboraci\u00f3.<\/a><\/p>\n<p><img loading=\"lazy\" decoding=\"async\" class=\"aligncenter size-full wp-image-7027\" src=\"https:\/\/agora.xtec.cat\/iespviana\/wp-content\/uploads\/usu1199\/2021\/03\/1_8-de-Mar\u00e7-2n-i-4t-ESO-1024.jpg\" alt=\"\" width=\"1024\" height=\"1030\" srcset=\"https:\/\/agora.xtec.cat\/iespviana\/wp-content\/uploads\/usu1199\/2021\/03\/1_8-de-Mar\u00e7-2n-i-4t-ESO-1024.jpg 1024w, https:\/\/agora.xtec.cat\/iespviana\/wp-content\/uploads\/usu1199\/2021\/03\/1_8-de-Mar\u00e7-2n-i-4t-ESO-1024-150x150.jpg 150w, https:\/\/agora.xtec.cat\/iespviana\/wp-content\/uploads\/usu1199\/2021\/03\/1_8-de-Mar\u00e7-2n-i-4t-ESO-1024-298x300.jpg 298w, https:\/\/agora.xtec.cat\/iespviana\/wp-content\/uploads\/usu1199\/2021\/03\/1_8-de-Mar\u00e7-2n-i-4t-ESO-1024-768x773.jpg 768w, https:\/\/agora.xtec.cat\/iespviana\/wp-content\/uploads\/usu1199\/2021\/03\/1_8-de-Mar\u00e7-2n-i-4t-ESO-1024-1018x1024.jpg 1018w\" sizes=\"auto, (max-width: 1024px) 100vw, 1024px\" \/><br \/>\nFotografia feta per Yaiza Iba\u00f1ez.<\/p>\n<p><img loading=\"lazy\" decoding=\"async\" class=\"aligncenter size-full wp-image-7021\" src=\"https:\/\/agora.xtec.cat\/iespviana\/wp-content\/uploads\/usu1199\/2021\/03\/Poster-2-1024.jpg\" alt=\"\" width=\"1024\" height=\"1596\" srcset=\"https:\/\/agora.xtec.cat\/iespviana\/wp-content\/uploads\/usu1199\/2021\/03\/Poster-2-1024.jpg 1024w, https:\/\/agora.xtec.cat\/iespviana\/wp-content\/uploads\/usu1199\/2021\/03\/Poster-2-1024-192x300.jpg 192w, https:\/\/agora.xtec.cat\/iespviana\/wp-content\/uploads\/usu1199\/2021\/03\/Poster-2-1024-768x1197.jpg 768w, https:\/\/agora.xtec.cat\/iespviana\/wp-content\/uploads\/usu1199\/2021\/03\/Poster-2-1024-657x1024.jpg 657w\" sizes=\"auto, (max-width: 1024px) 100vw, 1024px\" \/><\/p>\n","protected":false},"excerpt":{"rendered":"<p>El\u00a0Dia Internacional de les Dones\u00a0o\u00a0Dia de la Dona Treballadora se celebra el 8 de mar\u00e7 de cada any i est\u00e0 [&hellip;]<\/p>\n","protected":false},"author":1,"featured_media":7027,"comment_status":"closed","ping_status":"closed","sticky":false,"template":"","format":"standard","meta":{"_bbp_topic_count":0,"_bbp_reply_count":0,"_bbp_total_topic_count":0,"_bbp_total_reply_count":0,"_bbp_voice_count":0,"_bbp_anonymous_reply_count":0,"_bbp_topic_count_hidden":0,"_bbp_reply_count_hidden":0,"_bbp_forum_subforum_count":0,"site-sidebar-layout":"default","site-content-layout":"","ast-site-content-layout":"","site-content-style":"default","site-sidebar-style":"default","ast-global-header-display":"","ast-banner-title-visibility":"","ast-main-header-display":"","ast-hfb-above-header-display":"","ast-hfb-below-header-display":"","ast-hfb-mobile-header-display":"","site-post-title":"","ast-breadcrumbs-content":"","ast-featured-img":"","footer-sml-layout":"","theme-transparent-header-meta":"","adv-header-id-meta":"","stick-header-meta":"","header-above-stick-meta":"","header-main-stick-meta":"","header-below-stick-meta":"","astra-migrate-meta-layouts":"default","ast-page-background-enabled":"default","ast-page-background-meta":{"desktop":{"background-color":"var(--ast-global-color-4)","background-image":"","background-repeat":"repeat","background-position":"center center","background-size":"auto","background-attachment":"scroll","background-type":"","background-media":"","overlay-type":"","overlay-color":"","overlay-opacity":"","overlay-gradient":""},"tablet":{"background-color":"","background-image":"","background-repeat":"repeat","background-position":"center center","background-size":"auto","background-attachment":"scroll","background-type":"","background-media":"","overlay-type":"","overlay-color":"","overlay-opacity":"","overlay-gradient":""},"mobile":{"background-color":"","background-image":"","background-repeat":"repeat","background-position":"center center","background-size":"auto","background-attachment":"scroll","background-type":"","background-media":"","overlay-type":"","overlay-color":"","overlay-opacity":"","overlay-gradient":""}},"ast-content-background-meta":{"desktop":{"background-color":"var(--ast-global-color-5)","background-image":"","background-repeat":"repeat","background-position":"center center","background-size":"auto","background-attachment":"scroll","background-type":"","background-media":"","overlay-type":"","overlay-color":"","overlay-opacity":"","overlay-gradient":""},"tablet":{"background-color":"var(--ast-global-color-5)","background-image":"","background-repeat":"repeat","background-position":"center center","background-size":"auto","background-attachment":"scroll","background-type":"","background-media":"","overlay-type":"","overlay-color":"","overlay-opacity":"","overlay-gradient":""},"mobile":{"background-color":"var(--ast-global-color-5)","background-image":"","background-repeat":"repeat","background-position":"center center","background-size":"auto","background-attachment":"scroll","background-type":"","background-media":"","overlay-type":"","overlay-color":"","overlay-opacity":"","overlay-gradient":""}},"footnotes":""},"categories":[3,4,9,10,11,52,5,14,15,16,53,137,7,24,25,26,1,29],"tags":[],"class_list":["post-7019","post","type-post","status-publish","format-standard","has-post-thumbnail","hentry","category-eso","category-eso-1","category-eso-1a","category-eso-1b","category-eso-1c","category-eso-1d","category-eso-2","category-eso-2a","category-eso-2b","category-eso-2c","category-eso-2d","category-eso-2e","category-eso-4","category-eso-4a","category-eso-4b","category-eso-4c","category-general","category-noticies"],"post_mailing_queue_ids":[],"_links":{"self":[{"href":"https:\/\/agora.xtec.cat\/iespviana\/wp-json\/wp\/v2\/posts\/7019","targetHints":{"allow":["GET"]}}],"collection":[{"href":"https:\/\/agora.xtec.cat\/iespviana\/wp-json\/wp\/v2\/posts"}],"about":[{"href":"https:\/\/agora.xtec.cat\/iespviana\/wp-json\/wp\/v2\/types\/post"}],"author":[{"embeddable":true,"href":"https:\/\/agora.xtec.cat\/iespviana\/wp-json\/wp\/v2\/users\/1"}],"replies":[{"embeddable":true,"href":"https:\/\/agora.xtec.cat\/iespviana\/wp-json\/wp\/v2\/comments?post=7019"}],"version-history":[{"count":3,"href":"https:\/\/agora.xtec.cat\/iespviana\/wp-json\/wp\/v2\/posts\/7019\/revisions"}],"predecessor-version":[{"id":7029,"href":"https:\/\/agora.xtec.cat\/iespviana\/wp-json\/wp\/v2\/posts\/7019\/revisions\/7029"}],"wp:featuredmedia":[{"embeddable":true,"href":"https:\/\/agora.xtec.cat\/iespviana\/wp-json\/wp\/v2\/media\/7027"}],"wp:attachment":[{"href":"https:\/\/agora.xtec.cat\/iespviana\/wp-json\/wp\/v2\/media?parent=7019"}],"wp:term":[{"taxonomy":"category","embeddable":true,"href":"https:\/\/agora.xtec.cat\/iespviana\/wp-json\/wp\/v2\/categories?post=7019"},{"taxonomy":"post_tag","embeddable":true,"href":"https:\/\/agora.xtec.cat\/iespviana\/wp-json\/wp\/v2\/tags?post=7019"}],"curies":[{"name":"wp","href":"https:\/\/api.w.org\/{rel}","templated":true}]}}