{"id":6438,"date":"2020-07-01T12:13:52","date_gmt":"2020-07-01T10:13:52","guid":{"rendered":"http:\/\/agora.xtec.cat\/iespviana\/?p=6438"},"modified":"2020-07-01T12:17:33","modified_gmt":"2020-07-01T10:17:33","slug":"mercat-de-llibres-de-2a-ma-ampa-mitjancant-formulari","status":"publish","type":"post","link":"https:\/\/agora.xtec.cat\/iespviana\/general\/mercat-de-llibres-de-2a-ma-ampa-mitjancant-formulari\/","title":{"rendered":"MERCAT DE LLIBRES DE 2a M\u00c0 (AMPA) MITJAN\u00c7ANT FORMULARI"},"content":{"rendered":"<p><span style=\"color: #000000;\">Benvolgudes fam\u00edlies,<\/span><\/p>\n<p><span style=\"color: #000000;\">Aquest any amb les precaucions del Covid-19, no podem realitzar el Mercat de llibres de segona m\u00e0 tal i com el coneixeu.<\/span><\/p>\n<p>La Junta de l&#8217;Ampa despr\u00e9s de pensar-hi molt, juntament amb l&#8217;equip directiu del centre, hem arribat a la conclusi\u00f3 que el millor per aquest curs \u00e9s fer-ho individualment.<\/p>\n<p><span style=\"color: #000000;\"><b>Qu\u00e8 volem dir?<\/b><br \/>\n<\/span><\/p>\n<p><span style=\"color: #000000;\">Aquest any us heu de posar en contacte entre les fam\u00edlies per poder passar-vos els llibres.<\/span><\/p>\n<p><span style=\"color: #000000;\"><b>Com ho podeu fer?<\/b><br \/>\n<\/span><\/p>\n<p><span style=\"color: #000000;\">Us passem els formularis, de VENDA i de COMPRA dels llibres pel curs vinent.\u00a0<\/span><\/p>\n<h5><span style=\"color: #000000;\"> <a href=\"https:\/\/drive.google.com\/file\/d\/1gQQimaDZiBKhYmNelXhRglFuY1_v8VDh\/view?usp=sharing\" target=\"_blank\" rel=\"noopener noreferrer\">Enlla\u00e7 als formularis compra-venda llibres<\/a><\/span><\/h5>\n<p>&nbsp;<\/p>\n<div>\n<p><span style=\"color: #000000;\">Heu d&#8217;omplir els formularis que us interessin i donar les dades de contacte que es demanen en el formulari, AUTORITZANT A L&#8217;AMPA QUE PASSI EL VOSTRE CONTACTE A UNA ALTRA FAM\u00cdLIA DEL CENTRE.<\/span><\/p>\n<p><span style=\"color: #000000;\">I enviar la resposta abans del DIUMENGE 5 DE JULIOL A LES 24:00 H.<\/span><\/p>\n<p><span style=\"color: #000000;\"><b>Ara, qu\u00e8 fan les col\u00b7laboradores de l&#8217;Ampa?<\/b><br \/>\n<\/span><\/p>\n<p><span style=\"color: #000000;\">Un cop rebem totes les sol\u00b7licituds de compra i venda de llibres, creuem les dades i us enviem les fam\u00edlies que us poden administrar els llibres que necessiteu, com a molt tard el DIVENDRES 10 DE JULIOL A LES 24:00 H.<br \/>\n<\/span><\/p>\n<p><span style=\"color: #000000;\"><b>Qu\u00e8 he de fer un cop tinc el contacte de les altres fam\u00edlies?<\/b><br \/>\n<\/span><\/p>\n<p><span style=\"color: #000000;\">Un cop teniu el contacte de les altres fam\u00edlies heu de quedar amb elles, sempre seguint les normes de precauci\u00f3 de la Covid-19 i fer l&#8217;intercanvi entre vosaltres.<\/span><\/p>\n<p style=\"text-align: center;\"><span style=\"font-size: large; color: #ff0000;\"><b>RECORDEU QUE ELS PREUS DELS LLIBRES S\u00d3N 10 EUROS ELS DE TEXT I 5 EUROS ELS DE LECTURA<\/b><\/span><\/p>\n<p>&nbsp;<\/p>\n<div>\n<div dir=\"ltr\">\n<div dir=\"ltr\">\n<div dir=\"ltr\">\n<p><span style=\"color: #000000;\"><span style=\"font-family: Verdana; font-size: small;\">Gr\u00e0cies per la vostra col\u00b7laboraci\u00f3, qualsevol dubte podeu contactar amb nosaltres, i sobretot si necessiteu ajuda.<\/span><\/span><\/p>\n<div class=\"gs\">\n<div class=\"\">\n<div id=\":ot\" class=\"ii gt\">\n<div id=\":os\" class=\"a3s aXjCH \">\n<div dir=\"ltr\">\n<div>\n<div>\n<div dir=\"ltr\">\n<div dir=\"ltr\">\n<div>\n<div dir=\"ltr\">\n<div>\n<div dir=\"ltr\"><span style=\"font-size: small;\"><b><span style=\"font-family: Verdana;\">AMPA\u00a0PR\u00cdNCEP DE\u00a0VIANA<br \/>\n<\/span><\/b><a href=\"http:\/\/ampaiesprincepdeviana.blogspot.com\/\" target=\"_blank\" rel=\"noopener noreferrer\" data-saferedirecturl=\"https:\/\/www.google.com\/url?q=http:\/\/ampaiesprincepdeviana.blogspot.com\/&amp;source=gmail&amp;ust=1593675352730000&amp;usg=AFQjCNGrv8PiQjzqmUYdhPbUwZtsx7RPTg\">http:\/\/ampaiesprincepdeviana.<wbr \/>blogspot.com<\/a><br \/>\n<a href=\"https:\/\/es-es.facebook.com\/ampa.princepdeviana\" target=\"_blank\" rel=\"noopener noreferrer\" data-saferedirecturl=\"https:\/\/www.google.com\/url?q=https:\/\/es-es.facebook.com\/ampa.princepdeviana&amp;source=gmail&amp;ust=1593675352730000&amp;usg=AFQjCNH7xk8F12Z_xApvGEURdyeff91uFg\">https:\/\/es-es.facebook.com\/<wbr \/>ampa.princepdeviana<\/a><br \/>\n<\/span><\/div>\n<div><span style=\"color: #888888;\"><span style=\"font-size: small;\">@ampa_pdv<\/span><\/span><\/div>\n<\/div>\n<\/div>\n<\/div>\n<\/div>\n<\/div>\n<\/div>\n<\/div>\n<\/div>\n<div class=\"yj6qo\"><\/div>\n<div class=\"adL\"><\/div>\n<\/div>\n<\/div>\n<div class=\"hi\">\n<div class=\"gs\">\n<div class=\"\">\n<div id=\":ot\" class=\"ii gt\">\n<div id=\":os\" class=\"a3s aXjCH \">\n<div dir=\"ltr\">\n<div>\n<div>\n<div dir=\"ltr\">\n<div dir=\"ltr\">\n<div>\n<div dir=\"ltr\">\n<div><\/div>\n<\/div>\n<\/div>\n<\/div>\n<\/div>\n<\/div>\n<\/div>\n<\/div>\n<div class=\"yj6qo\"><\/div>\n<\/div>\n<\/div>\n<\/div>\n<\/div>\n<\/div>\n<\/div>\n<\/div>\n<\/div>\n<\/div>\n<\/div>\n<\/div>\n<\/div>\n","protected":false},"excerpt":{"rendered":"<p>Benvolgudes fam\u00edlies, Aquest any amb les precaucions del Covid-19, no podem realitzar el Mercat de llibres de segona m\u00e0 tal [&hellip;]<\/p>\n","protected":false},"author":1,"featured_media":0,"comment_status":"closed","ping_status":"closed","sticky":false,"template":"","format":"standard","meta":{"_bbp_topic_count":0,"_bbp_reply_count":0,"_bbp_total_topic_count":0,"_bbp_total_reply_count":0,"_bbp_voice_count":0,"_bbp_anonymous_reply_count":0,"_bbp_topic_count_hidden":0,"_bbp_reply_count_hidden":0,"_bbp_forum_subforum_count":0,"site-sidebar-layout":"default","site-content-layout":"","ast-site-content-layout":"","site-content-style":"default","site-sidebar-style":"default","ast-global-header-display":"","ast-banner-title-visibility":"","ast-main-header-display":"","ast-hfb-above-header-display":"","ast-hfb-below-header-display":"","ast-hfb-mobile-header-display":"","site-post-title":"","ast-breadcrumbs-content":"","ast-featured-img":"","footer-sml-layout":"","theme-transparent-header-meta":"","adv-header-id-meta":"","stick-header-meta":"","header-above-stick-meta":"","header-main-stick-meta":"","header-below-stick-meta":"","astra-migrate-meta-layouts":"default","ast-page-background-enabled":"default","ast-page-background-meta":{"desktop":{"background-color":"var(--ast-global-color-4)","background-image":"","background-repeat":"repeat","background-position":"center center","background-size":"auto","background-attachment":"scroll","background-type":"","background-media":"","overlay-type":"","overlay-color":"","overlay-opacity":"","overlay-gradient":""},"tablet":{"background-color":"","background-image":"","background-repeat":"repeat","background-position":"center center","background-size":"auto","background-attachment":"scroll","background-type":"","background-media":"","overlay-type":"","overlay-color":"","overlay-opacity":"","overlay-gradient":""},"mobile":{"background-color":"","background-image":"","background-repeat":"repeat","background-position":"center center","background-size":"auto","background-attachment":"scroll","background-type":"","background-media":"","overlay-type":"","overlay-color":"","overlay-opacity":"","overlay-gradient":""}},"ast-content-background-meta":{"desktop":{"background-color":"var(--ast-global-color-5)","background-image":"","background-repeat":"repeat","background-position":"center center","background-size":"auto","background-attachment":"scroll","background-type":"","background-media":"","overlay-type":"","overlay-color":"","overlay-opacity":"","overlay-gradient":""},"tablet":{"background-color":"var(--ast-global-color-5)","background-image":"","background-repeat":"repeat","background-position":"center center","background-size":"auto","background-attachment":"scroll","background-type":"","background-media":"","overlay-type":"","overlay-color":"","overlay-opacity":"","overlay-gradient":""},"mobile":{"background-color":"var(--ast-global-color-5)","background-image":"","background-repeat":"repeat","background-position":"center center","background-size":"auto","background-attachment":"scroll","background-type":"","background-media":"","overlay-type":"","overlay-color":"","overlay-opacity":"","overlay-gradient":""}},"footnotes":""},"categories":[8,4,5,6,7,1,29],"tags":[],"class_list":["post-6438","post","type-post","status-publish","format-standard","hentry","category-batxillerat","category-eso-1","category-eso-2","category-eso-3","category-eso-4","category-general","category-noticies"],"post_mailing_queue_ids":[],"_links":{"self":[{"href":"https:\/\/agora.xtec.cat\/iespviana\/wp-json\/wp\/v2\/posts\/6438","targetHints":{"allow":["GET"]}}],"collection":[{"href":"https:\/\/agora.xtec.cat\/iespviana\/wp-json\/wp\/v2\/posts"}],"about":[{"href":"https:\/\/agora.xtec.cat\/iespviana\/wp-json\/wp\/v2\/types\/post"}],"author":[{"embeddable":true,"href":"https:\/\/agora.xtec.cat\/iespviana\/wp-json\/wp\/v2\/users\/1"}],"replies":[{"embeddable":true,"href":"https:\/\/agora.xtec.cat\/iespviana\/wp-json\/wp\/v2\/comments?post=6438"}],"version-history":[{"count":4,"href":"https:\/\/agora.xtec.cat\/iespviana\/wp-json\/wp\/v2\/posts\/6438\/revisions"}],"predecessor-version":[{"id":6453,"href":"https:\/\/agora.xtec.cat\/iespviana\/wp-json\/wp\/v2\/posts\/6438\/revisions\/6453"}],"wp:attachment":[{"href":"https:\/\/agora.xtec.cat\/iespviana\/wp-json\/wp\/v2\/media?parent=6438"}],"wp:term":[{"taxonomy":"category","embeddable":true,"href":"https:\/\/agora.xtec.cat\/iespviana\/wp-json\/wp\/v2\/categories?post=6438"},{"taxonomy":"post_tag","embeddable":true,"href":"https:\/\/agora.xtec.cat\/iespviana\/wp-json\/wp\/v2\/tags?post=6438"}],"curies":[{"name":"wp","href":"https:\/\/api.w.org\/{rel}","templated":true}]}}