{"id":6173,"date":"2020-05-19T10:00:43","date_gmt":"2020-05-19T08:00:43","guid":{"rendered":"http:\/\/agora.xtec.cat\/iespviana\/?p=6173"},"modified":"2020-05-23T18:27:02","modified_gmt":"2020-05-23T16:27:02","slug":"programacion-micropython-a-3r-deso","status":"publish","type":"post","link":"https:\/\/agora.xtec.cat\/iespviana\/general\/programacion-micropython-a-3r-deso\/","title":{"rendered":"PROGRAMACI\u00d3N microPYTHON a 3r d\u2019ESO"},"content":{"rendered":"<p><iframe loading=\"lazy\" src=\"https:\/\/player.vimeo.com\/video\/421834680\" width=\"640\" height=\"360\" frameborder=\"0\"><span data-mce-type=\"bookmark\" style=\"display: inline-block; width: 0px; overflow: hidden; line-height: 0;\" class=\"mce_SELRES_start\">\ufeff<\/span><\/iframe><\/p>\n<p>&nbsp;<\/p>\n<p style=\"text-align: justify;\">Dintre de la\u00a0<b>dotzena edici\u00f3 de la Jornada Programa<\/b>, dedicada a l\u2019intercanvi d\u2019experi\u00e8ncies did\u00e0ctiques on s\u2019empren entorns de programaci\u00f3 i de rob\u00f2tica educatives, organitzada pel Departament d&#8217;Educaci\u00f3 en col\u00b7laboraci\u00f3 amb Citilab, el nostre Institut presenta la pon\u00e8ncia<\/p>\n<p style=\"text-align: justify;\"><i><b>Programaci\u00f3 microPython a 3r d\u2019ESO amb D1 mini ESP8266<\/b><br \/>\n<\/i><\/p>\n<p style=\"text-align: justify;\">Que relata com, al llarg dels darrers dos anys, els professors del nostre centre Jose Toro i Jordi Orts, juntament\u00a0amb els dos alumnes de m\u00e0ster de la UPC Borja D\u00edaz i \u00c0lex P\u00e9rez, han experimentat amb les darreres dues promocions d&#8217;alumnes de 3r d\u2019ESO programant amb micropython dispositius f\u00edsics D1 mini (i enguany virtuals adaptant-nos al confinament per Coronavirus) amb for\u00e7a \u00e8xit. Els alumnes fan un projecte final (tel\u00e8graf o estaci\u00f3 meteorol\u00f2gica) integrant els sis m\u00f2duls hardware (D1 mini, polsador, brunzidor, display OLED, sensor temperatura i humitat, set leds RGB). Properament alliberarem tota la documentaci\u00f3 per a qu\u00e8 altres centres se n\u2019aprofitin.<\/p>\n<p style=\"text-align: justify;\">La Jornada de programaci\u00f3 i rob\u00f2tica educatives es duu a terme, des de la seva primera edici\u00f3, emmarcada dins del\u00a0<b>Dia Internacional d\u2019Internet<\/b>, el\u00a0<b>Dia Internacional de l\u2019Scratch<\/b>\u00a0i, darrerament, la\u00a0<b>Europe Code Week<\/b>.<\/p>\n<p>&nbsp;<\/p>\n","protected":false},"excerpt":{"rendered":"<p>\ufeff &nbsp; Dintre de la\u00a0dotzena edici\u00f3 de la Jornada Programa, dedicada a l\u2019intercanvi d\u2019experi\u00e8ncies did\u00e0ctiques on s\u2019empren entorns de programaci\u00f3 [&hellip;]<\/p>\n","protected":false},"author":1,"featured_media":6202,"comment_status":"open","ping_status":"closed","sticky":false,"template":"","format":"standard","meta":{"_bbp_topic_count":0,"_bbp_reply_count":0,"_bbp_total_topic_count":0,"_bbp_total_reply_count":0,"_bbp_voice_count":0,"_bbp_anonymous_reply_count":0,"_bbp_topic_count_hidden":0,"_bbp_reply_count_hidden":0,"_bbp_forum_subforum_count":0,"site-sidebar-layout":"default","site-content-layout":"","ast-site-content-layout":"","site-content-style":"default","site-sidebar-style":"default","ast-global-header-display":"","ast-banner-title-visibility":"","ast-main-header-display":"","ast-hfb-above-header-display":"","ast-hfb-below-header-display":"","ast-hfb-mobile-header-display":"","site-post-title":"","ast-breadcrumbs-content":"","ast-featured-img":"","footer-sml-layout":"","theme-transparent-header-meta":"","adv-header-id-meta":"","stick-header-meta":"","header-above-stick-meta":"","header-main-stick-meta":"","header-below-stick-meta":"","astra-migrate-meta-layouts":"default","ast-page-background-enabled":"default","ast-page-background-meta":{"desktop":{"background-color":"var(--ast-global-color-4)","background-image":"","background-repeat":"repeat","background-position":"center center","background-size":"auto","background-attachment":"scroll","background-type":"","background-media":"","overlay-type":"","overlay-color":"","overlay-opacity":"","overlay-gradient":""},"tablet":{"background-color":"","background-image":"","background-repeat":"repeat","background-position":"center center","background-size":"auto","background-attachment":"scroll","background-type":"","background-media":"","overlay-type":"","overlay-color":"","overlay-opacity":"","overlay-gradient":""},"mobile":{"background-color":"","background-image":"","background-repeat":"repeat","background-position":"center center","background-size":"auto","background-attachment":"scroll","background-type":"","background-media":"","overlay-type":"","overlay-color":"","overlay-opacity":"","overlay-gradient":""}},"ast-content-background-meta":{"desktop":{"background-color":"var(--ast-global-color-5)","background-image":"","background-repeat":"repeat","background-position":"center center","background-size":"auto","background-attachment":"scroll","background-type":"","background-media":"","overlay-type":"","overlay-color":"","overlay-opacity":"","overlay-gradient":""},"tablet":{"background-color":"var(--ast-global-color-5)","background-image":"","background-repeat":"repeat","background-position":"center center","background-size":"auto","background-attachment":"scroll","background-type":"","background-media":"","overlay-type":"","overlay-color":"","overlay-opacity":"","overlay-gradient":""},"mobile":{"background-color":"var(--ast-global-color-5)","background-image":"","background-repeat":"repeat","background-position":"center center","background-size":"auto","background-attachment":"scroll","background-type":"","background-media":"","overlay-type":"","overlay-color":"","overlay-opacity":"","overlay-gradient":""}},"footnotes":""},"categories":[6,19,20,21,1,29],"tags":[],"class_list":["post-6173","post","type-post","status-publish","format-standard","has-post-thumbnail","hentry","category-eso-3","category-eso-3a","category-eso-3b","category-eso-3c","category-general","category-noticies"],"post_mailing_queue_ids":[],"_links":{"self":[{"href":"https:\/\/agora.xtec.cat\/iespviana\/wp-json\/wp\/v2\/posts\/6173","targetHints":{"allow":["GET"]}}],"collection":[{"href":"https:\/\/agora.xtec.cat\/iespviana\/wp-json\/wp\/v2\/posts"}],"about":[{"href":"https:\/\/agora.xtec.cat\/iespviana\/wp-json\/wp\/v2\/types\/post"}],"author":[{"embeddable":true,"href":"https:\/\/agora.xtec.cat\/iespviana\/wp-json\/wp\/v2\/users\/1"}],"replies":[{"embeddable":true,"href":"https:\/\/agora.xtec.cat\/iespviana\/wp-json\/wp\/v2\/comments?post=6173"}],"version-history":[{"count":3,"href":"https:\/\/agora.xtec.cat\/iespviana\/wp-json\/wp\/v2\/posts\/6173\/revisions"}],"predecessor-version":[{"id":6199,"href":"https:\/\/agora.xtec.cat\/iespviana\/wp-json\/wp\/v2\/posts\/6173\/revisions\/6199"}],"wp:featuredmedia":[{"embeddable":true,"href":"https:\/\/agora.xtec.cat\/iespviana\/wp-json\/wp\/v2\/media\/6202"}],"wp:attachment":[{"href":"https:\/\/agora.xtec.cat\/iespviana\/wp-json\/wp\/v2\/media?parent=6173"}],"wp:term":[{"taxonomy":"category","embeddable":true,"href":"https:\/\/agora.xtec.cat\/iespviana\/wp-json\/wp\/v2\/categories?post=6173"},{"taxonomy":"post_tag","embeddable":true,"href":"https:\/\/agora.xtec.cat\/iespviana\/wp-json\/wp\/v2\/tags?post=6173"}],"curies":[{"name":"wp","href":"https:\/\/api.w.org\/{rel}","templated":true}]}}