{"id":5634,"date":"2020-03-05T20:39:32","date_gmt":"2020-03-05T19:39:32","guid":{"rendered":"http:\/\/agora.xtec.cat\/iespviana\/?p=5634"},"modified":"2020-03-06T11:51:59","modified_gmt":"2020-03-06T10:51:59","slug":"visita-al-museu-de-matematiques-de-catalunya","status":"publish","type":"post","link":"https:\/\/agora.xtec.cat\/iespviana\/general\/visita-al-museu-de-matematiques-de-catalunya\/","title":{"rendered":"VISITA AL MUSEU DE MATEM\u00c0TIQUES DE CATALUNYA"},"content":{"rendered":"<p style=\"text-align: justify;\">El dimarts 3 de mar\u00e7 els alumnes de 3r d&#8217;ESO han anat al Museu de les Matem\u00e0tiques de Catalunya ubicat al Palau de Can Mercader.<\/p>\n<p style=\"text-align: justify;\">All\u00e0 han pogut visitar les diferents sales del museu i descobrir i treballar conceptes matem\u00e0tics, nous o coneguts, a trav\u00e9s de l&#8217;observaci\u00f3 i la manipulaci\u00f3 dels materials.<\/p>\n<p style=\"text-align: justify;\">Tamb\u00e9 han fet una gimcana pel parc de can Mercader per intentar descobrir el que amaga la caixa de Pandora, una calaixera de m\u00e9s de 100 calaixos tancats. Per equips, amb un mapa i unes preguntes inicials, han anat resolent els enigmes que els han perm\u00e8s obrir d&#8217;un en un els diferents cadenats i aconseguir nous reptes. Els alumnes s&#8217;han divertit tot treballant diferents aspectes de les matem\u00e0tiques, com per exemple el raonament l\u00f2gic i espacial, el c\u00e0lcul d&#8217;angles, la resoluci\u00f3 d&#8217;equacions i de problemes de combinat\u00f2ria, geometria i c\u00e0lcul. Els equips que han completat la gimcana s&#8217;han endut un petit premi a casa.<\/p>\n<p><img loading=\"lazy\" decoding=\"async\" class=\"aligncenter size-full wp-image-5638\" src=\"https:\/\/agora.xtec.cat\/iespviana\/wp-content\/uploads\/usu1199\/2020\/03\/20200303_103259_opt.jpg\" alt=\"\" width=\"400\" height=\"195\" srcset=\"https:\/\/agora.xtec.cat\/iespviana\/wp-content\/uploads\/usu1199\/2020\/03\/20200303_103259_opt.jpg 400w, https:\/\/agora.xtec.cat\/iespviana\/wp-content\/uploads\/usu1199\/2020\/03\/20200303_103259_opt-300x146.jpg 300w\" sizes=\"auto, (max-width: 400px) 100vw, 400px\" \/><\/p>\n<p><a href=\"https:\/\/photos.app.goo.gl\/UReuRJ16AQFTa2WG6\" target=\"_blank\" rel=\"noopener noreferrer\">Fotos de la visita<\/a><\/p>\n","protected":false},"excerpt":{"rendered":"<p>El dimarts 3 de mar\u00e7 els alumnes de 3r d&#8217;ESO han anat al Museu de les Matem\u00e0tiques de Catalunya ubicat [&hellip;]<\/p>\n","protected":false},"author":1,"featured_media":5638,"comment_status":"closed","ping_status":"closed","sticky":false,"template":"","format":"standard","meta":{"_bbp_topic_count":0,"_bbp_reply_count":0,"_bbp_total_topic_count":0,"_bbp_total_reply_count":0,"_bbp_voice_count":0,"_bbp_anonymous_reply_count":0,"_bbp_topic_count_hidden":0,"_bbp_reply_count_hidden":0,"_bbp_forum_subforum_count":0,"site-sidebar-layout":"default","site-content-layout":"","ast-site-content-layout":"","site-content-style":"default","site-sidebar-style":"default","ast-global-header-display":"","ast-banner-title-visibility":"","ast-main-header-display":"","ast-hfb-above-header-display":"","ast-hfb-below-header-display":"","ast-hfb-mobile-header-display":"","site-post-title":"","ast-breadcrumbs-content":"","ast-featured-img":"","footer-sml-layout":"","theme-transparent-header-meta":"","adv-header-id-meta":"","stick-header-meta":"","header-above-stick-meta":"","header-main-stick-meta":"","header-below-stick-meta":"","astra-migrate-meta-layouts":"default","ast-page-background-enabled":"default","ast-page-background-meta":{"desktop":{"background-color":"var(--ast-global-color-4)","background-image":"","background-repeat":"repeat","background-position":"center center","background-size":"auto","background-attachment":"scroll","background-type":"","background-media":"","overlay-type":"","overlay-color":"","overlay-opacity":"","overlay-gradient":""},"tablet":{"background-color":"","background-image":"","background-repeat":"repeat","background-position":"center center","background-size":"auto","background-attachment":"scroll","background-type":"","background-media":"","overlay-type":"","overlay-color":"","overlay-opacity":"","overlay-gradient":""},"mobile":{"background-color":"","background-image":"","background-repeat":"repeat","background-position":"center center","background-size":"auto","background-attachment":"scroll","background-type":"","background-media":"","overlay-type":"","overlay-color":"","overlay-opacity":"","overlay-gradient":""}},"ast-content-background-meta":{"desktop":{"background-color":"var(--ast-global-color-5)","background-image":"","background-repeat":"repeat","background-position":"center center","background-size":"auto","background-attachment":"scroll","background-type":"","background-media":"","overlay-type":"","overlay-color":"","overlay-opacity":"","overlay-gradient":""},"tablet":{"background-color":"var(--ast-global-color-5)","background-image":"","background-repeat":"repeat","background-position":"center center","background-size":"auto","background-attachment":"scroll","background-type":"","background-media":"","overlay-type":"","overlay-color":"","overlay-opacity":"","overlay-gradient":""},"mobile":{"background-color":"var(--ast-global-color-5)","background-image":"","background-repeat":"repeat","background-position":"center center","background-size":"auto","background-attachment":"scroll","background-type":"","background-media":"","overlay-type":"","overlay-color":"","overlay-opacity":"","overlay-gradient":""}},"footnotes":""},"categories":[6,19,20,21,1,29],"tags":[],"class_list":["post-5634","post","type-post","status-publish","format-standard","has-post-thumbnail","hentry","category-eso-3","category-eso-3a","category-eso-3b","category-eso-3c","category-general","category-noticies"],"post_mailing_queue_ids":[],"_links":{"self":[{"href":"https:\/\/agora.xtec.cat\/iespviana\/wp-json\/wp\/v2\/posts\/5634","targetHints":{"allow":["GET"]}}],"collection":[{"href":"https:\/\/agora.xtec.cat\/iespviana\/wp-json\/wp\/v2\/posts"}],"about":[{"href":"https:\/\/agora.xtec.cat\/iespviana\/wp-json\/wp\/v2\/types\/post"}],"author":[{"embeddable":true,"href":"https:\/\/agora.xtec.cat\/iespviana\/wp-json\/wp\/v2\/users\/1"}],"replies":[{"embeddable":true,"href":"https:\/\/agora.xtec.cat\/iespviana\/wp-json\/wp\/v2\/comments?post=5634"}],"version-history":[{"count":3,"href":"https:\/\/agora.xtec.cat\/iespviana\/wp-json\/wp\/v2\/posts\/5634\/revisions"}],"predecessor-version":[{"id":5641,"href":"https:\/\/agora.xtec.cat\/iespviana\/wp-json\/wp\/v2\/posts\/5634\/revisions\/5641"}],"wp:featuredmedia":[{"embeddable":true,"href":"https:\/\/agora.xtec.cat\/iespviana\/wp-json\/wp\/v2\/media\/5638"}],"wp:attachment":[{"href":"https:\/\/agora.xtec.cat\/iespviana\/wp-json\/wp\/v2\/media?parent=5634"}],"wp:term":[{"taxonomy":"category","embeddable":true,"href":"https:\/\/agora.xtec.cat\/iespviana\/wp-json\/wp\/v2\/categories?post=5634"},{"taxonomy":"post_tag","embeddable":true,"href":"https:\/\/agora.xtec.cat\/iespviana\/wp-json\/wp\/v2\/tags?post=5634"}],"curies":[{"name":"wp","href":"https:\/\/api.w.org\/{rel}","templated":true}]}}