{"id":5403,"date":"2019-11-27T20:35:29","date_gmt":"2019-11-27T19:35:29","guid":{"rendered":"http:\/\/agora.xtec.cat\/iespviana\/?p=5403"},"modified":"2019-11-27T20:39:56","modified_gmt":"2019-11-27T19:39:56","slug":"xi-setmana-europea-de-la-prevencio-de-residus","status":"publish","type":"post","link":"https:\/\/agora.xtec.cat\/iespviana\/general\/xi-setmana-europea-de-la-prevencio-de-residus\/","title":{"rendered":"XI SETMANA EUROPEA DE LA PREVENCI\u00d3 DE RESIDUS"},"content":{"rendered":"<p><span style=\"font-family: arial, sans-serif;\">Del 16 al 24 de novembre s&#8217;ha celebrat la <b>XI setmana Europea de la Prevenci\u00f3 de Residus<\/b> i des de l&#8217;institut hi hem participat omplint un <span style=\"color: #ff0000;\">Arbre de la Vida<\/span> amb missatges de comunicaci\u00f3 i sensibilitzaci\u00f3 sobre la prevenci\u00f3 de residus.<\/span><\/p>\n<p><span style=\"font-family: arial, sans-serif;\">L&#8217;Arbre de la Vida s&#8217;inspira en una antiga creen\u00e7a japonesa segons la qual hi ha un fil vermell invisible que connecta les persones que estan predestinades a con\u00e8ixer-se. L&#8217;alumnat ha omplert les brnaques\u00a0d&#8217;aquest arbre amb petites targetes decorades o escrites amb missatges per compartir les seves idees per millorar la reducci\u00f3 de residus.<\/span><\/p>\n<p><span style=\"font-family: arial, sans-serif;\">Per al disseny de l\u2019arbre s\u2019ha pensat en la sinergia del <b>Bosc de la Vida<\/b>, on es genera un clima de solidaritat i de treball.\u00a0El s\u00edmbol de l\u2019arbre no \u00e9s est\u00e0tic sin\u00f3 t\u00e9 el moviment de caminar. Significa que\u00a0<\/span>la campanya de difusi\u00f3 i sensibilitzaci\u00f3 ambiental en el nostre Institut t\u00e9 una participaci\u00f3 individual i a la vegada un objectiu com\u00fa, tots avancem cap a un futur, cap a un m\u00f3n m\u00e9s sostenible.<\/p>\n<p>Pel que fa a la simbologia dels colors, hi podem trobar:<\/p>\n<div>\n<ol>\n<li>Gamma c\u00e0lida: <span style=\"color: #000000;\">estan formats per els <\/span>grocs, taronges, els vermells fins el lila<span style=\"color: #000000;\">.<\/span> Expressen <span style=\"color: #000000;\">dinamisme, proximitat i alegria.<\/span><\/li>\n<li><span style=\"color: #000000;\">Gamma <\/span><span style=\"color: #000000;\">freda: estan formats per els blaus, verds i violeta. Son relaxants i evoquen l\u2019aigua i el firmament.<\/span><\/li>\n<\/ol>\n<p><span style=\"color: #000000; font-family: arial, sans-serif;\">I si observeu amb atenci\u00f3 l&#8217;arbre hi trobareu els s\u00edmbols B O S C.<\/span><\/p>\n<p><a href=\"https:\/\/photos.app.goo.gl\/YNfZeX6e25Q9t2yi8\" target=\"_blank\" rel=\"noopener noreferrer\">Fotografies de l&#8217;activitat<\/a><\/p>\n<\/div>\n","protected":false},"excerpt":{"rendered":"<p>Del 16 al 24 de novembre s&#8217;ha celebrat la XI setmana Europea de la Prevenci\u00f3 de Residus i des de [&hellip;]<\/p>\n","protected":false},"author":1,"featured_media":5406,"comment_status":"closed","ping_status":"closed","sticky":false,"template":"","format":"standard","meta":{"_bbp_topic_count":0,"_bbp_reply_count":0,"_bbp_total_topic_count":0,"_bbp_total_reply_count":0,"_bbp_voice_count":0,"_bbp_anonymous_reply_count":0,"_bbp_topic_count_hidden":0,"_bbp_reply_count_hidden":0,"_bbp_forum_subforum_count":0,"site-sidebar-layout":"default","site-content-layout":"","ast-site-content-layout":"","site-content-style":"default","site-sidebar-style":"default","ast-global-header-display":"","ast-banner-title-visibility":"","ast-main-header-display":"","ast-hfb-above-header-display":"","ast-hfb-below-header-display":"","ast-hfb-mobile-header-display":"","site-post-title":"","ast-breadcrumbs-content":"","ast-featured-img":"","footer-sml-layout":"","theme-transparent-header-meta":"","adv-header-id-meta":"","stick-header-meta":"","header-above-stick-meta":"","header-main-stick-meta":"","header-below-stick-meta":"","astra-migrate-meta-layouts":"default","ast-page-background-enabled":"default","ast-page-background-meta":{"desktop":{"background-color":"var(--ast-global-color-4)","background-image":"","background-repeat":"repeat","background-position":"center center","background-size":"auto","background-attachment":"scroll","background-type":"","background-media":"","overlay-type":"","overlay-color":"","overlay-opacity":"","overlay-gradient":""},"tablet":{"background-color":"","background-image":"","background-repeat":"repeat","background-position":"center center","background-size":"auto","background-attachment":"scroll","background-type":"","background-media":"","overlay-type":"","overlay-color":"","overlay-opacity":"","overlay-gradient":""},"mobile":{"background-color":"","background-image":"","background-repeat":"repeat","background-position":"center center","background-size":"auto","background-attachment":"scroll","background-type":"","background-media":"","overlay-type":"","overlay-color":"","overlay-opacity":"","overlay-gradient":""}},"ast-content-background-meta":{"desktop":{"background-color":"var(--ast-global-color-5)","background-image":"","background-repeat":"repeat","background-position":"center center","background-size":"auto","background-attachment":"scroll","background-type":"","background-media":"","overlay-type":"","overlay-color":"","overlay-opacity":"","overlay-gradient":""},"tablet":{"background-color":"var(--ast-global-color-5)","background-image":"","background-repeat":"repeat","background-position":"center center","background-size":"auto","background-attachment":"scroll","background-type":"","background-media":"","overlay-type":"","overlay-color":"","overlay-opacity":"","overlay-gradient":""},"mobile":{"background-color":"var(--ast-global-color-5)","background-image":"","background-repeat":"repeat","background-position":"center center","background-size":"auto","background-attachment":"scroll","background-type":"","background-media":"","overlay-type":"","overlay-color":"","overlay-opacity":"","overlay-gradient":""}},"footnotes":""},"categories":[1,29],"tags":[],"class_list":["post-5403","post","type-post","status-publish","format-standard","has-post-thumbnail","hentry","category-general","category-noticies"],"post_mailing_queue_ids":[],"_links":{"self":[{"href":"https:\/\/agora.xtec.cat\/iespviana\/wp-json\/wp\/v2\/posts\/5403","targetHints":{"allow":["GET"]}}],"collection":[{"href":"https:\/\/agora.xtec.cat\/iespviana\/wp-json\/wp\/v2\/posts"}],"about":[{"href":"https:\/\/agora.xtec.cat\/iespviana\/wp-json\/wp\/v2\/types\/post"}],"author":[{"embeddable":true,"href":"https:\/\/agora.xtec.cat\/iespviana\/wp-json\/wp\/v2\/users\/1"}],"replies":[{"embeddable":true,"href":"https:\/\/agora.xtec.cat\/iespviana\/wp-json\/wp\/v2\/comments?post=5403"}],"version-history":[{"count":2,"href":"https:\/\/agora.xtec.cat\/iespviana\/wp-json\/wp\/v2\/posts\/5403\/revisions"}],"predecessor-version":[{"id":5405,"href":"https:\/\/agora.xtec.cat\/iespviana\/wp-json\/wp\/v2\/posts\/5403\/revisions\/5405"}],"wp:featuredmedia":[{"embeddable":true,"href":"https:\/\/agora.xtec.cat\/iespviana\/wp-json\/wp\/v2\/media\/5406"}],"wp:attachment":[{"href":"https:\/\/agora.xtec.cat\/iespviana\/wp-json\/wp\/v2\/media?parent=5403"}],"wp:term":[{"taxonomy":"category","embeddable":true,"href":"https:\/\/agora.xtec.cat\/iespviana\/wp-json\/wp\/v2\/categories?post=5403"},{"taxonomy":"post_tag","embeddable":true,"href":"https:\/\/agora.xtec.cat\/iespviana\/wp-json\/wp\/v2\/tags?post=5403"}],"curies":[{"name":"wp","href":"https:\/\/api.w.org\/{rel}","templated":true}]}}