{"id":4772,"date":"2019-03-21T09:43:55","date_gmt":"2019-03-21T08:43:55","guid":{"rendered":"http:\/\/agora.xtec.cat\/iespviana\/?p=4772"},"modified":"2019-03-21T09:50:37","modified_gmt":"2019-03-21T08:50:37","slug":"el-viana-torna-a-ledat-mitjana","status":"publish","type":"post","link":"https:\/\/agora.xtec.cat\/iespviana\/general\/el-viana-torna-a-ledat-mitjana\/","title":{"rendered":"El Viana torna a l&#8217;Edat Mitjana"},"content":{"rendered":"<p dir=\"ltr\">Els alumnes del centre de segon d&#8217;ESO, han realitzat, en el marc del projecte\u00a0<em>Camps d&#8217;Aprenentatge,<\/em>\u00a0una activitat sobre l&#8217;edat mitjana. L&#8217;activitat tractava sobre les principals difer\u00e8ncies que hi havia entre les diferents classes socials a l&#8217;\u00e8poca medieval. Una de les principals difer\u00e8ncies era que com m\u00e9s alta fos la teva classe social, m\u00e9s drets tenies. Aix\u00f2 es deu, principalment, al fet que la societat es separava en privilegiats i no privilegiats.<\/p>\n<p dir=\"ltr\">PRIVILEGIATS:<\/p>\n<p dir=\"ltr\">El rei era la figura m\u00e9s autorit\u00e0ria de l&#8217;edat mitjana, i el que m\u00e9s drets tenia. Despr\u00e8s d&#8217;aquesta classe \u00fanica i que nom\u00e9s la podia tenir una persona, la classe seg\u00fcent era l&#8217;alta noblesa i alt clergat, que era formada per l&#8217;esgl\u00e9sia, comptes i comptesses. Aquesta gent pertanyia a aquesta classe ja que gr\u00e0cies a la fam\u00edlia adquiries aquesta classe si els teus pares anteriorment hi pertanyien. I l&#8217;\u00faltima classe social que tenia privilegis, era la petita noblesa, formada pels cavallers i el baix clergat.<\/p>\n<p dir=\"ltr\">NO PRIVILEGIATS:<\/p>\n<p dir=\"ltr\">Els artesans, que eren la resta de poblaci\u00f3, la qual en aquella societat no tenia ni veu ni drets, ja que se&#8217;ls menyspreava, i no se&#8217;ls donava l&#8217;opci\u00f3 de progressar en la societat.<\/p>\n<p dir=\"ltr\">Tot aix\u00f2 \u00e9s el que hem apr\u00e8s amb els nostres alumnes de segon d&#8217;ESO. Una altra conclusi\u00f3 a la qual han arribat mitjan\u00e7ant l&#8217;activitat, ha sigut que en l&#8217;edat mitjana no hi havia democr\u00e0cia. Hem arribat aquesta conclusi\u00f3 perqu\u00e8 cada classe social tenia un vot, un vot per totes les persones d&#8217;aquella classe, i no ens ha semblat just, tamb\u00e9 perqu\u00e8 hi havia 3 classes socials que quasi sempre, per no dir sempre volien els mateixos objectius. Aix\u00ed doncs, els artesans no podien decidir res sobre la societat.<\/p>\n","protected":false},"excerpt":{"rendered":"<p>Avui els alumnes de segon d&#8217;ESO han realitzat una activitat sobre l&#8217;edat mitjana en el marc dels Camps d&#8217;Aprenentatge. <\/p>\n","protected":false},"author":361,"featured_media":4773,"comment_status":"open","ping_status":"closed","sticky":false,"template":"","format":"standard","meta":{"_bbp_topic_count":0,"_bbp_reply_count":0,"_bbp_total_topic_count":0,"_bbp_total_reply_count":0,"_bbp_voice_count":0,"_bbp_anonymous_reply_count":0,"_bbp_topic_count_hidden":0,"_bbp_reply_count_hidden":0,"_bbp_forum_subforum_count":0,"site-sidebar-layout":"default","site-content-layout":"","ast-site-content-layout":"","site-content-style":"default","site-sidebar-style":"default","ast-global-header-display":"","ast-banner-title-visibility":"","ast-main-header-display":"","ast-hfb-above-header-display":"","ast-hfb-below-header-display":"","ast-hfb-mobile-header-display":"","site-post-title":"","ast-breadcrumbs-content":"","ast-featured-img":"","footer-sml-layout":"","theme-transparent-header-meta":"","adv-header-id-meta":"","stick-header-meta":"","header-above-stick-meta":"","header-main-stick-meta":"","header-below-stick-meta":"","astra-migrate-meta-layouts":"default","ast-page-background-enabled":"default","ast-page-background-meta":{"desktop":{"background-color":"var(--ast-global-color-4)","background-image":"","background-repeat":"repeat","background-position":"center center","background-size":"auto","background-attachment":"scroll","background-type":"","background-media":"","overlay-type":"","overlay-color":"","overlay-opacity":"","overlay-gradient":""},"tablet":{"background-color":"","background-image":"","background-repeat":"repeat","background-position":"center center","background-size":"auto","background-attachment":"scroll","background-type":"","background-media":"","overlay-type":"","overlay-color":"","overlay-opacity":"","overlay-gradient":""},"mobile":{"background-color":"","background-image":"","background-repeat":"repeat","background-position":"center center","background-size":"auto","background-attachment":"scroll","background-type":"","background-media":"","overlay-type":"","overlay-color":"","overlay-opacity":"","overlay-gradient":""}},"ast-content-background-meta":{"desktop":{"background-color":"var(--ast-global-color-5)","background-image":"","background-repeat":"repeat","background-position":"center center","background-size":"auto","background-attachment":"scroll","background-type":"","background-media":"","overlay-type":"","overlay-color":"","overlay-opacity":"","overlay-gradient":""},"tablet":{"background-color":"var(--ast-global-color-5)","background-image":"","background-repeat":"repeat","background-position":"center center","background-size":"auto","background-attachment":"scroll","background-type":"","background-media":"","overlay-type":"","overlay-color":"","overlay-opacity":"","overlay-gradient":""},"mobile":{"background-color":"var(--ast-global-color-5)","background-image":"","background-repeat":"repeat","background-position":"center center","background-size":"auto","background-attachment":"scroll","background-type":"","background-media":"","overlay-type":"","overlay-color":"","overlay-opacity":"","overlay-gradient":""}},"footnotes":""},"categories":[1,29],"tags":[],"class_list":["post-4772","post","type-post","status-publish","format-standard","has-post-thumbnail","hentry","category-general","category-noticies"],"post_mailing_queue_ids":[],"_links":{"self":[{"href":"https:\/\/agora.xtec.cat\/iespviana\/wp-json\/wp\/v2\/posts\/4772","targetHints":{"allow":["GET"]}}],"collection":[{"href":"https:\/\/agora.xtec.cat\/iespviana\/wp-json\/wp\/v2\/posts"}],"about":[{"href":"https:\/\/agora.xtec.cat\/iespviana\/wp-json\/wp\/v2\/types\/post"}],"author":[{"embeddable":true,"href":"https:\/\/agora.xtec.cat\/iespviana\/wp-json\/wp\/v2\/users\/361"}],"replies":[{"embeddable":true,"href":"https:\/\/agora.xtec.cat\/iespviana\/wp-json\/wp\/v2\/comments?post=4772"}],"version-history":[{"count":1,"href":"https:\/\/agora.xtec.cat\/iespviana\/wp-json\/wp\/v2\/posts\/4772\/revisions"}],"predecessor-version":[{"id":4774,"href":"https:\/\/agora.xtec.cat\/iespviana\/wp-json\/wp\/v2\/posts\/4772\/revisions\/4774"}],"wp:featuredmedia":[{"embeddable":true,"href":"https:\/\/agora.xtec.cat\/iespviana\/wp-json\/wp\/v2\/media\/4773"}],"wp:attachment":[{"href":"https:\/\/agora.xtec.cat\/iespviana\/wp-json\/wp\/v2\/media?parent=4772"}],"wp:term":[{"taxonomy":"category","embeddable":true,"href":"https:\/\/agora.xtec.cat\/iespviana\/wp-json\/wp\/v2\/categories?post=4772"},{"taxonomy":"post_tag","embeddable":true,"href":"https:\/\/agora.xtec.cat\/iespviana\/wp-json\/wp\/v2\/tags?post=4772"}],"curies":[{"name":"wp","href":"https:\/\/api.w.org\/{rel}","templated":true}]}}