{"id":4703,"date":"2019-03-14T13:13:08","date_gmt":"2019-03-14T12:13:08","guid":{"rendered":"http:\/\/agora.xtec.cat\/iespviana\/?p=4703"},"modified":"2019-03-25T09:25:08","modified_gmt":"2019-03-25T08:25:08","slug":"ii-torneig-descacs","status":"publish","type":"post","link":"https:\/\/agora.xtec.cat\/iespviana\/general\/ii-torneig-descacs\/","title":{"rendered":"II TORNEIG D&#8217;ESCACS"},"content":{"rendered":"<div><\/div>\n<p>El II Torneig d&#8217;Escacs de l&#8217;institut va acabar el dimarts 12 de Mar\u00e7, en que es va jugar la final entre l&#8217;Eric Ib\u00e1\u00f1ez de 1r Batxillerat i Nick Brian Ram\u00edrez, de 4t ESO, en que l&#8217;Eric va guanyar contundentment 3-0.<\/p>\n<p><img loading=\"lazy\" decoding=\"async\" class=\"aligncenter size-full wp-image-4710\" src=\"https:\/\/agora.xtec.cat\/iespviana\/wp-content\/uploads\/usu1199\/2019\/03\/Logo_opt.png\" alt=\"\" width=\"350\" height=\"174\" srcset=\"https:\/\/agora.xtec.cat\/iespviana\/wp-content\/uploads\/usu1199\/2019\/03\/Logo_opt.png 350w, https:\/\/agora.xtec.cat\/iespviana\/wp-content\/uploads\/usu1199\/2019\/03\/Logo_opt-300x149.png 300w\" sizes=\"auto, (max-width: 350px) 100vw, 350px\" \/><\/p>\n<p>M\u00e9s de 42 participants ha tingut aquest torneig disputat a les hores del pati en que ens han suport la Federaci\u00f3 Catalana d&#8217;Escacs (que de fet, al seu Twitter* han parlat sobre nosaltres) o l&#8217;influent Gran Mestre Internacional Pepe Cuenca.<\/p>\n<p>Tot un \u00e8xit.<\/p>\n<p>Podeu veure tota la informaci\u00f3, resultats&#8230; detalladament del torneig a la seva p\u00e0gina web oficial:\u00a0<a href=\"http:\/\/sites.google.com\/iepegasoviana.cat\/escacs\" target=\"_blank\" rel=\"noopener\" data-saferedirecturl=\"https:\/\/www.google.com\/url?q=http:\/\/sites.google.com\/iepegasoviana.cat\/escacs&amp;source=gmail&amp;ust=1552651582017000&amp;usg=AFQjCNG8Vo3-pidcxpdjis9i4V25hR8yWQ\">sites.google.com\/<wbr \/>iepegasoviana.cat\/escacs<\/a>.<\/p>\n<p><a href=\"https:\/\/photos.app.goo.gl\/nyjktgWxCChgxs8B7\" target=\"_blank\" rel=\"noopener\">Fotos del torneig<\/a><\/p>\n<div>* twitter <a href=\"https:\/\/twitter.com\/escacs_cat\/status\/1105874089535725568\" target=\"_blank\" rel=\"noopener\">https:\/\/twitter.com\/escacs_cat\/status\/1105874089535725568<\/a><\/div>\n<div><\/div>\n","protected":false},"excerpt":{"rendered":"<p>El II Torneig d&#8217;Escacs de l&#8217;institut va acabar el dimarts 12 de Mar\u00e7, en que es va jugar la final [&hellip;]<\/p>\n","protected":false},"author":1,"featured_media":4710,"comment_status":"closed","ping_status":"closed","sticky":false,"template":"","format":"standard","meta":{"_bbp_topic_count":0,"_bbp_reply_count":0,"_bbp_total_topic_count":0,"_bbp_total_reply_count":0,"_bbp_voice_count":0,"_bbp_anonymous_reply_count":0,"_bbp_topic_count_hidden":0,"_bbp_reply_count_hidden":0,"_bbp_forum_subforum_count":0,"site-sidebar-layout":"default","site-content-layout":"","ast-site-content-layout":"","site-content-style":"default","site-sidebar-style":"default","ast-global-header-display":"","ast-banner-title-visibility":"","ast-main-header-display":"","ast-hfb-above-header-display":"","ast-hfb-below-header-display":"","ast-hfb-mobile-header-display":"","site-post-title":"","ast-breadcrumbs-content":"","ast-featured-img":"","footer-sml-layout":"","theme-transparent-header-meta":"","adv-header-id-meta":"","stick-header-meta":"","header-above-stick-meta":"","header-main-stick-meta":"","header-below-stick-meta":"","astra-migrate-meta-layouts":"default","ast-page-background-enabled":"default","ast-page-background-meta":{"desktop":{"background-color":"var(--ast-global-color-4)","background-image":"","background-repeat":"repeat","background-position":"center center","background-size":"auto","background-attachment":"scroll","background-type":"","background-media":"","overlay-type":"","overlay-color":"","overlay-opacity":"","overlay-gradient":""},"tablet":{"background-color":"","background-image":"","background-repeat":"repeat","background-position":"center center","background-size":"auto","background-attachment":"scroll","background-type":"","background-media":"","overlay-type":"","overlay-color":"","overlay-opacity":"","overlay-gradient":""},"mobile":{"background-color":"","background-image":"","background-repeat":"repeat","background-position":"center center","background-size":"auto","background-attachment":"scroll","background-type":"","background-media":"","overlay-type":"","overlay-color":"","overlay-opacity":"","overlay-gradient":""}},"ast-content-background-meta":{"desktop":{"background-color":"var(--ast-global-color-5)","background-image":"","background-repeat":"repeat","background-position":"center center","background-size":"auto","background-attachment":"scroll","background-type":"","background-media":"","overlay-type":"","overlay-color":"","overlay-opacity":"","overlay-gradient":""},"tablet":{"background-color":"var(--ast-global-color-5)","background-image":"","background-repeat":"repeat","background-position":"center center","background-size":"auto","background-attachment":"scroll","background-type":"","background-media":"","overlay-type":"","overlay-color":"","overlay-opacity":"","overlay-gradient":""},"mobile":{"background-color":"var(--ast-global-color-5)","background-image":"","background-repeat":"repeat","background-position":"center center","background-size":"auto","background-attachment":"scroll","background-type":"","background-media":"","overlay-type":"","overlay-color":"","overlay-opacity":"","overlay-gradient":""}},"footnotes":""},"categories":[8,58,59,3,4,9,10,11,52,5,14,15,16,6,19,20,21,7,24,25,26,1,29],"tags":[124],"class_list":["post-4703","post","type-post","status-publish","format-standard","has-post-thumbnail","hentry","category-batxillerat","category-batxillerat-1","category-batxillerat-2","category-eso","category-eso-1","category-eso-1a","category-eso-1b","category-eso-1c","category-eso-1d","category-eso-2","category-eso-2a","category-eso-2b","category-eso-2c","category-eso-3","category-eso-3a","category-eso-3b","category-eso-3c","category-eso-4","category-eso-4a","category-eso-4b","category-eso-4c","category-general","category-noticies","tag-treball-globalitzat"],"post_mailing_queue_ids":[],"_links":{"self":[{"href":"https:\/\/agora.xtec.cat\/iespviana\/wp-json\/wp\/v2\/posts\/4703","targetHints":{"allow":["GET"]}}],"collection":[{"href":"https:\/\/agora.xtec.cat\/iespviana\/wp-json\/wp\/v2\/posts"}],"about":[{"href":"https:\/\/agora.xtec.cat\/iespviana\/wp-json\/wp\/v2\/types\/post"}],"author":[{"embeddable":true,"href":"https:\/\/agora.xtec.cat\/iespviana\/wp-json\/wp\/v2\/users\/1"}],"replies":[{"embeddable":true,"href":"https:\/\/agora.xtec.cat\/iespviana\/wp-json\/wp\/v2\/comments?post=4703"}],"version-history":[{"count":3,"href":"https:\/\/agora.xtec.cat\/iespviana\/wp-json\/wp\/v2\/posts\/4703\/revisions"}],"predecessor-version":[{"id":4711,"href":"https:\/\/agora.xtec.cat\/iespviana\/wp-json\/wp\/v2\/posts\/4703\/revisions\/4711"}],"wp:featuredmedia":[{"embeddable":true,"href":"https:\/\/agora.xtec.cat\/iespviana\/wp-json\/wp\/v2\/media\/4710"}],"wp:attachment":[{"href":"https:\/\/agora.xtec.cat\/iespviana\/wp-json\/wp\/v2\/media?parent=4703"}],"wp:term":[{"taxonomy":"category","embeddable":true,"href":"https:\/\/agora.xtec.cat\/iespviana\/wp-json\/wp\/v2\/categories?post=4703"},{"taxonomy":"post_tag","embeddable":true,"href":"https:\/\/agora.xtec.cat\/iespviana\/wp-json\/wp\/v2\/tags?post=4703"}],"curies":[{"name":"wp","href":"https:\/\/api.w.org\/{rel}","templated":true}]}}