{"id":4370,"date":"2018-12-17T12:32:21","date_gmt":"2018-12-17T11:32:21","guid":{"rendered":"http:\/\/agora.xtec.cat\/iespviana\/?p=4370"},"modified":"2018-12-17T12:32:21","modified_gmt":"2018-12-17T11:32:21","slug":"tallers-sobre-consum-responsable","status":"publish","type":"post","link":"https:\/\/agora.xtec.cat\/iespviana\/general\/tallers-sobre-consum-responsable\/","title":{"rendered":"TALLERS SOBRE CONSUM RESPONSABLE"},"content":{"rendered":"<div class=\"gs\">\n<div class=\"\">\n<div id=\":o3\" class=\"ii gt adO\">\n<div id=\":o2\" class=\"a3s aXjCH \">\n<div dir=\"ltr\">\n<div class=\"gmail_default\">\n<p>L\u2019alumnat de 4<sup>t<\/sup>\u00a0d\u2019ESO que cursa la mat\u00e8ria d\u2019Economia i Emprenedoria ha realitzat uns tallers sobre consum responsable.<\/p>\n<p>1 &#8211; Necessito el que compro? A trav\u00e9s del joc, els alumnes reflexionen sobre la necessitat dels b\u00e9ns que s\u2019adquireixen i aprenen formes de practicar un consum solidari, sostenible i responsable.<\/p>\n<p>2 &#8211; Com comprar millor amb criteri responsable? Prendre consci\u00e8ncia de que cada consumidor respon a les caracter\u00edstiques de la societat on pertany. Les noves tend\u00e8ncies de compra.<\/p>\n<p>3 &#8211; Sobirania aliment\u00e0ria, de proximitat, responsable i sostenible: El nostre entorn.<\/p>\n<p>4 &#8211; Etiquetatge i segells en l\u2019alimentaci\u00f3: Saber llegir les etiquetes.<\/p>\n<\/div>\n<div class=\"yj6qo ajU\">\n<div id=\":p3\" class=\"ajR\" tabindex=\"0\" role=\"button\" data-tooltip=\"Mostra el contingut redu\u00eft\" aria-label=\"Mostra el contingut redu\u00eft\" aria-expanded=\"false\"><img decoding=\"async\" class=\"ajT\" src=\"https:\/\/ssl.gstatic.com\/ui\/v1\/icons\/mail\/images\/cleardot.gif\" \/><img loading=\"lazy\" decoding=\"async\" class=\"aligncenter size-full wp-image-4373\" src=\"https:\/\/agora.xtec.cat\/iespviana\/wp-content\/uploads\/usu1199\/2018\/12\/portada-1.jpg\" alt=\"\" width=\"200\" height=\"150\" \/><\/div>\n<\/div>\n<\/div>\n<\/div>\n<\/div>\n<div id=\":ow\" class=\"hq gt a10\">\n<div class=\"hp\"><\/div>\n<div id=\":oz\"><a href=\"https:\/\/photos.app.goo.gl\/i3CwNap6eM49UPhp8\" target=\"_blank\" rel=\"noopener\">\u00a0M\u00e9s fotografies<\/a><\/div>\n<div id=\":oy\" class=\"aQH\">\n<div class=\"aZK\"><\/div>\n<\/div>\n<\/div>\n<div class=\"hi\"><\/div>\n<\/div>\n<\/div>\n","protected":false},"excerpt":{"rendered":"<p>L\u2019alumnat de 4t\u00a0d\u2019ESO que cursa la mat\u00e8ria d\u2019Economia i Emprenedoria ha realitzat uns tallers sobre consum responsable. 1 &#8211; Necessito [&hellip;]<\/p>\n","protected":false},"author":1,"featured_media":4373,"comment_status":"closed","ping_status":"closed","sticky":false,"template":"","format":"standard","meta":{"_bbp_topic_count":0,"_bbp_reply_count":0,"_bbp_total_topic_count":0,"_bbp_total_reply_count":0,"_bbp_voice_count":0,"_bbp_anonymous_reply_count":0,"_bbp_topic_count_hidden":0,"_bbp_reply_count_hidden":0,"_bbp_forum_subforum_count":0,"site-sidebar-layout":"default","site-content-layout":"","ast-site-content-layout":"","site-content-style":"default","site-sidebar-style":"default","ast-global-header-display":"","ast-banner-title-visibility":"","ast-main-header-display":"","ast-hfb-above-header-display":"","ast-hfb-below-header-display":"","ast-hfb-mobile-header-display":"","site-post-title":"","ast-breadcrumbs-content":"","ast-featured-img":"","footer-sml-layout":"","theme-transparent-header-meta":"","adv-header-id-meta":"","stick-header-meta":"","header-above-stick-meta":"","header-main-stick-meta":"","header-below-stick-meta":"","astra-migrate-meta-layouts":"default","ast-page-background-enabled":"default","ast-page-background-meta":{"desktop":{"background-color":"var(--ast-global-color-4)","background-image":"","background-repeat":"repeat","background-position":"center center","background-size":"auto","background-attachment":"scroll","background-type":"","background-media":"","overlay-type":"","overlay-color":"","overlay-opacity":"","overlay-gradient":""},"tablet":{"background-color":"","background-image":"","background-repeat":"repeat","background-position":"center center","background-size":"auto","background-attachment":"scroll","background-type":"","background-media":"","overlay-type":"","overlay-color":"","overlay-opacity":"","overlay-gradient":""},"mobile":{"background-color":"","background-image":"","background-repeat":"repeat","background-position":"center center","background-size":"auto","background-attachment":"scroll","background-type":"","background-media":"","overlay-type":"","overlay-color":"","overlay-opacity":"","overlay-gradient":""}},"ast-content-background-meta":{"desktop":{"background-color":"var(--ast-global-color-5)","background-image":"","background-repeat":"repeat","background-position":"center center","background-size":"auto","background-attachment":"scroll","background-type":"","background-media":"","overlay-type":"","overlay-color":"","overlay-opacity":"","overlay-gradient":""},"tablet":{"background-color":"var(--ast-global-color-5)","background-image":"","background-repeat":"repeat","background-position":"center center","background-size":"auto","background-attachment":"scroll","background-type":"","background-media":"","overlay-type":"","overlay-color":"","overlay-opacity":"","overlay-gradient":""},"mobile":{"background-color":"var(--ast-global-color-5)","background-image":"","background-repeat":"repeat","background-position":"center center","background-size":"auto","background-attachment":"scroll","background-type":"","background-media":"","overlay-type":"","overlay-color":"","overlay-opacity":"","overlay-gradient":""}},"footnotes":""},"categories":[3,7,24,25,26,1,29],"tags":[71],"class_list":["post-4370","post","type-post","status-publish","format-standard","has-post-thumbnail","hentry","category-eso","category-eso-4","category-eso-4a","category-eso-4b","category-eso-4c","category-general","category-noticies","tag-tallers"],"post_mailing_queue_ids":[],"_links":{"self":[{"href":"https:\/\/agora.xtec.cat\/iespviana\/wp-json\/wp\/v2\/posts\/4370","targetHints":{"allow":["GET"]}}],"collection":[{"href":"https:\/\/agora.xtec.cat\/iespviana\/wp-json\/wp\/v2\/posts"}],"about":[{"href":"https:\/\/agora.xtec.cat\/iespviana\/wp-json\/wp\/v2\/types\/post"}],"author":[{"embeddable":true,"href":"https:\/\/agora.xtec.cat\/iespviana\/wp-json\/wp\/v2\/users\/1"}],"replies":[{"embeddable":true,"href":"https:\/\/agora.xtec.cat\/iespviana\/wp-json\/wp\/v2\/comments?post=4370"}],"version-history":[{"count":3,"href":"https:\/\/agora.xtec.cat\/iespviana\/wp-json\/wp\/v2\/posts\/4370\/revisions"}],"predecessor-version":[{"id":4374,"href":"https:\/\/agora.xtec.cat\/iespviana\/wp-json\/wp\/v2\/posts\/4370\/revisions\/4374"}],"wp:featuredmedia":[{"embeddable":true,"href":"https:\/\/agora.xtec.cat\/iespviana\/wp-json\/wp\/v2\/media\/4373"}],"wp:attachment":[{"href":"https:\/\/agora.xtec.cat\/iespviana\/wp-json\/wp\/v2\/media?parent=4370"}],"wp:term":[{"taxonomy":"category","embeddable":true,"href":"https:\/\/agora.xtec.cat\/iespviana\/wp-json\/wp\/v2\/categories?post=4370"},{"taxonomy":"post_tag","embeddable":true,"href":"https:\/\/agora.xtec.cat\/iespviana\/wp-json\/wp\/v2\/tags?post=4370"}],"curies":[{"name":"wp","href":"https:\/\/api.w.org\/{rel}","templated":true}]}}