{"id":3991,"date":"2018-09-04T19:20:38","date_gmt":"2018-09-04T17:20:38","guid":{"rendered":"http:\/\/agora.xtec.cat\/iespviana\/?p=3991"},"modified":"2018-09-04T19:20:38","modified_gmt":"2018-09-04T17:20:38","slug":"sol%c2%b7licituds-dajuts-menjador","status":"publish","type":"post","link":"https:\/\/agora.xtec.cat\/iespviana\/general\/sol%c2%b7licituds-dajuts-menjador\/","title":{"rendered":"SOL\u00b7LICITUDS D&#8217;AJUTS MENJADOR"},"content":{"rendered":"<p>Benvolguts,<\/p>\n<p>Benvolgudes,<\/p>\n<p>Avui dilluns 3 de setembre comen\u00e7a el termini de presentaci\u00f3 de les sol\u00b7licituds d\u2019ajuts menjador del per\u00edode de setembre i finalitzar\u00e0 el 14 de setembre.<\/p>\n<p>Hem simplificat la sol\u00b7licitud d\u2019ajuts menjador. Durant el dia d\u2019avui estar\u00e0 publicada al web. Si ja heu facilitat algun model antic, no passa res.<\/p>\n<p>Us recordem que la introducci\u00f3 de les peticions es far\u00e0 des del CEB, per tant nom\u00e9s haureu de recollir les sol\u00b7licituds de les fam\u00edlies. Per\u00f2, caldr\u00e0 que, abans de presentar-les, <strong>reviseu que l\u2019IDALU i el curs estiguin informats , que hi constin les dades de tots els membres de la unitat familiar, \u00a0que hi consti la informaci\u00f3 econ\u00f2mica, que estigui signat i que hi consti un tel\u00e8fon m\u00f2bil.<\/strong><\/p>\n<p><strong><u>Us agrairem que sigueu molt estrictes i rigorosos amb la revisi\u00f3 de la informaci\u00f3 que ha de constar a la sol\u00b7licitud. Les sol\u00b7licituds presentades en el per\u00edode del mes de juny tenien moltes irregularitats ( sobre tot per manca de dades econ\u00f2miques i de signatura) que ens van ocasionar molts problemes de gesti\u00f3.<\/u><\/strong><\/p>\n<p><strong>\u00a0<\/strong>Juntament amb les sol\u00b7licituds, haureu de \u00a0presentar una relaci\u00f3 nominal, d\u2019acord amb el model que us adjuntem, on hi haur\u00e0 de constar la seg\u00fcent informaci\u00f3:<\/p>\n<p>o\u00a0\u00a0 Codi Centre<\/p>\n<p>o\u00a0\u00a0 Nom Centre<\/p>\n<p>o\u00a0\u00a0 PREU MENJADOR PER DIA (Alumnat fixe del servei de menjador). Per als centres p\u00fablics, el cost del servei de menjador, en cap cas, podr\u00e0 superar els 6,20\u20ac establerts per el Departament d\u2019Ensenyament. Si excepcionalment es supera, caldr\u00e0 justificar-ho. <strong><u>Si ja ho v\u00e0reu informar a l\u2019impr\u00e8s de les peticions presentades al juny, no cal que ho torneu a informar<\/u>.<\/strong><\/p>\n<p>o\u00a0\u00a0 RELACI\u00d3 NUMERADA de tot l\u2019alumnat que presenta la sol\u00b7licitud<\/p>\n<p>&nbsp;<\/p>\n<p><strong><u>El termini de presentaci\u00f3 finalitza el 18 de setembre.<\/u><\/strong><\/p>\n<p><strong><u>\u00a0<\/u><\/strong><\/p>\n<p>Les sol\u00b7licituds les podreu presentar com sempre a l\u2019oficina del Consorci de la Pl. Urquinaona, per\u00f2 aquest any tamb\u00e9 les podreu presentar a les noves oficines d\u2019escolaritzaci\u00f3:<\/p>\n<p>o\u00a0\u00a0 <a href=\"https:\/\/maps.google.com\/?q=Sant+Andreu,+c\/+Sant+Adri%C3%A0,20&amp;entry=gmail&amp;source=g\" data-saferedirecturl=\"https:\/\/www.google.com\/url?hl=ca&amp;q=https:\/\/maps.google.com\/?q%3DSant%2BAndreu,%2Bc\/%2BSant%2BAdri%25C3%25A0,20%26entry%3Dgmail%26source%3Dg&amp;source=gmail&amp;ust=1536167892749000&amp;usg=AFQjCNE4iPuwp4nwHQW_7QainzYbG02vhA\">Sant Andreu, c\/ Sant Adri\u00e0,20<\/a> recinte Fabra i Coats<\/p>\n<p>o\u00a0\u00a0 <a href=\"https:\/\/maps.google.com\/?q=Nou+Barris,+c\/+Nil,+27&amp;entry=gmail&amp;source=g\" data-saferedirecturl=\"https:\/\/www.google.com\/url?hl=ca&amp;q=https:\/\/maps.google.com\/?q%3DNou%2BBarris,%2Bc\/%2BNil,%2B27%26entry%3Dgmail%26source%3Dg&amp;source=gmail&amp;ust=1536167892749000&amp;usg=AFQjCNHqa86RsaS4DBos_vCa8xIYu90BjA\">Nou Barris, c\/ Nil, 27<\/a><\/p>\n<p>o\u00a0\u00a0 <a href=\"https:\/\/maps.google.com\/?q=Ciutat+Vella,+Placeta+del+Pi,2&amp;entry=gmail&amp;source=g\" data-saferedirecturl=\"https:\/\/www.google.com\/url?hl=ca&amp;q=https:\/\/maps.google.com\/?q%3DCiutat%2BVella,%2BPlaceta%2Bdel%2BPi,2%26entry%3Dgmail%26source%3Dg&amp;source=gmail&amp;ust=1536167892749000&amp;usg=AFQjCNHc6zw5MCAfF0wcOv3fxbwsRirjgQ\">Ciutat Vella, Placeta del Pi,2<\/a><\/p>\n","protected":false},"excerpt":{"rendered":"<p>Benvolguts, Benvolgudes, Avui dilluns 3 de setembre comen\u00e7a el termini de presentaci\u00f3 de les sol\u00b7licituds d\u2019ajuts menjador del per\u00edode de [&hellip;]<\/p>\n","protected":false},"author":1,"featured_media":0,"comment_status":"open","ping_status":"closed","sticky":false,"template":"","format":"standard","meta":{"_bbp_topic_count":0,"_bbp_reply_count":0,"_bbp_total_topic_count":0,"_bbp_total_reply_count":0,"_bbp_voice_count":0,"_bbp_anonymous_reply_count":0,"_bbp_topic_count_hidden":0,"_bbp_reply_count_hidden":0,"_bbp_forum_subforum_count":0,"site-sidebar-layout":"default","site-content-layout":"","ast-site-content-layout":"","site-content-style":"default","site-sidebar-style":"default","ast-global-header-display":"","ast-banner-title-visibility":"","ast-main-header-display":"","ast-hfb-above-header-display":"","ast-hfb-below-header-display":"","ast-hfb-mobile-header-display":"","site-post-title":"","ast-breadcrumbs-content":"","ast-featured-img":"","footer-sml-layout":"","theme-transparent-header-meta":"","adv-header-id-meta":"","stick-header-meta":"","header-above-stick-meta":"","header-main-stick-meta":"","header-below-stick-meta":"","astra-migrate-meta-layouts":"default","ast-page-background-enabled":"default","ast-page-background-meta":{"desktop":{"background-color":"var(--ast-global-color-4)","background-image":"","background-repeat":"repeat","background-position":"center center","background-size":"auto","background-attachment":"scroll","background-type":"","background-media":"","overlay-type":"","overlay-color":"","overlay-opacity":"","overlay-gradient":""},"tablet":{"background-color":"","background-image":"","background-repeat":"repeat","background-position":"center center","background-size":"auto","background-attachment":"scroll","background-type":"","background-media":"","overlay-type":"","overlay-color":"","overlay-opacity":"","overlay-gradient":""},"mobile":{"background-color":"","background-image":"","background-repeat":"repeat","background-position":"center center","background-size":"auto","background-attachment":"scroll","background-type":"","background-media":"","overlay-type":"","overlay-color":"","overlay-opacity":"","overlay-gradient":""}},"ast-content-background-meta":{"desktop":{"background-color":"var(--ast-global-color-5)","background-image":"","background-repeat":"repeat","background-position":"center center","background-size":"auto","background-attachment":"scroll","background-type":"","background-media":"","overlay-type":"","overlay-color":"","overlay-opacity":"","overlay-gradient":""},"tablet":{"background-color":"var(--ast-global-color-5)","background-image":"","background-repeat":"repeat","background-position":"center center","background-size":"auto","background-attachment":"scroll","background-type":"","background-media":"","overlay-type":"","overlay-color":"","overlay-opacity":"","overlay-gradient":""},"mobile":{"background-color":"var(--ast-global-color-5)","background-image":"","background-repeat":"repeat","background-position":"center center","background-size":"auto","background-attachment":"scroll","background-type":"","background-media":"","overlay-type":"","overlay-color":"","overlay-opacity":"","overlay-gradient":""}},"footnotes":""},"categories":[1,29],"tags":[],"class_list":["post-3991","post","type-post","status-publish","format-standard","hentry","category-general","category-noticies"],"post_mailing_queue_ids":[],"_links":{"self":[{"href":"https:\/\/agora.xtec.cat\/iespviana\/wp-json\/wp\/v2\/posts\/3991","targetHints":{"allow":["GET"]}}],"collection":[{"href":"https:\/\/agora.xtec.cat\/iespviana\/wp-json\/wp\/v2\/posts"}],"about":[{"href":"https:\/\/agora.xtec.cat\/iespviana\/wp-json\/wp\/v2\/types\/post"}],"author":[{"embeddable":true,"href":"https:\/\/agora.xtec.cat\/iespviana\/wp-json\/wp\/v2\/users\/1"}],"replies":[{"embeddable":true,"href":"https:\/\/agora.xtec.cat\/iespviana\/wp-json\/wp\/v2\/comments?post=3991"}],"version-history":[{"count":1,"href":"https:\/\/agora.xtec.cat\/iespviana\/wp-json\/wp\/v2\/posts\/3991\/revisions"}],"predecessor-version":[{"id":3992,"href":"https:\/\/agora.xtec.cat\/iespviana\/wp-json\/wp\/v2\/posts\/3991\/revisions\/3992"}],"wp:attachment":[{"href":"https:\/\/agora.xtec.cat\/iespviana\/wp-json\/wp\/v2\/media?parent=3991"}],"wp:term":[{"taxonomy":"category","embeddable":true,"href":"https:\/\/agora.xtec.cat\/iespviana\/wp-json\/wp\/v2\/categories?post=3991"},{"taxonomy":"post_tag","embeddable":true,"href":"https:\/\/agora.xtec.cat\/iespviana\/wp-json\/wp\/v2\/tags?post=3991"}],"curies":[{"name":"wp","href":"https:\/\/api.w.org\/{rel}","templated":true}]}}