{"id":358,"date":"2014-11-28T20:58:47","date_gmt":"2014-11-28T19:58:47","guid":{"rendered":"http:\/\/agora.xtec.cat\/iespviana\/?p=358"},"modified":"2015-03-11T19:37:32","modified_gmt":"2015-03-11T18:37:32","slug":"358","status":"publish","type":"post","link":"https:\/\/agora.xtec.cat\/iespviana\/general\/358\/","title":{"rendered":"Recollida d&#8217;aliments 2014"},"content":{"rendered":"<p><iframe loading=\"lazy\" src=\"\/\/player.vimeo.com\/video\/113110804\" width=\"500\" height=\"282\" frameborder=\"0\" allowfullscreen=\"allowfullscreen\"><\/iframe><\/p>\n<p style=\"text-align: left;\"><a href=\"http:\/\/vimeo.com\/113110804\">RECAPTE PdV 2014<\/a> from <a href=\"http:\/\/vimeo.com\/user11711762\">Institut Pr\u00edncep de Viana<\/a> on <a href=\"https:\/\/vimeo.com\">Vimeo<\/a>.<\/p>\n<p><span style=\"font-size: medium;\"><span style=\"font-family: arial,helvetica,sans-serif;\">Dilluns 1 de desembre comen\u00e7a la recollida <\/span><\/span><span style=\"font-size: medium;\"><span style=\"font-family: arial,helvetica,sans-serif;\">d&#8217;aliments al Pr\u00edncep de Viana per a la Fundaci\u00f3 Banc dels aliments. El nostre carro romandr\u00e0 &#8220;obert&#8221; a les vostres aportacions fins al 12 de desembre. Consulteu el<\/span><\/span><span style=\"font-size: medium;\"><span style=\"font-family: arial,helvetica,sans-serif;\"><span style=\"font-size: medium;\"><span style=\"font-size: medium;\"><span style=\"font-size: medium;\"><span style=\"font-size: medium;\"><span style=\"font-size: medium;\"><span style=\"font-size: medium;\"><span style=\"font-size: medium;\"><span style=\"font-family: arial,helvetica,sans-serif;\"> <a class=\"vermell\" href=\"http:\/\/agora.xtec.cat\/iespviana\/intranet\/file.php?file=public\/Noticies\/2014_15\/RECOLLIDA_ALIMENTS_NADAL_2014.pdf\" target=\"_blank\">llistat de productes<\/a> <\/span><\/span><\/span><\/span><\/span><\/span><\/span><\/span><\/span><\/span><span style=\"font-family: arial,helvetica,sans-serif; font-size: medium;\">que podeu portar per nivells.<\/span><\/p>\n<p><span style=\"font-size: medium;\"><span style=\"font-family: arial,helvetica,sans-serif;\"><span style=\"font-size: medium;\"><span style=\"font-family: arial,helvetica,sans-serif;\">Omplim el carro!<\/span><\/span><\/span><\/span><\/p>\n","protected":false},"excerpt":{"rendered":"<p>RECAPTE PdV 2014 from Institut Pr\u00edncep de Viana on Vimeo. Dilluns 1 de desembre comen\u00e7a la recollida d&#8217;aliments al Pr\u00edncep [&hellip;]<\/p>\n","protected":false},"author":1,"featured_media":364,"comment_status":"open","ping_status":"open","sticky":false,"template":"","format":"standard","meta":{"_bbp_topic_count":0,"_bbp_reply_count":0,"_bbp_total_topic_count":0,"_bbp_total_reply_count":0,"_bbp_voice_count":0,"_bbp_anonymous_reply_count":0,"_bbp_topic_count_hidden":0,"_bbp_reply_count_hidden":0,"_bbp_forum_subforum_count":0,"site-sidebar-layout":"default","site-content-layout":"","ast-site-content-layout":"","site-content-style":"default","site-sidebar-style":"default","ast-global-header-display":"","ast-banner-title-visibility":"","ast-main-header-display":"","ast-hfb-above-header-display":"","ast-hfb-below-header-display":"","ast-hfb-mobile-header-display":"","site-post-title":"","ast-breadcrumbs-content":"","ast-featured-img":"","footer-sml-layout":"","theme-transparent-header-meta":"","adv-header-id-meta":"","stick-header-meta":"","header-above-stick-meta":"","header-main-stick-meta":"","header-below-stick-meta":"","astra-migrate-meta-layouts":"default","ast-page-background-enabled":"default","ast-page-background-meta":{"desktop":{"background-color":"var(--ast-global-color-4)","background-image":"","background-repeat":"repeat","background-position":"center center","background-size":"auto","background-attachment":"scroll","background-type":"","background-media":"","overlay-type":"","overlay-color":"","overlay-opacity":"","overlay-gradient":""},"tablet":{"background-color":"","background-image":"","background-repeat":"repeat","background-position":"center center","background-size":"auto","background-attachment":"scroll","background-type":"","background-media":"","overlay-type":"","overlay-color":"","overlay-opacity":"","overlay-gradient":""},"mobile":{"background-color":"","background-image":"","background-repeat":"repeat","background-position":"center center","background-size":"auto","background-attachment":"scroll","background-type":"","background-media":"","overlay-type":"","overlay-color":"","overlay-opacity":"","overlay-gradient":""}},"ast-content-background-meta":{"desktop":{"background-color":"var(--ast-global-color-5)","background-image":"","background-repeat":"repeat","background-position":"center center","background-size":"auto","background-attachment":"scroll","background-type":"","background-media":"","overlay-type":"","overlay-color":"","overlay-opacity":"","overlay-gradient":""},"tablet":{"background-color":"var(--ast-global-color-5)","background-image":"","background-repeat":"repeat","background-position":"center center","background-size":"auto","background-attachment":"scroll","background-type":"","background-media":"","overlay-type":"","overlay-color":"","overlay-opacity":"","overlay-gradient":""},"mobile":{"background-color":"var(--ast-global-color-5)","background-image":"","background-repeat":"repeat","background-position":"center center","background-size":"auto","background-attachment":"scroll","background-type":"","background-media":"","overlay-type":"","overlay-color":"","overlay-opacity":"","overlay-gradient":""}},"footnotes":""},"categories":[31,1,29],"tags":[47],"class_list":["post-358","post","type-post","status-publish","format-standard","has-post-thumbnail","hentry","category-ampa","category-general","category-noticies","tag-activitats-i-projectes"],"post_mailing_queue_ids":[],"_links":{"self":[{"href":"https:\/\/agora.xtec.cat\/iespviana\/wp-json\/wp\/v2\/posts\/358","targetHints":{"allow":["GET"]}}],"collection":[{"href":"https:\/\/agora.xtec.cat\/iespviana\/wp-json\/wp\/v2\/posts"}],"about":[{"href":"https:\/\/agora.xtec.cat\/iespviana\/wp-json\/wp\/v2\/types\/post"}],"author":[{"embeddable":true,"href":"https:\/\/agora.xtec.cat\/iespviana\/wp-json\/wp\/v2\/users\/1"}],"replies":[{"embeddable":true,"href":"https:\/\/agora.xtec.cat\/iespviana\/wp-json\/wp\/v2\/comments?post=358"}],"version-history":[{"count":3,"href":"https:\/\/agora.xtec.cat\/iespviana\/wp-json\/wp\/v2\/posts\/358\/revisions"}],"predecessor-version":[{"id":368,"href":"https:\/\/agora.xtec.cat\/iespviana\/wp-json\/wp\/v2\/posts\/358\/revisions\/368"}],"wp:featuredmedia":[{"embeddable":true,"href":"https:\/\/agora.xtec.cat\/iespviana\/wp-json\/wp\/v2\/media\/364"}],"wp:attachment":[{"href":"https:\/\/agora.xtec.cat\/iespviana\/wp-json\/wp\/v2\/media?parent=358"}],"wp:term":[{"taxonomy":"category","embeddable":true,"href":"https:\/\/agora.xtec.cat\/iespviana\/wp-json\/wp\/v2\/categories?post=358"},{"taxonomy":"post_tag","embeddable":true,"href":"https:\/\/agora.xtec.cat\/iespviana\/wp-json\/wp\/v2\/tags?post=358"}],"curies":[{"name":"wp","href":"https:\/\/api.w.org\/{rel}","templated":true}]}}