{"id":3248,"date":"2018-01-12T09:49:37","date_gmt":"2018-01-12T08:49:37","guid":{"rendered":"http:\/\/agora.xtec.cat\/iespviana\/?p=3248"},"modified":"2018-01-17T12:10:50","modified_gmt":"2018-01-17T11:10:50","slug":"activitats-dorientacio-academica-comenca-la-campanya-in-format-2018","status":"publish","type":"post","link":"https:\/\/agora.xtec.cat\/iespviana\/eso-4\/activitats-dorientacio-academica-comenca-la-campanya-in-format-2018\/","title":{"rendered":"Activitats d&#8217;orientaci\u00f3 acad\u00e8mica. Comen\u00e7a la Campanya In-Forma&#8217;t 2018"},"content":{"rendered":"<p>Del <strong>29 de gener al 16 de mar\u00e7<\/strong>, torna a la ciutat l<strong>\u2019<\/strong><a href=\"http:\/\/www.barcelona.cat\/informat\" target=\"_blank\" rel=\"noopener noreferrer\" data-saferedirecturl=\"https:\/\/www.google.com\/url?hl=ca&amp;q=http:\/\/www.barcelona.cat\/informat&amp;source=gmail&amp;ust=1515833177477000&amp;usg=AFQjCNF26NrSyuQ06OjFMFuNpywDtMF7Tg\"><strong>\u201cIn-forma\u2019t\u201d<\/strong><\/a><strong>,<\/strong> un seguit d\u2019activitats gratu\u00eftes\u00a0destinades a nois i noies que volen descobrir i\/o con\u00e8ixer en detall els estudis no obligatoris que poden cursar.\u200b<\/p>\n<p>Si tens dubtes sobre si fer un grau o un cicle, o no tens ni idea i vas molt perdut\/da i t\u2019envaeix el des\u00e0nim\u2026\u00a0Reserva ja la teva pla\u00e7a a l\u2019<a href=\"http:\/\/www.barcelona.cat\/informat\" target=\"_blank\" rel=\"noopener noreferrer\" data-saferedirecturl=\"https:\/\/www.google.com\/url?hl=ca&amp;q=http:\/\/www.barcelona.cat\/informat&amp;source=gmail&amp;ust=1515833177477000&amp;usg=AFQjCNF26NrSyuQ06OjFMFuNpywDtMF7Tg\">\u201cIn-forma\u2019t\u201d<\/a>\u00a0i\u00a0avan\u00e7a cap al teu futur acad\u00e8mic!<\/p>\n<p>Pren nota de les vies d\u2019acc\u00e9s, el pla d\u2019estudis, les sortides professionals\u2026 de les opcions acad\u00e8miques que tens: des de<strong>\u00a0<\/strong><a href=\"http:\/\/www.informat.cat\/xerrades-cicles-formatius\" target=\"_blank\" rel=\"noopener noreferrer\" data-saferedirecturl=\"https:\/\/www.google.com\/url?hl=ca&amp;q=http:\/\/www.informat.cat\/xerrades-cicles-formatius&amp;source=gmail&amp;ust=1515833177477000&amp;usg=AFQjCNExvsZBaDXWbIHjvoOfh7FI44QCyg\">cicles formatius<\/a>\u00a0a\u00a0<a href=\"http:\/\/www.informat.cat\/xerrades-graus-universitaris\" target=\"_blank\" rel=\"noopener noreferrer\" data-saferedirecturl=\"https:\/\/www.google.com\/url?hl=ca&amp;q=http:\/\/www.informat.cat\/xerrades-graus-universitaris&amp;source=gmail&amp;ust=1515833177477000&amp;usg=AFQjCNEhQ_E8djMfFPD5gllJkBvkTnhHwg\">graus universitaris<\/a>\u00a0fins a\u00a0<a href=\"http:\/\/www.informat.cat\/altres-xerrades\/\" target=\"_blank\" rel=\"noopener noreferrer\" data-saferedirecturl=\"https:\/\/www.google.com\/url?hl=ca&amp;q=http:\/\/www.informat.cat\/altres-xerrades\/&amp;source=gmail&amp;ust=1515833177477000&amp;usg=AFQjCNFaqzrMk4sBAmGuMggmuMLvJnYfMA\">moltes d\u2019altres alternatives per continuar estudiant<\/a>.<\/p>\n<p>Per altra banda\u00a0et convidem\u00a0a participar en:<\/p>\n<p><strong>\u2014\u00a0<\/strong><a href=\"http:\/\/www.informat.cat\/altres-xerrades\/\" target=\"_blank\" rel=\"noopener noreferrer\" data-saferedirecturl=\"https:\/\/www.google.com\/url?hl=ca&amp;q=http:\/\/www.informat.cat\/altres-xerrades\/&amp;source=gmail&amp;ust=1515833177477000&amp;usg=AFQjCNFaqzrMk4sBAmGuMggmuMLvJnYfMA\">Tallers variats<\/a>\u00a0sobre el Treball de recerca, orat\u00f2ria, t\u00e8cniques d\u2019estudi o preparaci\u00f3 per enfrontar les PAU; xerrades entorn el BatxiBac (batxillerat franc\u00e8s) i altres estudis fora de Barcelona ciutat, beques d\u2019estudis tecnol\u00f2gics i cient\u00edfics per a noies\u2026<\/p>\n<p><strong>\u2014\u00a0<\/strong><a href=\"http:\/\/www.informat.cat\/explora\" target=\"_blank\" rel=\"noopener noreferrer\" data-saferedirecturl=\"https:\/\/www.google.com\/url?hl=ca&amp;q=http:\/\/www.informat.cat\/explora&amp;source=gmail&amp;ust=1515833177477000&amp;usg=AFQjCNGGRyJu65isivMNNMvFCmxC7fsbDQ\">Visites a empreses i entitats<\/a>\u00a0on \u201cexplorar\u201d diferents tipus de professions a qu\u00e8 et pots dedicar en l\u2019\u00e0mbit de les arts esc\u00e8niques, l\u2019hoteleria i el turisme, la perruqueria i l\u2019est\u00e8tica, el Treball social, l\u2019advocacia\u2026<\/p>\n<p>Aquest any de nou:\u00a0\u00a0<a href=\"http:\/\/www.informat.cat\/activitats-per-families\" target=\"_blank\" rel=\"noopener noreferrer\" data-saferedirecturl=\"https:\/\/www.google.com\/url?hl=ca&amp;q=http:\/\/www.informat.cat\/activitats-per-families&amp;source=gmail&amp;ust=1515833177477000&amp;usg=AFQjCNG83kuaryqea_mV3f5Dlk5-RD2KTg\">Activitats per a fam\u00edlies<\/a>\u00a0que esdevindran un espai d\u2019informaci\u00f3 i assessorament dirigit a les persones que exerceixen el rol de pare, mare o tutor\/a, on poden con\u00e8ixer el sistema educatiu actual i com acompanyar un\/a adolescent en el moment de presa de decisions.<\/p>\n<p>L\u2019<a href=\"http:\/\/www.barcelona.cat\/informat\" target=\"_blank\" rel=\"noopener noreferrer\" data-saferedirecturl=\"https:\/\/www.google.com\/url?hl=ca&amp;q=http:\/\/www.barcelona.cat\/informat&amp;source=gmail&amp;ust=1515833177477000&amp;usg=AFQjCNF26NrSyuQ06OjFMFuNpywDtMF7Tg\">\u201cIn-forma\u2019t\u201d<\/a>\u00a0est\u00e0 organitzat pel\u00a0<a href=\"http:\/\/ajuntament.barcelona.cat\/joves\/ca\/canal\/centre-dassessorament-academic-joves-caaj\" target=\"_blank\" rel=\"noopener noreferrer\" data-saferedirecturl=\"https:\/\/www.google.com\/url?hl=ca&amp;q=http:\/\/ajuntament.barcelona.cat\/joves\/ca\/canal\/centre-dassessorament-academic-joves-caaj&amp;source=gmail&amp;ust=1515833177478000&amp;usg=AFQjCNGKpkrJioYt1ZemicgDS12IWH0k6Q\">Centre d\u2019Assessorament Acad\u00e8mic per a Joves<\/a>\u00a0i els\u00a0<a href=\"http:\/\/ajuntament.barcelona.cat\/joves\/ca\/canal\/punts-dinformacio-juvenil-pij-de-barcelona\" target=\"_blank\" rel=\"noopener noreferrer\" data-saferedirecturl=\"https:\/\/www.google.com\/url?hl=ca&amp;q=http:\/\/ajuntament.barcelona.cat\/joves\/ca\/canal\/punts-dinformacio-juvenil-pij-de-barcelona&amp;source=gmail&amp;ust=1515833177478000&amp;usg=AFQjCNFPCGLsI9ZOD2nWVeTcCB69Tc50qQ\">Punts infoJOVE de Barcelona<\/a>.<\/p>\n<p>En unes dates en qu\u00e8 els i les joves es plantegen quin estudis realitzaran el proper curs, el seu objectiu amb aquesta iniciativa \u00e9s refor\u00e7ar\u00a0la resta d\u2019<strong>activitats, serveis i projectes sobre itineraris acad\u00e8mics<\/strong>\u00a0que els ofereixen durant\u00a0tot l\u2019any:\u00a0<a href=\"http:\/\/www.informat.cat\/directori-dequipaments\" target=\"_blank\" rel=\"noopener noreferrer\" data-saferedirecturl=\"https:\/\/www.google.com\/url?hl=ca&amp;q=http:\/\/www.informat.cat\/directori-dequipaments&amp;source=gmail&amp;ust=1515833177478000&amp;usg=AFQjCNGzmGFrblFJueuzK5IvyzPd4N_GGw\">assessoraments personalitzats sobre itineraris d\u2019estudis<\/a>,\u00a0<a href=\"http:\/\/www.informat.cat\/decideix\" target=\"_blank\" rel=\"noopener noreferrer\" data-saferedirecturl=\"https:\/\/www.google.com\/url?hl=ca&amp;q=http:\/\/www.informat.cat\/decideix&amp;source=gmail&amp;ust=1515833177478000&amp;usg=AFQjCNEXp3uCCF7Prp7il8wHVuk15HBFSw\">acompanyament en la presa de decisions acad\u00e8miques<\/a>,<a href=\"http:\/\/www.informat.cat\/enllaca\" target=\"_blank\" rel=\"noopener noreferrer\" data-saferedirecturl=\"https:\/\/www.google.com\/url?hl=ca&amp;q=http:\/\/www.informat.cat\/enllaca&amp;source=gmail&amp;ust=1515833177478000&amp;usg=AFQjCNGuyWn5jGTpK6vPKaBYmT3813F2yw\">mentoria amb professionals de diferents sectors<\/a>\u00a0i\u00a0<a href=\"http:\/\/www.informat.cat\/app\/campanya2015\/orientador\" target=\"_blank\" rel=\"noopener noreferrer\" data-saferedirecturl=\"https:\/\/www.google.com\/url?hl=ca&amp;q=http:\/\/www.informat.cat\/app\/campanya2015\/orientador&amp;source=gmail&amp;ust=1515833177478000&amp;usg=AFQjCNF3CvD8Cdx-I24P1Rd4p3EAET4sKg\">orientaci\u00f3 \u201con-line\u201d sobre estudis<\/a>.<\/p>\n<p>Enguany la campanya compta amb la col\u00b7laboraci\u00f3 del\u00a0<a href=\"http:\/\/www.edubcn.cat\/ca\/\" target=\"_blank\" rel=\"noopener noreferrer\" data-saferedirecturl=\"https:\/\/www.google.com\/url?hl=ca&amp;q=http:\/\/www.edubcn.cat\/ca\/&amp;source=gmail&amp;ust=1515833177478000&amp;usg=AFQjCNEl7grnyo9SGXArMpGe6G1inzID5w\">Consorci d\u2019Educaci\u00f3 de Barcelona<\/a>, la\u00a0<a href=\"http:\/\/www.fundaciobcnfp.cat\/index.php\/ca\/\" target=\"_blank\" rel=\"noopener noreferrer\" data-saferedirecturl=\"https:\/\/www.google.com\/url?hl=ca&amp;q=http:\/\/www.fundaciobcnfp.cat\/index.php\/ca\/&amp;source=gmail&amp;ust=1515833177478000&amp;usg=AFQjCNG2hpGXpiNGN00wht6-JjFaed3KbA\">Fundaci\u00f3 BCN Formaci\u00f3 Professional<\/a>,\u00a0<a href=\"https:\/\/treball.barcelonactiva.cat\/porta22\/cat\/assetsocupacio\/equipaments\/pagina19142\/centre-per-al-desenvolupament-professional-porta22.do\" target=\"_blank\" rel=\"noopener noreferrer\" data-saferedirecturl=\"https:\/\/www.google.com\/url?hl=ca&amp;q=https:\/\/treball.barcelonactiva.cat\/porta22\/cat\/assetsocupacio\/equipaments\/pagina19142\/centre-per-al-desenvolupament-professional-porta22.do&amp;source=gmail&amp;ust=1515833177478000&amp;usg=AFQjCNGncnzZwNfePxSau7VPVCipAbGeFw\">Porta22 \u2013 Barcelona Activa<\/a>, el\u00a0<a href=\"http:\/\/familia.bcn.cat\/ca\/centre-families-adolescents\" target=\"_blank\" rel=\"noopener noreferrer\" data-saferedirecturl=\"https:\/\/www.google.com\/url?hl=ca&amp;q=http:\/\/familia.bcn.cat\/ca\/centre-families-adolescents&amp;source=gmail&amp;ust=1515833177478000&amp;usg=AFQjCNF6ijyyHhCMVxcYrbkV5TTHabpQ_w\">Centre per a Fam\u00edlies amb Adolescents<\/a>, els\u00a0<a href=\"http:\/\/ajuntament.barcelona.cat\/joves\/ca\/canal\/punts-jip\" target=\"_blank\" rel=\"noopener noreferrer\" data-saferedirecturl=\"https:\/\/www.google.com\/url?hl=ca&amp;q=http:\/\/ajuntament.barcelona.cat\/joves\/ca\/canal\/punts-jip&amp;source=gmail&amp;ust=1515833177478000&amp;usg=AFQjCNFA9AdSLZKMXTUgXNJNwdFICQK5xQ\">Punts JIP (\u201cJove Informa\u2019t i Participa\u201d)<\/a>, els\u00a0<a href=\"http:\/\/ajuntament.barcelona.cat\/joves\/ca\/canal\/aqui-tescoltem\" target=\"_blank\" rel=\"noopener noreferrer\" data-saferedirecturl=\"https:\/\/www.google.com\/url?hl=ca&amp;q=http:\/\/ajuntament.barcelona.cat\/joves\/ca\/canal\/aqui-tescoltem&amp;source=gmail&amp;ust=1515833177478000&amp;usg=AFQjCNHnA2V4ajFUc0_SRB18trgZ49GO9w\">Punts ATE (\u201cAqu\u00ed t\u2019escoltem!\u201d)<\/a>, i\u00a0<a href=\"http:\/\/www.informat.cat\/organitza\/\" target=\"_blank\" rel=\"noopener noreferrer\" data-saferedirecturl=\"https:\/\/www.google.com\/url?hl=ca&amp;q=http:\/\/www.informat.cat\/organitza\/&amp;source=gmail&amp;ust=1515833177478000&amp;usg=AFQjCNHJ5erh2dFw9_7TNAnxvaOMdIm31Q\">universitats i centres educatius de Barcelona<\/a>.<\/p>\n<p><strong>Recordeu que hi ha places limitades!\u00a0\u200bUs\u00a0esperem!<\/strong><\/p>\n","protected":false},"excerpt":{"rendered":"<p>Del 29 de gener al 16 de mar\u00e7, torna a la ciutat l\u2019\u201cIn-forma\u2019t\u201d, un seguit d\u2019activitats gratu\u00eftes\u00a0destinades a nois i [&hellip;]<\/p>\n","protected":false},"author":1,"featured_media":3258,"comment_status":"closed","ping_status":"closed","sticky":false,"template":"","format":"standard","meta":{"_bbp_topic_count":0,"_bbp_reply_count":0,"_bbp_total_topic_count":0,"_bbp_total_reply_count":0,"_bbp_voice_count":0,"_bbp_anonymous_reply_count":0,"_bbp_topic_count_hidden":0,"_bbp_reply_count_hidden":0,"_bbp_forum_subforum_count":0,"site-sidebar-layout":"default","site-content-layout":"","ast-site-content-layout":"","site-content-style":"default","site-sidebar-style":"default","ast-global-header-display":"","ast-banner-title-visibility":"","ast-main-header-display":"","ast-hfb-above-header-display":"","ast-hfb-below-header-display":"","ast-hfb-mobile-header-display":"","site-post-title":"","ast-breadcrumbs-content":"","ast-featured-img":"","footer-sml-layout":"","theme-transparent-header-meta":"","adv-header-id-meta":"","stick-header-meta":"","header-above-stick-meta":"","header-main-stick-meta":"","header-below-stick-meta":"","astra-migrate-meta-layouts":"default","ast-page-background-enabled":"default","ast-page-background-meta":{"desktop":{"background-color":"var(--ast-global-color-4)","background-image":"","background-repeat":"repeat","background-position":"center center","background-size":"auto","background-attachment":"scroll","background-type":"","background-media":"","overlay-type":"","overlay-color":"","overlay-opacity":"","overlay-gradient":""},"tablet":{"background-color":"","background-image":"","background-repeat":"repeat","background-position":"center center","background-size":"auto","background-attachment":"scroll","background-type":"","background-media":"","overlay-type":"","overlay-color":"","overlay-opacity":"","overlay-gradient":""},"mobile":{"background-color":"","background-image":"","background-repeat":"repeat","background-position":"center center","background-size":"auto","background-attachment":"scroll","background-type":"","background-media":"","overlay-type":"","overlay-color":"","overlay-opacity":"","overlay-gradient":""}},"ast-content-background-meta":{"desktop":{"background-color":"var(--ast-global-color-5)","background-image":"","background-repeat":"repeat","background-position":"center center","background-size":"auto","background-attachment":"scroll","background-type":"","background-media":"","overlay-type":"","overlay-color":"","overlay-opacity":"","overlay-gradient":""},"tablet":{"background-color":"var(--ast-global-color-5)","background-image":"","background-repeat":"repeat","background-position":"center center","background-size":"auto","background-attachment":"scroll","background-type":"","background-media":"","overlay-type":"","overlay-color":"","overlay-opacity":"","overlay-gradient":""},"mobile":{"background-color":"var(--ast-global-color-5)","background-image":"","background-repeat":"repeat","background-position":"center center","background-size":"auto","background-attachment":"scroll","background-type":"","background-media":"","overlay-type":"","overlay-color":"","overlay-opacity":"","overlay-gradient":""}},"footnotes":""},"categories":[8,7,29],"tags":[],"class_list":["post-3248","post","type-post","status-publish","format-standard","has-post-thumbnail","hentry","category-batxillerat","category-eso-4","category-noticies"],"post_mailing_queue_ids":[],"_links":{"self":[{"href":"https:\/\/agora.xtec.cat\/iespviana\/wp-json\/wp\/v2\/posts\/3248","targetHints":{"allow":["GET"]}}],"collection":[{"href":"https:\/\/agora.xtec.cat\/iespviana\/wp-json\/wp\/v2\/posts"}],"about":[{"href":"https:\/\/agora.xtec.cat\/iespviana\/wp-json\/wp\/v2\/types\/post"}],"author":[{"embeddable":true,"href":"https:\/\/agora.xtec.cat\/iespviana\/wp-json\/wp\/v2\/users\/1"}],"replies":[{"embeddable":true,"href":"https:\/\/agora.xtec.cat\/iespviana\/wp-json\/wp\/v2\/comments?post=3248"}],"version-history":[{"count":2,"href":"https:\/\/agora.xtec.cat\/iespviana\/wp-json\/wp\/v2\/posts\/3248\/revisions"}],"predecessor-version":[{"id":3259,"href":"https:\/\/agora.xtec.cat\/iespviana\/wp-json\/wp\/v2\/posts\/3248\/revisions\/3259"}],"wp:featuredmedia":[{"embeddable":true,"href":"https:\/\/agora.xtec.cat\/iespviana\/wp-json\/wp\/v2\/media\/3258"}],"wp:attachment":[{"href":"https:\/\/agora.xtec.cat\/iespviana\/wp-json\/wp\/v2\/media?parent=3248"}],"wp:term":[{"taxonomy":"category","embeddable":true,"href":"https:\/\/agora.xtec.cat\/iespviana\/wp-json\/wp\/v2\/categories?post=3248"},{"taxonomy":"post_tag","embeddable":true,"href":"https:\/\/agora.xtec.cat\/iespviana\/wp-json\/wp\/v2\/tags?post=3248"}],"curies":[{"name":"wp","href":"https:\/\/api.w.org\/{rel}","templated":true}]}}