{"id":3203,"date":"2017-12-12T21:56:15","date_gmt":"2017-12-12T20:56:15","guid":{"rendered":"http:\/\/agora.xtec.cat\/iespviana\/?p=3203"},"modified":"2017-12-12T22:10:19","modified_gmt":"2017-12-12T21:10:19","slug":"jovescientifics-i-etica","status":"publish","type":"post","link":"https:\/\/agora.xtec.cat\/iespviana\/eso-3\/jovescientifics-i-etica\/","title":{"rendered":"Joves,cient\u00edfics i \u00e8tica"},"content":{"rendered":"<p>El nostre institut participa en el projecte \u201cJoves, cient\u00edfics i \u00e8tica\u201d, que \u00a0La Fundaci\u00f3 Catalana per a la Recerca i la Innovaci\u00f3 (FCRi) i la Obra Social \u201cla Caixa\u201d coorganitzen, en col\u00b7laboraci\u00f3 amb el Departament d\u2019Ensenyament de la Generalitat de Catalunya,<\/p>\n<p>L\u2019objectiu del projecte \u00e9s estimular la capacitat cr\u00edtica dels alumnes i promoure la seva implicaci\u00f3 en els debats \u00e8tics que avui dia es plantegen al voltant de temes d\u2019actualitat vinculats a la descoberta cient\u00edfica i les seves implicacions socials, com el canvi clim\u00e0tic, la biomedicina, la nannotecnologia, la rob\u00f2tica i tants altres<\/p>\n<p>El projecte consisteix en que joves estudiants de 3r d\u2019ESO debatin i coneguin els aspectes \u00e8tics que comporta la recerca cient\u00edfica i estableixin les seves pr\u00f2pies conclusions, amb el suport de cient\u00edfics especialitzats en cada tem\u00e0tica i d\u2019experts en \u00e8tica.<\/p>\n<p>El passat 29 de novembre es va fer la trobada final al Cosmocaixa.\u00a0 En aquesta trobada es far\u00e0 la lectura de conclusions a les que han arribat els alumnes, i assistir a la confer\u00e8ncia\u00a0\u201c<em>Dissenyant l\u2019assistent perfecte: Rob\u00f2tica, \u00e8tica i literatura&#8221;<\/em>, confer\u00e8ncia a c\u00e0rrec de la Dra. Carme Torras,\u00a0doctora en inform\u00e0tica i professora d\u2019investigaci\u00f3 a l\u2019Institut de Rob\u00f2tica i Inform\u00e0tica Industrial (CSIC-UPC). La confer\u00e8ncia ser\u00e0 presentada per la Sra. Laura Rubio, directora de Comunicaci\u00f3 de la Fundaci\u00f3 Catalana per a la Recerca i la Innovaci\u00f3.<\/p>\n<p><a href=\"https:\/\/photos.app.goo.gl\/DapPskRwi3Dz1kFu2\" target=\"_blank\" rel=\"noopener noreferrer\">Fotos<\/a><\/p>\n","protected":false},"excerpt":{"rendered":"<p>El nostre institut participa en el projecte \u201cJoves, cient\u00edfics i \u00e8tica\u201d, que \u00a0La Fundaci\u00f3 Catalana per a la Recerca i [&hellip;]<\/p>\n","protected":false},"author":1,"featured_media":3204,"comment_status":"closed","ping_status":"closed","sticky":false,"template":"","format":"standard","meta":{"_bbp_topic_count":0,"_bbp_reply_count":0,"_bbp_total_topic_count":0,"_bbp_total_reply_count":0,"_bbp_voice_count":0,"_bbp_anonymous_reply_count":0,"_bbp_topic_count_hidden":0,"_bbp_reply_count_hidden":0,"_bbp_forum_subforum_count":0,"site-sidebar-layout":"default","site-content-layout":"","ast-site-content-layout":"","site-content-style":"default","site-sidebar-style":"default","ast-global-header-display":"","ast-banner-title-visibility":"","ast-main-header-display":"","ast-hfb-above-header-display":"","ast-hfb-below-header-display":"","ast-hfb-mobile-header-display":"","site-post-title":"","ast-breadcrumbs-content":"","ast-featured-img":"","footer-sml-layout":"","theme-transparent-header-meta":"","adv-header-id-meta":"","stick-header-meta":"","header-above-stick-meta":"","header-main-stick-meta":"","header-below-stick-meta":"","astra-migrate-meta-layouts":"default","ast-page-background-enabled":"default","ast-page-background-meta":{"desktop":{"background-color":"var(--ast-global-color-4)","background-image":"","background-repeat":"repeat","background-position":"center center","background-size":"auto","background-attachment":"scroll","background-type":"","background-media":"","overlay-type":"","overlay-color":"","overlay-opacity":"","overlay-gradient":""},"tablet":{"background-color":"","background-image":"","background-repeat":"repeat","background-position":"center center","background-size":"auto","background-attachment":"scroll","background-type":"","background-media":"","overlay-type":"","overlay-color":"","overlay-opacity":"","overlay-gradient":""},"mobile":{"background-color":"","background-image":"","background-repeat":"repeat","background-position":"center center","background-size":"auto","background-attachment":"scroll","background-type":"","background-media":"","overlay-type":"","overlay-color":"","overlay-opacity":"","overlay-gradient":""}},"ast-content-background-meta":{"desktop":{"background-color":"var(--ast-global-color-5)","background-image":"","background-repeat":"repeat","background-position":"center center","background-size":"auto","background-attachment":"scroll","background-type":"","background-media":"","overlay-type":"","overlay-color":"","overlay-opacity":"","overlay-gradient":""},"tablet":{"background-color":"var(--ast-global-color-5)","background-image":"","background-repeat":"repeat","background-position":"center center","background-size":"auto","background-attachment":"scroll","background-type":"","background-media":"","overlay-type":"","overlay-color":"","overlay-opacity":"","overlay-gradient":""},"mobile":{"background-color":"var(--ast-global-color-5)","background-image":"","background-repeat":"repeat","background-position":"center center","background-size":"auto","background-attachment":"scroll","background-type":"","background-media":"","overlay-type":"","overlay-color":"","overlay-opacity":"","overlay-gradient":""}},"footnotes":""},"categories":[6,29],"tags":[],"class_list":["post-3203","post","type-post","status-publish","format-standard","has-post-thumbnail","hentry","category-eso-3","category-noticies"],"post_mailing_queue_ids":[],"_links":{"self":[{"href":"https:\/\/agora.xtec.cat\/iespviana\/wp-json\/wp\/v2\/posts\/3203","targetHints":{"allow":["GET"]}}],"collection":[{"href":"https:\/\/agora.xtec.cat\/iespviana\/wp-json\/wp\/v2\/posts"}],"about":[{"href":"https:\/\/agora.xtec.cat\/iespviana\/wp-json\/wp\/v2\/types\/post"}],"author":[{"embeddable":true,"href":"https:\/\/agora.xtec.cat\/iespviana\/wp-json\/wp\/v2\/users\/1"}],"replies":[{"embeddable":true,"href":"https:\/\/agora.xtec.cat\/iespviana\/wp-json\/wp\/v2\/comments?post=3203"}],"version-history":[{"count":3,"href":"https:\/\/agora.xtec.cat\/iespviana\/wp-json\/wp\/v2\/posts\/3203\/revisions"}],"predecessor-version":[{"id":3209,"href":"https:\/\/agora.xtec.cat\/iespviana\/wp-json\/wp\/v2\/posts\/3203\/revisions\/3209"}],"wp:featuredmedia":[{"embeddable":true,"href":"https:\/\/agora.xtec.cat\/iespviana\/wp-json\/wp\/v2\/media\/3204"}],"wp:attachment":[{"href":"https:\/\/agora.xtec.cat\/iespviana\/wp-json\/wp\/v2\/media?parent=3203"}],"wp:term":[{"taxonomy":"category","embeddable":true,"href":"https:\/\/agora.xtec.cat\/iespviana\/wp-json\/wp\/v2\/categories?post=3203"},{"taxonomy":"post_tag","embeddable":true,"href":"https:\/\/agora.xtec.cat\/iespviana\/wp-json\/wp\/v2\/tags?post=3203"}],"curies":[{"name":"wp","href":"https:\/\/api.w.org\/{rel}","templated":true}]}}