{"id":1943,"date":"2016-05-22T12:40:06","date_gmt":"2016-05-22T11:40:06","guid":{"rendered":"http:\/\/agora.xtec.cat\/iespviana\/?p=1943"},"modified":"2016-05-22T12:46:36","modified_gmt":"2016-05-22T11:46:36","slug":"jornades-joves-de-teatre-2016","status":"publish","type":"post","link":"https:\/\/agora.xtec.cat\/iespviana\/general\/jornades-joves-de-teatre-2016\/","title":{"rendered":"Jornades Joves de Teatre 2016"},"content":{"rendered":"<p><a href=\"http:\/\/agora.xtec.cat\/iespviana\/wp-content\/uploads\/usu1199\/2016\/05\/teatre.jpg\"><img loading=\"lazy\" decoding=\"async\" class=\"aligncenter size-full wp-image-1944\" src=\"http:\/\/agora.xtec.cat\/iespviana\/wp-content\/uploads\/usu1199\/2016\/05\/teatre.jpg\" alt=\"teatre\" width=\"400\" height=\"124\" srcset=\"https:\/\/agora.xtec.cat\/iespviana\/wp-content\/uploads\/usu1199\/2016\/05\/teatre.jpg 400w, https:\/\/agora.xtec.cat\/iespviana\/wp-content\/uploads\/usu1199\/2016\/05\/teatre-300x93.jpg 300w\" sizes=\"auto, (max-width: 400px) 100vw, 400px\" \/><\/a>El grup de teatre de l&#8217;<b>institut Pr\u00edncep de Viana\u00a0<\/b>ha estat seleccionat per participar amb l&#8217;obra<em><strong> L&#8217;ombra de Lear <\/strong><\/em>a les\u00a0<b>Jornades Joves de Teatre 2016<\/b>, organitzades per l&#8217;Institut d&#8217;Educaci\u00f3 de l&#8217;Ajuntament de Barcelona i que es duen a terme al\u00a0<b>Teatre Lliure de Montju\u00efc<\/b>.<\/p>\n<p>El grup de Teatre del PdV est\u00e0 format per: Guillem Mayol, Sebasti\u00e0 Mart\u00ednez Furgassot, Mart\u00ed Rif\u00e0, Nora Taschlmar, Claudia Magall\u00f3n, N\u00faria Padilla, Maria Nieto, Carlota Mesquida, Esteve G\u00f3mez, Nil Alcaraz i Luis Nelson Valderramo. Moltes felicitats!!!<\/p>\n<p>Adjuntem la <a href=\"http:\/\/agora.xtec.cat\/iespviana\/wp-content\/uploads\/usu1199\/2016\/05\/Convocatoria-PRINCEP-DE-VIANA_lombra-de-lear.pdf\">convocat\u00f2ria<\/a>.<\/p>\n","protected":false},"excerpt":{"rendered":"<p>El grup de teatre de l&#8217;institut Pr\u00edncep de Viana\u00a0ha estat seleccionat per participar amb l&#8217;obra L&#8217;ombra de Lear a les\u00a0Jornades [&hellip;]<\/p>\n","protected":false},"author":1,"featured_media":1944,"comment_status":"open","ping_status":"open","sticky":false,"template":"","format":"standard","meta":{"_bbp_topic_count":0,"_bbp_reply_count":0,"_bbp_total_topic_count":0,"_bbp_total_reply_count":0,"_bbp_voice_count":0,"_bbp_anonymous_reply_count":0,"_bbp_topic_count_hidden":0,"_bbp_reply_count_hidden":0,"_bbp_forum_subforum_count":0,"site-sidebar-layout":"default","site-content-layout":"","ast-site-content-layout":"","site-content-style":"default","site-sidebar-style":"default","ast-global-header-display":"","ast-banner-title-visibility":"","ast-main-header-display":"","ast-hfb-above-header-display":"","ast-hfb-below-header-display":"","ast-hfb-mobile-header-display":"","site-post-title":"","ast-breadcrumbs-content":"","ast-featured-img":"","footer-sml-layout":"","theme-transparent-header-meta":"","adv-header-id-meta":"","stick-header-meta":"","header-above-stick-meta":"","header-main-stick-meta":"","header-below-stick-meta":"","astra-migrate-meta-layouts":"default","ast-page-background-enabled":"default","ast-page-background-meta":{"desktop":{"background-color":"var(--ast-global-color-4)","background-image":"","background-repeat":"repeat","background-position":"center center","background-size":"auto","background-attachment":"scroll","background-type":"","background-media":"","overlay-type":"","overlay-color":"","overlay-opacity":"","overlay-gradient":""},"tablet":{"background-color":"","background-image":"","background-repeat":"repeat","background-position":"center center","background-size":"auto","background-attachment":"scroll","background-type":"","background-media":"","overlay-type":"","overlay-color":"","overlay-opacity":"","overlay-gradient":""},"mobile":{"background-color":"","background-image":"","background-repeat":"repeat","background-position":"center center","background-size":"auto","background-attachment":"scroll","background-type":"","background-media":"","overlay-type":"","overlay-color":"","overlay-opacity":"","overlay-gradient":""}},"ast-content-background-meta":{"desktop":{"background-color":"var(--ast-global-color-5)","background-image":"","background-repeat":"repeat","background-position":"center center","background-size":"auto","background-attachment":"scroll","background-type":"","background-media":"","overlay-type":"","overlay-color":"","overlay-opacity":"","overlay-gradient":""},"tablet":{"background-color":"var(--ast-global-color-5)","background-image":"","background-repeat":"repeat","background-position":"center center","background-size":"auto","background-attachment":"scroll","background-type":"","background-media":"","overlay-type":"","overlay-color":"","overlay-opacity":"","overlay-gradient":""},"mobile":{"background-color":"var(--ast-global-color-5)","background-image":"","background-repeat":"repeat","background-position":"center center","background-size":"auto","background-attachment":"scroll","background-type":"","background-media":"","overlay-type":"","overlay-color":"","overlay-opacity":"","overlay-gradient":""}},"footnotes":""},"categories":[8,58,59,3,4,9,10,11,52,5,14,15,16,53,6,19,20,21,54,7,24,25,26,1,29],"tags":[47,46,40],"class_list":["post-1943","post","type-post","status-publish","format-standard","has-post-thumbnail","hentry","category-batxillerat","category-batxillerat-1","category-batxillerat-2","category-eso","category-eso-1","category-eso-1a","category-eso-1b","category-eso-1c","category-eso-1d","category-eso-2","category-eso-2a","category-eso-2b","category-eso-2c","category-eso-2d","category-eso-3","category-eso-3a","category-eso-3b","category-eso-3c","category-eso-3d","category-eso-4","category-eso-4a","category-eso-4b","category-eso-4c","category-general","category-noticies","tag-activitats-i-projectes","tag-reconeixement-extern","tag-teatre"],"post_mailing_queue_ids":[],"_links":{"self":[{"href":"https:\/\/agora.xtec.cat\/iespviana\/wp-json\/wp\/v2\/posts\/1943","targetHints":{"allow":["GET"]}}],"collection":[{"href":"https:\/\/agora.xtec.cat\/iespviana\/wp-json\/wp\/v2\/posts"}],"about":[{"href":"https:\/\/agora.xtec.cat\/iespviana\/wp-json\/wp\/v2\/types\/post"}],"author":[{"embeddable":true,"href":"https:\/\/agora.xtec.cat\/iespviana\/wp-json\/wp\/v2\/users\/1"}],"replies":[{"embeddable":true,"href":"https:\/\/agora.xtec.cat\/iespviana\/wp-json\/wp\/v2\/comments?post=1943"}],"version-history":[{"count":3,"href":"https:\/\/agora.xtec.cat\/iespviana\/wp-json\/wp\/v2\/posts\/1943\/revisions"}],"predecessor-version":[{"id":1948,"href":"https:\/\/agora.xtec.cat\/iespviana\/wp-json\/wp\/v2\/posts\/1943\/revisions\/1948"}],"wp:featuredmedia":[{"embeddable":true,"href":"https:\/\/agora.xtec.cat\/iespviana\/wp-json\/wp\/v2\/media\/1944"}],"wp:attachment":[{"href":"https:\/\/agora.xtec.cat\/iespviana\/wp-json\/wp\/v2\/media?parent=1943"}],"wp:term":[{"taxonomy":"category","embeddable":true,"href":"https:\/\/agora.xtec.cat\/iespviana\/wp-json\/wp\/v2\/categories?post=1943"},{"taxonomy":"post_tag","embeddable":true,"href":"https:\/\/agora.xtec.cat\/iespviana\/wp-json\/wp\/v2\/tags?post=1943"}],"curies":[{"name":"wp","href":"https:\/\/api.w.org\/{rel}","templated":true}]}}