{"id":1890,"date":"2016-04-26T11:17:26","date_gmt":"2016-04-26T10:17:26","guid":{"rendered":"http:\/\/agora.xtec.cat\/iespviana\/?p=1890"},"modified":"2016-04-26T11:18:41","modified_gmt":"2016-04-26T10:18:41","slug":"preinscripcio-ensenyaments-postobligatoris-curs-16-17","status":"publish","type":"post","link":"https:\/\/agora.xtec.cat\/iespviana\/general\/preinscripcio-ensenyaments-postobligatoris-curs-16-17\/","title":{"rendered":"Preinscripci\u00f3 ensenyaments post-obligatoris per al curs 2016-17"},"content":{"rendered":"<p><a href=\"http:\/\/agora.xtec.cat\/iespviana\/wp-content\/uploads\/usu1199\/2016\/04\/preinspost.jpg\"><img loading=\"lazy\" decoding=\"async\" class=\"aligncenter size-full wp-image-1891\" src=\"http:\/\/agora.xtec.cat\/iespviana\/wp-content\/uploads\/usu1199\/2016\/04\/preinspost.jpg\" alt=\"preinspost\" width=\"400\" height=\"202\" srcset=\"https:\/\/agora.xtec.cat\/iespviana\/wp-content\/uploads\/usu1199\/2016\/04\/preinspost.jpg 400w, https:\/\/agora.xtec.cat\/iespviana\/wp-content\/uploads\/usu1199\/2016\/04\/preinspost-300x152.jpg 300w\" sizes=\"auto, (max-width: 400px) 100vw, 400px\" \/><\/a><\/p>\n<p>Del\u00a0<strong>18 al 25 de maig<\/strong>, per al batxillerat, els cicles de grau mitj\u00e0 de formaci\u00f3 professional i d&#8217;arts pl\u00e0stiques i disseny.<\/p>\n<p>Del <strong>17 al 27 de maig<\/strong>, per als programes de formaci\u00f3 i inserci\u00f3.<\/p>\n<p>Del <strong>26 de maig a l&#8217;1 de juny<\/strong>, per als cicles de grau superior de formaci\u00f3 professional i d&#8217;arts pl\u00e0stiques i disseny.<\/p>\n<p>Del <strong>18 al 25 de maig<\/strong>, per als ensenyaments esportius (primer per\u00edode).<\/p>\n<p>Del <strong>20 al 28 de juny<\/strong>, per als ensenyaments d&#8217;educaci\u00f3 d&#8217;adults.<\/p>\n<p>Del <strong>4 al 8 de juliol<\/strong>, per als cursos de formaci\u00f3 espec\u00edfics per a l&#8217;acc\u00e9s a cicles de grau mitj\u00e0 i de grau superior, llevat dels de grau mitj\u00e0 que es fan en centres de formaci\u00f3 d&#8217;adults que segueixen el calendari d&#8217;aquests ensenyaments.<\/p>\n<p>De l&#8217;<strong>1 al 5 de setembre<\/strong>, per als cursos extensius i per al primer per\u00edode de cursos intensius i flexibilitzats de les escoles oficials d&#8217;idiomes.<\/p>\n<p><a href=\"http:\/\/www.edubcn.cat\/ca\/alumnat_i_familia\/informacio_general_matriculacio\/preinscripcio_i_matricula\" target=\"_blank\">M\u00e9s informaci\u00f3<\/a>.<\/p>\n","protected":false},"excerpt":{"rendered":"<p>Del\u00a018 al 25 de maig, per al batxillerat, els cicles de grau mitj\u00e0 de formaci\u00f3 professional i d&#8217;arts pl\u00e0stiques i [&hellip;]<\/p>\n","protected":false},"author":1,"featured_media":1891,"comment_status":"open","ping_status":"open","sticky":false,"template":"","format":"standard","meta":{"_bbp_topic_count":0,"_bbp_reply_count":0,"_bbp_total_topic_count":0,"_bbp_total_reply_count":0,"_bbp_voice_count":0,"_bbp_anonymous_reply_count":0,"_bbp_topic_count_hidden":0,"_bbp_reply_count_hidden":0,"_bbp_forum_subforum_count":0,"site-sidebar-layout":"default","site-content-layout":"","ast-site-content-layout":"","site-content-style":"default","site-sidebar-style":"default","ast-global-header-display":"","ast-banner-title-visibility":"","ast-main-header-display":"","ast-hfb-above-header-display":"","ast-hfb-below-header-display":"","ast-hfb-mobile-header-display":"","site-post-title":"","ast-breadcrumbs-content":"","ast-featured-img":"","footer-sml-layout":"","theme-transparent-header-meta":"","adv-header-id-meta":"","stick-header-meta":"","header-above-stick-meta":"","header-main-stick-meta":"","header-below-stick-meta":"","astra-migrate-meta-layouts":"default","ast-page-background-enabled":"default","ast-page-background-meta":{"desktop":{"background-color":"var(--ast-global-color-4)","background-image":"","background-repeat":"repeat","background-position":"center center","background-size":"auto","background-attachment":"scroll","background-type":"","background-media":"","overlay-type":"","overlay-color":"","overlay-opacity":"","overlay-gradient":""},"tablet":{"background-color":"","background-image":"","background-repeat":"repeat","background-position":"center center","background-size":"auto","background-attachment":"scroll","background-type":"","background-media":"","overlay-type":"","overlay-color":"","overlay-opacity":"","overlay-gradient":""},"mobile":{"background-color":"","background-image":"","background-repeat":"repeat","background-position":"center center","background-size":"auto","background-attachment":"scroll","background-type":"","background-media":"","overlay-type":"","overlay-color":"","overlay-opacity":"","overlay-gradient":""}},"ast-content-background-meta":{"desktop":{"background-color":"var(--ast-global-color-5)","background-image":"","background-repeat":"repeat","background-position":"center center","background-size":"auto","background-attachment":"scroll","background-type":"","background-media":"","overlay-type":"","overlay-color":"","overlay-opacity":"","overlay-gradient":""},"tablet":{"background-color":"var(--ast-global-color-5)","background-image":"","background-repeat":"repeat","background-position":"center center","background-size":"auto","background-attachment":"scroll","background-type":"","background-media":"","overlay-type":"","overlay-color":"","overlay-opacity":"","overlay-gradient":""},"mobile":{"background-color":"var(--ast-global-color-5)","background-image":"","background-repeat":"repeat","background-position":"center center","background-size":"auto","background-attachment":"scroll","background-type":"","background-media":"","overlay-type":"","overlay-color":"","overlay-opacity":"","overlay-gradient":""}},"footnotes":""},"categories":[8,58,59,6,19,20,21,54,7,24,25,26,1,29],"tags":[48,76],"class_list":["post-1890","post","type-post","status-publish","format-standard","has-post-thumbnail","hentry","category-batxillerat","category-batxillerat-1","category-batxillerat-2","category-eso-3","category-eso-3a","category-eso-3b","category-eso-3c","category-eso-3d","category-eso-4","category-eso-4a","category-eso-4b","category-eso-4c","category-general","category-noticies","tag-actes-administratius","tag-preinscripcio"],"post_mailing_queue_ids":[],"_links":{"self":[{"href":"https:\/\/agora.xtec.cat\/iespviana\/wp-json\/wp\/v2\/posts\/1890","targetHints":{"allow":["GET"]}}],"collection":[{"href":"https:\/\/agora.xtec.cat\/iespviana\/wp-json\/wp\/v2\/posts"}],"about":[{"href":"https:\/\/agora.xtec.cat\/iespviana\/wp-json\/wp\/v2\/types\/post"}],"author":[{"embeddable":true,"href":"https:\/\/agora.xtec.cat\/iespviana\/wp-json\/wp\/v2\/users\/1"}],"replies":[{"embeddable":true,"href":"https:\/\/agora.xtec.cat\/iespviana\/wp-json\/wp\/v2\/comments?post=1890"}],"version-history":[{"count":2,"href":"https:\/\/agora.xtec.cat\/iespviana\/wp-json\/wp\/v2\/posts\/1890\/revisions"}],"predecessor-version":[{"id":1893,"href":"https:\/\/agora.xtec.cat\/iespviana\/wp-json\/wp\/v2\/posts\/1890\/revisions\/1893"}],"wp:featuredmedia":[{"embeddable":true,"href":"https:\/\/agora.xtec.cat\/iespviana\/wp-json\/wp\/v2\/media\/1891"}],"wp:attachment":[{"href":"https:\/\/agora.xtec.cat\/iespviana\/wp-json\/wp\/v2\/media?parent=1890"}],"wp:term":[{"taxonomy":"category","embeddable":true,"href":"https:\/\/agora.xtec.cat\/iespviana\/wp-json\/wp\/v2\/categories?post=1890"},{"taxonomy":"post_tag","embeddable":true,"href":"https:\/\/agora.xtec.cat\/iespviana\/wp-json\/wp\/v2\/tags?post=1890"}],"curies":[{"name":"wp","href":"https:\/\/api.w.org\/{rel}","templated":true}]}}