{"id":1679,"date":"2015-11-23T20:06:09","date_gmt":"2015-11-23T19:06:09","guid":{"rendered":"http:\/\/agora.xtec.cat\/iespviana\/?p=1679"},"modified":"2015-11-23T20:06:09","modified_gmt":"2015-11-23T19:06:09","slug":"sortida-al-cinema-2-i-3-eso","status":"publish","type":"post","link":"https:\/\/agora.xtec.cat\/iespviana\/general\/sortida-al-cinema-2-i-3-eso\/","title":{"rendered":"Sortida al cinema 2 i 3 ESO"},"content":{"rendered":"<p style=\"text-align: center;\"><a href=\"https:\/\/picasaweb.google.com\/101536008373761516076\/Curs201516CinemaDretsDelsInfants2I3ESO18I20DeNovembreDe2015#slideshow\/6220424329303560610\" target=\"_blank\"><img loading=\"lazy\" decoding=\"async\" class=\"alignnone size-full wp-image-1680\" src=\"http:\/\/agora.xtec.cat\/iespviana\/wp-content\/uploads\/usu1199\/2015\/11\/cinedretsinf2015_folletocentres-1-1.jpg\" alt=\"cinedretsinf2015_folletocentres (1)-1\" width=\"400\" height=\"115\" srcset=\"https:\/\/agora.xtec.cat\/iespviana\/wp-content\/uploads\/usu1199\/2015\/11\/cinedretsinf2015_folletocentres-1-1.jpg 400w, https:\/\/agora.xtec.cat\/iespviana\/wp-content\/uploads\/usu1199\/2015\/11\/cinedretsinf2015_folletocentres-1-1-300x86.jpg 300w\" sizes=\"auto, (max-width: 400px) 100vw, 400px\" \/><\/a><\/p>\n<div>\n<p class=\"gmail_quote\" style=\"text-align: justify;\">Dimecres 18 i divendres 20 de novembre l&#8217;alumnat de 2 i 3 ESO va anar als cinemes Girona dins del\u00a0<b><a href=\"http:\/\/www.cinemadretsinfants.org\/inici-2015\/\" target=\"_blank\">Cicle de Cinema i Drets del Infants<\/a> organitzat per l&#8217;Ajuntament de Barcelona<\/b>\u00a0per veure la pel.l\u00edcula &#8220;M\u00e1s all\u00e1 de la pizarra&#8221; i &#8220;L&#8217;onada&#8221;, respectivament.<\/p>\n<p class=\"gmail_quote\" style=\"text-align: justify;\">Els representants de cada classe, abans de comen\u00e7ar la projecci\u00f3, van sortir a l&#8217;escenari per tal de compartir all\u00f2 que s&#8217;havia treballat a l&#8217;aula respecte del lema d&#8217;enguany: EDUCAR PER VIURE.<\/p>\n<\/div>\n<div>\n<p class=\"gmail_quote\" style=\"text-align: justify;\">En breu podreu consultar en el bloc les seves creacions!<\/p>\n<\/div>\n","protected":false},"excerpt":{"rendered":"<p>Dimecres 18 i divendres 20 de novembre l&#8217;alumnat de 2 i 3 ESO va anar als cinemes Girona dins del\u00a0Cicle [&hellip;]<\/p>\n","protected":false},"author":1,"featured_media":1680,"comment_status":"open","ping_status":"open","sticky":false,"template":"","format":"standard","meta":{"_bbp_topic_count":0,"_bbp_reply_count":0,"_bbp_total_topic_count":0,"_bbp_total_reply_count":0,"_bbp_voice_count":0,"_bbp_anonymous_reply_count":0,"_bbp_topic_count_hidden":0,"_bbp_reply_count_hidden":0,"_bbp_forum_subforum_count":0,"site-sidebar-layout":"default","site-content-layout":"","ast-site-content-layout":"","site-content-style":"default","site-sidebar-style":"default","ast-global-header-display":"","ast-banner-title-visibility":"","ast-main-header-display":"","ast-hfb-above-header-display":"","ast-hfb-below-header-display":"","ast-hfb-mobile-header-display":"","site-post-title":"","ast-breadcrumbs-content":"","ast-featured-img":"","footer-sml-layout":"","theme-transparent-header-meta":"","adv-header-id-meta":"","stick-header-meta":"","header-above-stick-meta":"","header-main-stick-meta":"","header-below-stick-meta":"","astra-migrate-meta-layouts":"default","ast-page-background-enabled":"default","ast-page-background-meta":{"desktop":{"background-color":"var(--ast-global-color-4)","background-image":"","background-repeat":"repeat","background-position":"center center","background-size":"auto","background-attachment":"scroll","background-type":"","background-media":"","overlay-type":"","overlay-color":"","overlay-opacity":"","overlay-gradient":""},"tablet":{"background-color":"","background-image":"","background-repeat":"repeat","background-position":"center center","background-size":"auto","background-attachment":"scroll","background-type":"","background-media":"","overlay-type":"","overlay-color":"","overlay-opacity":"","overlay-gradient":""},"mobile":{"background-color":"","background-image":"","background-repeat":"repeat","background-position":"center center","background-size":"auto","background-attachment":"scroll","background-type":"","background-media":"","overlay-type":"","overlay-color":"","overlay-opacity":"","overlay-gradient":""}},"ast-content-background-meta":{"desktop":{"background-color":"var(--ast-global-color-5)","background-image":"","background-repeat":"repeat","background-position":"center center","background-size":"auto","background-attachment":"scroll","background-type":"","background-media":"","overlay-type":"","overlay-color":"","overlay-opacity":"","overlay-gradient":""},"tablet":{"background-color":"var(--ast-global-color-5)","background-image":"","background-repeat":"repeat","background-position":"center center","background-size":"auto","background-attachment":"scroll","background-type":"","background-media":"","overlay-type":"","overlay-color":"","overlay-opacity":"","overlay-gradient":""},"mobile":{"background-color":"var(--ast-global-color-5)","background-image":"","background-repeat":"repeat","background-position":"center center","background-size":"auto","background-attachment":"scroll","background-type":"","background-media":"","overlay-type":"","overlay-color":"","overlay-opacity":"","overlay-gradient":""}},"footnotes":""},"categories":[5,14,15,16,53,6,19,20,21,54,1,29],"tags":[47,69,39],"class_list":["post-1679","post","type-post","status-publish","format-standard","has-post-thumbnail","hentry","category-eso-2","category-eso-2a","category-eso-2b","category-eso-2c","category-eso-2d","category-eso-3","category-eso-3a","category-eso-3b","category-eso-3c","category-eso-3d","category-general","category-noticies","tag-activitats-i-projectes","tag-cinema","tag-sortides"],"post_mailing_queue_ids":[],"_links":{"self":[{"href":"https:\/\/agora.xtec.cat\/iespviana\/wp-json\/wp\/v2\/posts\/1679","targetHints":{"allow":["GET"]}}],"collection":[{"href":"https:\/\/agora.xtec.cat\/iespviana\/wp-json\/wp\/v2\/posts"}],"about":[{"href":"https:\/\/agora.xtec.cat\/iespviana\/wp-json\/wp\/v2\/types\/post"}],"author":[{"embeddable":true,"href":"https:\/\/agora.xtec.cat\/iespviana\/wp-json\/wp\/v2\/users\/1"}],"replies":[{"embeddable":true,"href":"https:\/\/agora.xtec.cat\/iespviana\/wp-json\/wp\/v2\/comments?post=1679"}],"version-history":[{"count":1,"href":"https:\/\/agora.xtec.cat\/iespviana\/wp-json\/wp\/v2\/posts\/1679\/revisions"}],"predecessor-version":[{"id":1681,"href":"https:\/\/agora.xtec.cat\/iespviana\/wp-json\/wp\/v2\/posts\/1679\/revisions\/1681"}],"wp:featuredmedia":[{"embeddable":true,"href":"https:\/\/agora.xtec.cat\/iespviana\/wp-json\/wp\/v2\/media\/1680"}],"wp:attachment":[{"href":"https:\/\/agora.xtec.cat\/iespviana\/wp-json\/wp\/v2\/media?parent=1679"}],"wp:term":[{"taxonomy":"category","embeddable":true,"href":"https:\/\/agora.xtec.cat\/iespviana\/wp-json\/wp\/v2\/categories?post=1679"},{"taxonomy":"post_tag","embeddable":true,"href":"https:\/\/agora.xtec.cat\/iespviana\/wp-json\/wp\/v2\/tags?post=1679"}],"curies":[{"name":"wp","href":"https:\/\/api.w.org\/{rel}","templated":true}]}}