{"id":1427,"date":"2015-06-15T11:40:51","date_gmt":"2015-06-15T10:40:51","guid":{"rendered":"http:\/\/agora.xtec.cat\/iespviana\/?p=1427"},"modified":"2015-06-15T16:24:22","modified_gmt":"2015-06-15T15:24:22","slug":"1427","status":"publish","type":"post","link":"https:\/\/agora.xtec.cat\/iespviana\/general\/1427\/","title":{"rendered":"Els alumnes d&#8217;ESO 1 us mostren els seus Treballs de Tecnologia"},"content":{"rendered":"<table class=\" aligncenter\" style=\"height: 247px; border-color: #ffffff;\" width=\"650\">\n<tbody>\n<tr>\n<td><a title=\"Foto-\u00e0lbum\" href=\"https:\/\/picasaweb.google.com\/113886725935564756349\/Curs201415TreballsDeTecnologiaFustaESO115DeJuny2015#slideshow\/6160538231646323666\" target=\"_blank\"><img loading=\"lazy\" decoding=\"async\" class=\"aligncenter wp-image-1437\" src=\"http:\/\/agora.xtec.cat\/iespviana\/wp-content\/uploads\/usu1199\/2015\/06\/escriptori_300x2251.jpg\" alt=\"escriptori_300x225\" width=\"300\" height=\"225\" srcset=\"https:\/\/agora.xtec.cat\/iespviana\/wp-content\/uploads\/usu1199\/2015\/06\/escriptori_300x2251.jpg 300w, https:\/\/agora.xtec.cat\/iespviana\/wp-content\/uploads\/usu1199\/2015\/06\/escriptori_300x2251-200x150.jpg 200w\" sizes=\"auto, (max-width: 300px) 100vw, 300px\" \/><\/a><\/td>\n<td><a title=\"Foto-\u00e0lbum\" href=\"https:\/\/picasaweb.google.com\/113886725935564756349\/Curs201415TreballsDeTecnologiaLampadesESO115DeJuny2015#slideshow\/6160546379872082034\" target=\"_blank\"><img loading=\"lazy\" decoding=\"async\" class=\"aligncenter size-medium wp-image-1429\" src=\"http:\/\/agora.xtec.cat\/iespviana\/wp-content\/uploads\/usu1199\/2015\/06\/lampada_300x225.jpg\" alt=\"lampada_300x225\" width=\"300\" height=\"225\" srcset=\"https:\/\/agora.xtec.cat\/iespviana\/wp-content\/uploads\/usu1199\/2015\/06\/lampada_300x225.jpg 300w, https:\/\/agora.xtec.cat\/iespviana\/wp-content\/uploads\/usu1199\/2015\/06\/lampada_300x225-200x150.jpg 200w\" sizes=\"auto, (max-width: 300px) 100vw, 300px\" \/><\/a><\/td>\n<\/tr>\n<\/tbody>\n<\/table>\n<p>L&#8217;alumnat de 1r d&#8217;ESO us volem mostrar els treballs que hem fet durant aquest curs a l&#8217;Aula de Tecnologia. Al principi de curs vam fer clauers i tangrams. Despr\u00e9s vam dissenyar els nostres propis accessoris d&#8217;escriptori i durant aquest \u00faltim trimestre hem dissenyat i constru\u00eft una l\u00e0mpada de sobretaula. I aqu\u00ed els teniu&#8230;!<\/p>\n<p>&nbsp;<\/p>\n","protected":false},"excerpt":{"rendered":"<p>L&#8217;alumnat de 1r d&#8217;ESO us volem mostrar els treballs que hem fet durant aquest curs a l&#8217;Aula de Tecnologia. Al [&hellip;]<\/p>\n","protected":false},"author":1,"featured_media":1429,"comment_status":"open","ping_status":"open","sticky":false,"template":"","format":"standard","meta":{"_bbp_topic_count":0,"_bbp_reply_count":0,"_bbp_total_topic_count":0,"_bbp_total_reply_count":0,"_bbp_voice_count":0,"_bbp_anonymous_reply_count":0,"_bbp_topic_count_hidden":0,"_bbp_reply_count_hidden":0,"_bbp_forum_subforum_count":0,"site-sidebar-layout":"default","site-content-layout":"","ast-site-content-layout":"","site-content-style":"default","site-sidebar-style":"default","ast-global-header-display":"","ast-banner-title-visibility":"","ast-main-header-display":"","ast-hfb-above-header-display":"","ast-hfb-below-header-display":"","ast-hfb-mobile-header-display":"","site-post-title":"","ast-breadcrumbs-content":"","ast-featured-img":"","footer-sml-layout":"","theme-transparent-header-meta":"","adv-header-id-meta":"","stick-header-meta":"","header-above-stick-meta":"","header-main-stick-meta":"","header-below-stick-meta":"","astra-migrate-meta-layouts":"default","ast-page-background-enabled":"default","ast-page-background-meta":{"desktop":{"background-color":"var(--ast-global-color-4)","background-image":"","background-repeat":"repeat","background-position":"center center","background-size":"auto","background-attachment":"scroll","background-type":"","background-media":"","overlay-type":"","overlay-color":"","overlay-opacity":"","overlay-gradient":""},"tablet":{"background-color":"","background-image":"","background-repeat":"repeat","background-position":"center center","background-size":"auto","background-attachment":"scroll","background-type":"","background-media":"","overlay-type":"","overlay-color":"","overlay-opacity":"","overlay-gradient":""},"mobile":{"background-color":"","background-image":"","background-repeat":"repeat","background-position":"center center","background-size":"auto","background-attachment":"scroll","background-type":"","background-media":"","overlay-type":"","overlay-color":"","overlay-opacity":"","overlay-gradient":""}},"ast-content-background-meta":{"desktop":{"background-color":"var(--ast-global-color-5)","background-image":"","background-repeat":"repeat","background-position":"center center","background-size":"auto","background-attachment":"scroll","background-type":"","background-media":"","overlay-type":"","overlay-color":"","overlay-opacity":"","overlay-gradient":""},"tablet":{"background-color":"var(--ast-global-color-5)","background-image":"","background-repeat":"repeat","background-position":"center center","background-size":"auto","background-attachment":"scroll","background-type":"","background-media":"","overlay-type":"","overlay-color":"","overlay-opacity":"","overlay-gradient":""},"mobile":{"background-color":"var(--ast-global-color-5)","background-image":"","background-repeat":"repeat","background-position":"center center","background-size":"auto","background-attachment":"scroll","background-type":"","background-media":"","overlay-type":"","overlay-color":"","overlay-opacity":"","overlay-gradient":""}},"footnotes":""},"categories":[4,9,10,11,52,1,29],"tags":[47],"class_list":["post-1427","post","type-post","status-publish","format-standard","has-post-thumbnail","hentry","category-eso-1","category-eso-1a","category-eso-1b","category-eso-1c","category-eso-1d","category-general","category-noticies","tag-activitats-i-projectes"],"post_mailing_queue_ids":[],"_links":{"self":[{"href":"https:\/\/agora.xtec.cat\/iespviana\/wp-json\/wp\/v2\/posts\/1427","targetHints":{"allow":["GET"]}}],"collection":[{"href":"https:\/\/agora.xtec.cat\/iespviana\/wp-json\/wp\/v2\/posts"}],"about":[{"href":"https:\/\/agora.xtec.cat\/iespviana\/wp-json\/wp\/v2\/types\/post"}],"author":[{"embeddable":true,"href":"https:\/\/agora.xtec.cat\/iespviana\/wp-json\/wp\/v2\/users\/1"}],"replies":[{"embeddable":true,"href":"https:\/\/agora.xtec.cat\/iespviana\/wp-json\/wp\/v2\/comments?post=1427"}],"version-history":[{"count":3,"href":"https:\/\/agora.xtec.cat\/iespviana\/wp-json\/wp\/v2\/posts\/1427\/revisions"}],"predecessor-version":[{"id":1439,"href":"https:\/\/agora.xtec.cat\/iespviana\/wp-json\/wp\/v2\/posts\/1427\/revisions\/1439"}],"wp:featuredmedia":[{"embeddable":true,"href":"https:\/\/agora.xtec.cat\/iespviana\/wp-json\/wp\/v2\/media\/1429"}],"wp:attachment":[{"href":"https:\/\/agora.xtec.cat\/iespviana\/wp-json\/wp\/v2\/media?parent=1427"}],"wp:term":[{"taxonomy":"category","embeddable":true,"href":"https:\/\/agora.xtec.cat\/iespviana\/wp-json\/wp\/v2\/categories?post=1427"},{"taxonomy":"post_tag","embeddable":true,"href":"https:\/\/agora.xtec.cat\/iespviana\/wp-json\/wp\/v2\/tags?post=1427"}],"curies":[{"name":"wp","href":"https:\/\/api.w.org\/{rel}","templated":true}]}}