{"id":13523,"date":"2025-11-27T11:39:36","date_gmt":"2025-11-27T10:39:36","guid":{"rendered":"https:\/\/agora.xtec.cat\/iespviana\/?p=13523"},"modified":"2025-11-27T11:39:37","modified_gmt":"2025-11-27T10:39:37","slug":"commemoracio-25n","status":"publish","type":"post","link":"https:\/\/agora.xtec.cat\/iespviana\/general\/commemoracio-25n\/","title":{"rendered":"Commemoraci\u00f3 25N"},"content":{"rendered":"\n<p>Amb motiu del Dia Internacional per a l\u2019Eliminaci\u00f3 de la Viol\u00e8ncia envers les Dones, l\u2019Institut Pr\u00edncep de Viana ha dut a terme dues accions de sensibilitzaci\u00f3 adre\u00e7ades a tota la comunitat educativa.<\/p>\n\n\n\n<p>Al llarg del mat\u00ed, diversos grups van iniciar les classes amb la lectura d\u2019un fragment del llibre&nbsp;<em>Valenta com tu<\/em>, una obra que posa de manifest les realitats d\u2019assetjament i viol\u00e8ncia que pateixen moltes dones, noies i nenes arreu del m\u00f3n. Aquesta lectura va servir per generar consci\u00e8ncia i promoure espais de reflexi\u00f3 dins l\u2019aula.<\/p>\n\n\n\n<p>A les 14.15 h, el centre va culminar la commemoraci\u00f3 amb la lectura p\u00fablica del manifest institucional del 25N al pati. L\u2019acte va comptar amb la participaci\u00f3 d\u2019alumnes de tots els nivells educatius, que van donar veu al comprom\u00eds col\u00b7lectiu per erradicar qualsevol forma de viol\u00e8ncia masclista i avan\u00e7ar cap a una societat m\u00e9s segura i igualit\u00e0ria.<\/p>\n\n\n\n<p>Amb aquestes accions, el centre reafirma la seva aposta per l\u2019educaci\u00f3 en la igualtat i el respecte, i per la construcci\u00f3 d\u2019un entorn lliure de viol\u00e8ncies.<\/p>\n\n\n\n<p>Podeu consultar les  fotos i el v\u00eddeo de l&#8217;acte a la <a href=\"https:\/\/drive.google.com\/drive\/folders\/1Z2O78WG_x4K2H314OZBVqDSwbNLZRoTr?usp=drive_link\" data-type=\"link\" data-id=\"https:\/\/drive.google.com\/drive\/folders\/1Z2O78WG_x4K2H314OZBVqDSwbNLZRoTr?usp=drive_link\" target=\"_blank\" rel=\"noreferrer noopener\">mediateca<\/a><\/p>\n\n\n\n<div class=\"wp-block-getwid-images-slider has-arrows-inside has-dots-inside has-images-center has-cropped-images\"><div class=\"wp-block-getwid-images-slider__wrapper\" data-effect=\"slide\" data-slides-show=\"1\" data-slides-show-laptop=\"1\" data-slides-show-tablet=\"1\" data-slides-show-mobile=\"1\" data-slides-scroll=\"1\" data-autoplay=\"false\" data-pause-hover=\"false\" data-autoplay-speed=\"6000\" data-infinite=\"true\" data-animation-speed=\"800\" data-center-mode=\"false\" data-variable-width=\"false\" data-arrows=\"inside\" data-dots=\"inside\" data-spacing=\"none\"><div class=\"wp-block-getwid-images-slider__item\"><figure><img loading=\"lazy\" decoding=\"async\" width=\"720\" height=\"399\" src=\"https:\/\/agora.xtec.cat\/iespviana\/wp-content\/uploads\/usu1199\/2025\/11\/IMG_20251127_105855.jpg\" data-id=\"13526\" data-link=\"https:\/\/agora.xtec.cat\/iespviana\/?attachment_id=13526\" data-original-link=\"https:\/\/agora.xtec.cat\/iespviana\/wp-content\/uploads\/usu1199\/2025\/11\/IMG_20251127_105855.jpg\" class=\"wp-block-getwid-images-slider__image wp-image-13526\" srcset=\"https:\/\/agora.xtec.cat\/iespviana\/wp-content\/uploads\/usu1199\/2025\/11\/IMG_20251127_105855.jpg 720w, https:\/\/agora.xtec.cat\/iespviana\/wp-content\/uploads\/usu1199\/2025\/11\/IMG_20251127_105855-300x166.jpg 300w\" sizes=\"auto, (max-width: 720px) 100vw, 720px\" \/><\/figure><\/div><div class=\"wp-block-getwid-images-slider__item\"><figure><img loading=\"lazy\" decoding=\"async\" width=\"720\" height=\"403\" src=\"https:\/\/agora.xtec.cat\/iespviana\/wp-content\/uploads\/usu1199\/2025\/11\/IMG_20251127_105923.jpg\" data-id=\"13532\" data-link=\"https:\/\/agora.xtec.cat\/iespviana\/?attachment_id=13532\" data-original-link=\"https:\/\/agora.xtec.cat\/iespviana\/wp-content\/uploads\/usu1199\/2025\/11\/IMG_20251127_105923.jpg\" class=\"wp-block-getwid-images-slider__image wp-image-13532\" srcset=\"https:\/\/agora.xtec.cat\/iespviana\/wp-content\/uploads\/usu1199\/2025\/11\/IMG_20251127_105923.jpg 720w, https:\/\/agora.xtec.cat\/iespviana\/wp-content\/uploads\/usu1199\/2025\/11\/IMG_20251127_105923-300x168.jpg 300w\" sizes=\"auto, (max-width: 720px) 100vw, 720px\" \/><\/figure><\/div><\/div><\/div>\n\n\n\n<p><\/p>\n","protected":false},"excerpt":{"rendered":"<p>Amb motiu del Dia Internacional per a l\u2019Eliminaci\u00f3 de la Viol\u00e8ncia envers les Dones, l\u2019Institut Pr\u00edncep de Viana ha dut [&hellip;]<\/p>\n","protected":false},"author":1,"featured_media":13526,"comment_status":"open","ping_status":"open","sticky":false,"template":"","format":"standard","meta":{"_bbp_topic_count":0,"_bbp_reply_count":0,"_bbp_total_topic_count":0,"_bbp_total_reply_count":0,"_bbp_voice_count":0,"_bbp_anonymous_reply_count":0,"_bbp_topic_count_hidden":0,"_bbp_reply_count_hidden":0,"_bbp_forum_subforum_count":0,"site-sidebar-layout":"default","site-content-layout":"","ast-site-content-layout":"default","site-content-style":"default","site-sidebar-style":"default","ast-global-header-display":"","ast-banner-title-visibility":"","ast-main-header-display":"","ast-hfb-above-header-display":"","ast-hfb-below-header-display":"","ast-hfb-mobile-header-display":"","site-post-title":"","ast-breadcrumbs-content":"","ast-featured-img":"disabled","footer-sml-layout":"","theme-transparent-header-meta":"","adv-header-id-meta":"","stick-header-meta":"","header-above-stick-meta":"","header-main-stick-meta":"","header-below-stick-meta":"","astra-migrate-meta-layouts":"set","ast-page-background-enabled":"default","ast-page-background-meta":{"desktop":{"background-color":"var(--ast-global-color-4)","background-image":"","background-repeat":"repeat","background-position":"center center","background-size":"auto","background-attachment":"scroll","background-type":"","background-media":"","overlay-type":"","overlay-color":"","overlay-opacity":"","overlay-gradient":""},"tablet":{"background-color":"","background-image":"","background-repeat":"repeat","background-position":"center center","background-size":"auto","background-attachment":"scroll","background-type":"","background-media":"","overlay-type":"","overlay-color":"","overlay-opacity":"","overlay-gradient":""},"mobile":{"background-color":"","background-image":"","background-repeat":"repeat","background-position":"center center","background-size":"auto","background-attachment":"scroll","background-type":"","background-media":"","overlay-type":"","overlay-color":"","overlay-opacity":"","overlay-gradient":""}},"ast-content-background-meta":{"desktop":{"background-color":"var(--ast-global-color-5)","background-image":"","background-repeat":"repeat","background-position":"center center","background-size":"auto","background-attachment":"scroll","background-type":"","background-media":"","overlay-type":"","overlay-color":"","overlay-opacity":"","overlay-gradient":""},"tablet":{"background-color":"var(--ast-global-color-5)","background-image":"","background-repeat":"repeat","background-position":"center center","background-size":"auto","background-attachment":"scroll","background-type":"","background-media":"","overlay-type":"","overlay-color":"","overlay-opacity":"","overlay-gradient":""},"mobile":{"background-color":"var(--ast-global-color-5)","background-image":"","background-repeat":"repeat","background-position":"center center","background-size":"auto","background-attachment":"scroll","background-type":"","background-media":"","overlay-type":"","overlay-color":"","overlay-opacity":"","overlay-gradient":""}},"footnotes":""},"categories":[8,3,1,29],"tags":[234,47],"class_list":["post-13523","post","type-post","status-publish","format-standard","has-post-thumbnail","hentry","category-batxillerat","category-eso","category-general","category-noticies","tag-25n","tag-activitats-i-projectes"],"post_mailing_queue_ids":[],"_links":{"self":[{"href":"https:\/\/agora.xtec.cat\/iespviana\/wp-json\/wp\/v2\/posts\/13523","targetHints":{"allow":["GET"]}}],"collection":[{"href":"https:\/\/agora.xtec.cat\/iespviana\/wp-json\/wp\/v2\/posts"}],"about":[{"href":"https:\/\/agora.xtec.cat\/iespviana\/wp-json\/wp\/v2\/types\/post"}],"author":[{"embeddable":true,"href":"https:\/\/agora.xtec.cat\/iespviana\/wp-json\/wp\/v2\/users\/1"}],"replies":[{"embeddable":true,"href":"https:\/\/agora.xtec.cat\/iespviana\/wp-json\/wp\/v2\/comments?post=13523"}],"version-history":[{"count":6,"href":"https:\/\/agora.xtec.cat\/iespviana\/wp-json\/wp\/v2\/posts\/13523\/revisions"}],"predecessor-version":[{"id":13534,"href":"https:\/\/agora.xtec.cat\/iespviana\/wp-json\/wp\/v2\/posts\/13523\/revisions\/13534"}],"wp:featuredmedia":[{"embeddable":true,"href":"https:\/\/agora.xtec.cat\/iespviana\/wp-json\/wp\/v2\/media\/13526"}],"wp:attachment":[{"href":"https:\/\/agora.xtec.cat\/iespviana\/wp-json\/wp\/v2\/media?parent=13523"}],"wp:term":[{"taxonomy":"category","embeddable":true,"href":"https:\/\/agora.xtec.cat\/iespviana\/wp-json\/wp\/v2\/categories?post=13523"},{"taxonomy":"post_tag","embeddable":true,"href":"https:\/\/agora.xtec.cat\/iespviana\/wp-json\/wp\/v2\/tags?post=13523"}],"curies":[{"name":"wp","href":"https:\/\/api.w.org\/{rel}","templated":true}]}}