{"id":13479,"date":"2025-10-30T10:55:02","date_gmt":"2025-10-30T09:55:02","guid":{"rendered":"https:\/\/agora.xtec.cat\/iespviana\/?p=13479"},"modified":"2025-10-30T10:58:36","modified_gmt":"2025-10-30T09:58:36","slug":"visitem-les-entitats-del-barri-amb-objectius-investigables","status":"publish","type":"post","link":"https:\/\/agora.xtec.cat\/iespviana\/general\/visitem-les-entitats-del-barri-amb-objectius-investigables\/","title":{"rendered":"Visitem les entitats del barri amb objectius investigables"},"content":{"rendered":"\n<p>Aquest mes d\u2019octubre el nostre alumnat de les mat\u00e8ries de Problem\u00e0tiques Socials i <br>Reptes Cient\u00edfics de 1r de Batxillerat ha realitzat un itinerari per visitar diverses entitats socials del barri de Sant Andreu de Palomar, en col\u00b7laboraci\u00f3 amb el projecte RecercaPau de la Universitat de Barcelona. <\/p>\n\n\n\n<p>En aquesta ocasi\u00f3 hem pogut con\u00e8ixer la realitat d\u2019entitats com Diomcoop, Amics de la Fabra i Coats, Associaci\u00f3 \u201cComunitat Palestina de Catalunya\u201d Rebel\u00b7li\u00f3 Cient\u00edfica, Azimut 360, i els \u00e0mbits actuaci\u00f3 del propi projecte RecercaPau de la UB. Tot amb l\u2019objectiu de con\u00e8ixer de ben a prop aquestes realitats com a propostes investigables de proximitat per al Treball de Recerca de l\u2019alumnat, i com a oportunitat per poder exercitar la t\u00e8cnica de recerca d\u2019un quadern d\u2019observaci\u00f3 cient\u00edfica. L\u2019alumnat ha pogut evidenciar \u00e0mbits tem\u00e0tics de recerca sobre conflictes internacionals, moviments migratoris i inclusi\u00f3, salut i cooperaci\u00f3 internacional, mem\u00f2ria hist\u00f2rica, recerca tecnol\u00f2gica i cooperaci\u00f3.<br>S\u00f2nia Torres Planells<\/p>\n\n\n\n<div class=\"wp-block-getwid-images-slider has-arrows-inside has-dots-inside has-images-center\"><div class=\"wp-block-getwid-images-slider__wrapper\" data-effect=\"slide\" data-slides-show=\"1\" data-slides-show-laptop=\"1\" data-slides-show-tablet=\"1\" data-slides-show-mobile=\"1\" data-slides-scroll=\"1\" data-autoplay=\"false\" data-pause-hover=\"false\" data-autoplay-speed=\"6000\" data-infinite=\"true\" data-animation-speed=\"800\" data-center-mode=\"false\" data-variable-width=\"false\" data-arrows=\"inside\" data-dots=\"inside\" data-spacing=\"none\"><div class=\"wp-block-getwid-images-slider__item\"><figure><img loading=\"lazy\" decoding=\"async\" width=\"2560\" height=\"1920\" src=\"https:\/\/agora.xtec.cat\/iespviana\/wp-content\/uploads\/usu1199\/2025\/10\/IMG_20251024_131735-scaled.jpg\" data-id=\"13483\" data-link=\"https:\/\/agora.xtec.cat\/iespviana\/general\/visitem-les-entitats-del-barri-amb-objectius-investigables\/attachment\/img_20251024_131735\/\" data-original-link=\"https:\/\/agora.xtec.cat\/iespviana\/wp-content\/uploads\/usu1199\/2025\/10\/IMG_20251024_131735-scaled.jpg\" class=\"wp-block-getwid-images-slider__image wp-image-13483\" srcset=\"https:\/\/agora.xtec.cat\/iespviana\/wp-content\/uploads\/usu1199\/2025\/10\/IMG_20251024_131735-scaled.jpg 2560w, https:\/\/agora.xtec.cat\/iespviana\/wp-content\/uploads\/usu1199\/2025\/10\/IMG_20251024_131735-300x225.jpg 300w, https:\/\/agora.xtec.cat\/iespviana\/wp-content\/uploads\/usu1199\/2025\/10\/IMG_20251024_131735-1024x768.jpg 1024w, https:\/\/agora.xtec.cat\/iespviana\/wp-content\/uploads\/usu1199\/2025\/10\/IMG_20251024_131735-768x576.jpg 768w, https:\/\/agora.xtec.cat\/iespviana\/wp-content\/uploads\/usu1199\/2025\/10\/IMG_20251024_131735-1536x1152.jpg 1536w, https:\/\/agora.xtec.cat\/iespviana\/wp-content\/uploads\/usu1199\/2025\/10\/IMG_20251024_131735-2048x1536.jpg 2048w\" sizes=\"auto, (max-width: 2560px) 100vw, 2560px\" \/><\/figure><\/div><div class=\"wp-block-getwid-images-slider__item\"><figure><img loading=\"lazy\" decoding=\"async\" width=\"2560\" height=\"1920\" src=\"https:\/\/agora.xtec.cat\/iespviana\/wp-content\/uploads\/usu1199\/2025\/10\/IMG_20251024_131003-scaled.jpg\" data-id=\"13482\" data-link=\"https:\/\/agora.xtec.cat\/iespviana\/general\/visitem-les-entitats-del-barri-amb-objectius-investigables\/attachment\/img_20251024_131003\/\" data-original-link=\"https:\/\/agora.xtec.cat\/iespviana\/wp-content\/uploads\/usu1199\/2025\/10\/IMG_20251024_131003-scaled.jpg\" class=\"wp-block-getwid-images-slider__image wp-image-13482\" srcset=\"https:\/\/agora.xtec.cat\/iespviana\/wp-content\/uploads\/usu1199\/2025\/10\/IMG_20251024_131003-scaled.jpg 2560w, https:\/\/agora.xtec.cat\/iespviana\/wp-content\/uploads\/usu1199\/2025\/10\/IMG_20251024_131003-300x225.jpg 300w, https:\/\/agora.xtec.cat\/iespviana\/wp-content\/uploads\/usu1199\/2025\/10\/IMG_20251024_131003-1024x768.jpg 1024w, https:\/\/agora.xtec.cat\/iespviana\/wp-content\/uploads\/usu1199\/2025\/10\/IMG_20251024_131003-768x576.jpg 768w, https:\/\/agora.xtec.cat\/iespviana\/wp-content\/uploads\/usu1199\/2025\/10\/IMG_20251024_131003-1536x1152.jpg 1536w, https:\/\/agora.xtec.cat\/iespviana\/wp-content\/uploads\/usu1199\/2025\/10\/IMG_20251024_131003-2048x1536.jpg 2048w\" sizes=\"auto, (max-width: 2560px) 100vw, 2560px\" \/><\/figure><\/div><div class=\"wp-block-getwid-images-slider__item\"><figure><img loading=\"lazy\" decoding=\"async\" width=\"2560\" height=\"1920\" src=\"https:\/\/agora.xtec.cat\/iespviana\/wp-content\/uploads\/usu1199\/2025\/10\/IMG_20251024_130708-scaled.jpg\" data-id=\"13481\" data-link=\"https:\/\/agora.xtec.cat\/iespviana\/general\/visitem-les-entitats-del-barri-amb-objectius-investigables\/attachment\/img_20251024_130708\/\" data-original-link=\"https:\/\/agora.xtec.cat\/iespviana\/wp-content\/uploads\/usu1199\/2025\/10\/IMG_20251024_130708-scaled.jpg\" class=\"wp-block-getwid-images-slider__image wp-image-13481\" srcset=\"https:\/\/agora.xtec.cat\/iespviana\/wp-content\/uploads\/usu1199\/2025\/10\/IMG_20251024_130708-scaled.jpg 2560w, https:\/\/agora.xtec.cat\/iespviana\/wp-content\/uploads\/usu1199\/2025\/10\/IMG_20251024_130708-300x225.jpg 300w, https:\/\/agora.xtec.cat\/iespviana\/wp-content\/uploads\/usu1199\/2025\/10\/IMG_20251024_130708-1024x768.jpg 1024w, https:\/\/agora.xtec.cat\/iespviana\/wp-content\/uploads\/usu1199\/2025\/10\/IMG_20251024_130708-768x576.jpg 768w, https:\/\/agora.xtec.cat\/iespviana\/wp-content\/uploads\/usu1199\/2025\/10\/IMG_20251024_130708-1536x1152.jpg 1536w, https:\/\/agora.xtec.cat\/iespviana\/wp-content\/uploads\/usu1199\/2025\/10\/IMG_20251024_130708-2048x1536.jpg 2048w\" sizes=\"auto, (max-width: 2560px) 100vw, 2560px\" \/><\/figure><\/div><\/div><\/div>\n","protected":false},"excerpt":{"rendered":"<p>Aquest mes d\u2019octubre el nostre alumnat de les mat\u00e8ries de Problem\u00e0tiques Socials i Reptes Cient\u00edfics de 1r de Batxillerat ha [&hellip;]<\/p>\n","protected":false},"author":1,"featured_media":13481,"comment_status":"closed","ping_status":"closed","sticky":false,"template":"","format":"standard","meta":{"_bbp_topic_count":0,"_bbp_reply_count":0,"_bbp_total_topic_count":0,"_bbp_total_reply_count":0,"_bbp_voice_count":0,"_bbp_anonymous_reply_count":0,"_bbp_topic_count_hidden":0,"_bbp_reply_count_hidden":0,"_bbp_forum_subforum_count":0,"site-sidebar-layout":"default","site-content-layout":"","ast-site-content-layout":"default","site-content-style":"default","site-sidebar-style":"default","ast-global-header-display":"","ast-banner-title-visibility":"","ast-main-header-display":"","ast-hfb-above-header-display":"","ast-hfb-below-header-display":"","ast-hfb-mobile-header-display":"","site-post-title":"","ast-breadcrumbs-content":"","ast-featured-img":"","footer-sml-layout":"","theme-transparent-header-meta":"","adv-header-id-meta":"","stick-header-meta":"","header-above-stick-meta":"","header-main-stick-meta":"","header-below-stick-meta":"","astra-migrate-meta-layouts":"set","ast-page-background-enabled":"default","ast-page-background-meta":{"desktop":{"background-color":"var(--ast-global-color-4)","background-image":"","background-repeat":"repeat","background-position":"center center","background-size":"auto","background-attachment":"scroll","background-type":"","background-media":"","overlay-type":"","overlay-color":"","overlay-opacity":"","overlay-gradient":""},"tablet":{"background-color":"","background-image":"","background-repeat":"repeat","background-position":"center center","background-size":"auto","background-attachment":"scroll","background-type":"","background-media":"","overlay-type":"","overlay-color":"","overlay-opacity":"","overlay-gradient":""},"mobile":{"background-color":"","background-image":"","background-repeat":"repeat","background-position":"center center","background-size":"auto","background-attachment":"scroll","background-type":"","background-media":"","overlay-type":"","overlay-color":"","overlay-opacity":"","overlay-gradient":""}},"ast-content-background-meta":{"desktop":{"background-color":"var(--ast-global-color-5)","background-image":"","background-repeat":"repeat","background-position":"center center","background-size":"auto","background-attachment":"scroll","background-type":"","background-media":"","overlay-type":"","overlay-color":"","overlay-opacity":"","overlay-gradient":""},"tablet":{"background-color":"var(--ast-global-color-5)","background-image":"","background-repeat":"repeat","background-position":"center center","background-size":"auto","background-attachment":"scroll","background-type":"","background-media":"","overlay-type":"","overlay-color":"","overlay-opacity":"","overlay-gradient":""},"mobile":{"background-color":"var(--ast-global-color-5)","background-image":"","background-repeat":"repeat","background-position":"center center","background-size":"auto","background-attachment":"scroll","background-type":"","background-media":"","overlay-type":"","overlay-color":"","overlay-opacity":"","overlay-gradient":""}},"footnotes":""},"categories":[8,58,1,29],"tags":[47,214,231,39],"class_list":["post-13479","post","type-post","status-publish","format-standard","has-post-thumbnail","hentry","category-batxillerat","category-batxillerat-1","category-general","category-noticies","tag-activitats-i-projectes","tag-batxillerat","tag-problematiques-socials","tag-sortides"],"post_mailing_queue_ids":[],"_links":{"self":[{"href":"https:\/\/agora.xtec.cat\/iespviana\/wp-json\/wp\/v2\/posts\/13479","targetHints":{"allow":["GET"]}}],"collection":[{"href":"https:\/\/agora.xtec.cat\/iespviana\/wp-json\/wp\/v2\/posts"}],"about":[{"href":"https:\/\/agora.xtec.cat\/iespviana\/wp-json\/wp\/v2\/types\/post"}],"author":[{"embeddable":true,"href":"https:\/\/agora.xtec.cat\/iespviana\/wp-json\/wp\/v2\/users\/1"}],"replies":[{"embeddable":true,"href":"https:\/\/agora.xtec.cat\/iespviana\/wp-json\/wp\/v2\/comments?post=13479"}],"version-history":[{"count":4,"href":"https:\/\/agora.xtec.cat\/iespviana\/wp-json\/wp\/v2\/posts\/13479\/revisions"}],"predecessor-version":[{"id":13487,"href":"https:\/\/agora.xtec.cat\/iespviana\/wp-json\/wp\/v2\/posts\/13479\/revisions\/13487"}],"wp:featuredmedia":[{"embeddable":true,"href":"https:\/\/agora.xtec.cat\/iespviana\/wp-json\/wp\/v2\/media\/13481"}],"wp:attachment":[{"href":"https:\/\/agora.xtec.cat\/iespviana\/wp-json\/wp\/v2\/media?parent=13479"}],"wp:term":[{"taxonomy":"category","embeddable":true,"href":"https:\/\/agora.xtec.cat\/iespviana\/wp-json\/wp\/v2\/categories?post=13479"},{"taxonomy":"post_tag","embeddable":true,"href":"https:\/\/agora.xtec.cat\/iespviana\/wp-json\/wp\/v2\/tags?post=13479"}],"curies":[{"name":"wp","href":"https:\/\/api.w.org\/{rel}","templated":true}]}}