{"id":13471,"date":"2025-10-22T18:23:29","date_gmt":"2025-10-22T16:23:29","guid":{"rendered":"https:\/\/agora.xtec.cat\/iespviana\/?p=13471"},"modified":"2025-10-22T18:23:29","modified_gmt":"2025-10-22T16:23:29","slug":"nou-servei-estarb","status":"publish","type":"post","link":"https:\/\/agora.xtec.cat\/iespviana\/eso\/nou-servei-estarb\/","title":{"rendered":"Nou servei EstarB"},"content":{"rendered":"\n<p>La ciutat de Barcelona ofereix un nou servei per a adolescents, fam\u00edlies i agents educatius per atendre les seves necessitats psicol\u00f2giques i emocionals.<\/p>\n\n\n\n<p>El servei ofereix&nbsp;<strong>atenci\u00f3 amb cita pr\u00e8via i tamb\u00e9 sense cita<\/strong>, a trav\u00e9s d\u2019una \u00fanica&nbsp;<a href=\"https:\/\/www.joves.barcelona\/ca\/estarb\" rel=\"noreferrer noopener\" target=\"_blank\">porta d\u2019entrada<\/a>, facilitant l&#8217;acc\u00e9s i assegurant la vinculaci\u00f3 amb la xarxa de salut.<\/p>\n\n\n\n<p>El servei&nbsp;es desplega en diversos punts de la ciutat.<\/p>\n\n\n\n<p><img decoding=\"async\" alt=\"\ud83d\udcf1\" src=\"https:\/\/fonts.gstatic.com\/s\/e\/notoemoji\/16.0\/1f4f1\/72.png\">&nbsp;WhatsApp: 619 006 974<\/p>\n\n\n\n<p><img decoding=\"async\" alt=\"\ud83d\udcde\" src=\"https:\/\/fonts.gstatic.com\/s\/e\/notoemoji\/16.0\/1f4de\/72.png\">&nbsp;Tel\u00e8fon: 932 563 560<\/p>\n\n\n\n<p><img decoding=\"async\" alt=\"\u2709\" src=\"https:\/\/fonts.gstatic.com\/s\/e\/notoemoji\/16.0\/2709\/72.png\">\ufe0f&nbsp;Correu:&nbsp;<a href=\"mailto:estarbjoves@bcn.cat\" rel=\"noreferrer noopener\" target=\"_blank\">estarbjoves@bcn.cat<\/a>&nbsp;(joves) \/&nbsp;<a href=\"mailto:estarbfamilies@bcn.cat\" rel=\"noreferrer noopener\" target=\"_blank\">estarbfamilies@bcn.cat<\/a>&nbsp;(fam\u00edlies)<\/p>\n\n\n\n<figure class=\"wp-block-image size-full\"><a href=\"https:\/\/agora.xtec.cat\/iespviana\/wp-content\/uploads\/usu1199\/2025\/10\/image001.png\"><img loading=\"lazy\" decoding=\"async\" width=\"760\" height=\"428\" src=\"https:\/\/agora.xtec.cat\/iespviana\/wp-content\/uploads\/usu1199\/2025\/10\/image001.png\" alt=\"\" class=\"wp-image-13472\" srcset=\"https:\/\/agora.xtec.cat\/iespviana\/wp-content\/uploads\/usu1199\/2025\/10\/image001.png 760w, https:\/\/agora.xtec.cat\/iespviana\/wp-content\/uploads\/usu1199\/2025\/10\/image001-300x169.png 300w\" sizes=\"auto, (max-width: 760px) 100vw, 760px\" \/><\/a><\/figure>\n","protected":false},"excerpt":{"rendered":"<p>La ciutat de Barcelona ofereix un nou servei per a adolescents, fam\u00edlies i agents educatius per atendre les seves necessitats [&hellip;]<\/p>\n","protected":false},"author":1,"featured_media":13472,"comment_status":"closed","ping_status":"closed","sticky":false,"template":"","format":"standard","meta":{"_bbp_topic_count":0,"_bbp_reply_count":0,"_bbp_total_topic_count":0,"_bbp_total_reply_count":0,"_bbp_voice_count":0,"_bbp_anonymous_reply_count":0,"_bbp_topic_count_hidden":0,"_bbp_reply_count_hidden":0,"_bbp_forum_subforum_count":0,"site-sidebar-layout":"default","site-content-layout":"","ast-site-content-layout":"default","site-content-style":"default","site-sidebar-style":"default","ast-global-header-display":"","ast-banner-title-visibility":"","ast-main-header-display":"","ast-hfb-above-header-display":"","ast-hfb-below-header-display":"","ast-hfb-mobile-header-display":"","site-post-title":"","ast-breadcrumbs-content":"","ast-featured-img":"","footer-sml-layout":"","theme-transparent-header-meta":"","adv-header-id-meta":"","stick-header-meta":"","header-above-stick-meta":"","header-main-stick-meta":"","header-below-stick-meta":"","astra-migrate-meta-layouts":"set","ast-page-background-enabled":"default","ast-page-background-meta":{"desktop":{"background-color":"var(--ast-global-color-4)","background-image":"","background-repeat":"repeat","background-position":"center center","background-size":"auto","background-attachment":"scroll","background-type":"","background-media":"","overlay-type":"","overlay-color":"","overlay-opacity":"","overlay-gradient":""},"tablet":{"background-color":"","background-image":"","background-repeat":"repeat","background-position":"center center","background-size":"auto","background-attachment":"scroll","background-type":"","background-media":"","overlay-type":"","overlay-color":"","overlay-opacity":"","overlay-gradient":""},"mobile":{"background-color":"","background-image":"","background-repeat":"repeat","background-position":"center center","background-size":"auto","background-attachment":"scroll","background-type":"","background-media":"","overlay-type":"","overlay-color":"","overlay-opacity":"","overlay-gradient":""}},"ast-content-background-meta":{"desktop":{"background-color":"var(--ast-global-color-5)","background-image":"","background-repeat":"repeat","background-position":"center center","background-size":"auto","background-attachment":"scroll","background-type":"","background-media":"","overlay-type":"","overlay-color":"","overlay-opacity":"","overlay-gradient":""},"tablet":{"background-color":"var(--ast-global-color-5)","background-image":"","background-repeat":"repeat","background-position":"center center","background-size":"auto","background-attachment":"scroll","background-type":"","background-media":"","overlay-type":"","overlay-color":"","overlay-opacity":"","overlay-gradient":""},"mobile":{"background-color":"var(--ast-global-color-5)","background-image":"","background-repeat":"repeat","background-position":"center center","background-size":"auto","background-attachment":"scroll","background-type":"","background-media":"","overlay-type":"","overlay-color":"","overlay-opacity":"","overlay-gradient":""}},"footnotes":""},"categories":[8,3,29],"tags":[229,49,45],"class_list":["post-13471","post","type-post","status-publish","format-standard","has-post-thumbnail","hentry","category-batxillerat","category-eso","category-noticies","tag-families","tag-informacio","tag-salut"],"post_mailing_queue_ids":[],"_links":{"self":[{"href":"https:\/\/agora.xtec.cat\/iespviana\/wp-json\/wp\/v2\/posts\/13471","targetHints":{"allow":["GET"]}}],"collection":[{"href":"https:\/\/agora.xtec.cat\/iespviana\/wp-json\/wp\/v2\/posts"}],"about":[{"href":"https:\/\/agora.xtec.cat\/iespviana\/wp-json\/wp\/v2\/types\/post"}],"author":[{"embeddable":true,"href":"https:\/\/agora.xtec.cat\/iespviana\/wp-json\/wp\/v2\/users\/1"}],"replies":[{"embeddable":true,"href":"https:\/\/agora.xtec.cat\/iespviana\/wp-json\/wp\/v2\/comments?post=13471"}],"version-history":[{"count":2,"href":"https:\/\/agora.xtec.cat\/iespviana\/wp-json\/wp\/v2\/posts\/13471\/revisions"}],"predecessor-version":[{"id":13474,"href":"https:\/\/agora.xtec.cat\/iespviana\/wp-json\/wp\/v2\/posts\/13471\/revisions\/13474"}],"wp:featuredmedia":[{"embeddable":true,"href":"https:\/\/agora.xtec.cat\/iespviana\/wp-json\/wp\/v2\/media\/13472"}],"wp:attachment":[{"href":"https:\/\/agora.xtec.cat\/iespviana\/wp-json\/wp\/v2\/media?parent=13471"}],"wp:term":[{"taxonomy":"category","embeddable":true,"href":"https:\/\/agora.xtec.cat\/iespviana\/wp-json\/wp\/v2\/categories?post=13471"},{"taxonomy":"post_tag","embeddable":true,"href":"https:\/\/agora.xtec.cat\/iespviana\/wp-json\/wp\/v2\/tags?post=13471"}],"curies":[{"name":"wp","href":"https:\/\/api.w.org\/{rel}","templated":true}]}}