{"id":13318,"date":"2025-09-03T10:57:15","date_gmt":"2025-09-03T08:57:15","guid":{"rendered":"https:\/\/agora.xtec.cat\/iespviana\/?p=13318"},"modified":"2025-09-30T06:43:46","modified_gmt":"2025-09-30T04:43:46","slug":"taller-dautodefensa-feminista-per-a-mares-i-filles","status":"publish","type":"post","link":"https:\/\/agora.xtec.cat\/iespviana\/general\/taller-dautodefensa-feminista-per-a-mares-i-filles\/","title":{"rendered":"Taller d&#8217;autodefensa feminista per a mares i filles"},"content":{"rendered":"\n<p>L&#8217;Afa organitza un taller d&#8217;autodefensa per a mares i filles amb col.laboraci\u00f3 de l&#8217;AFFAC. El taller es far\u00e0 a l&#8217;institut en dues sessions: divendres 19 i 26 de setembre de 18h a 19.30h. <\/p>\n\n\n\n<p>Tindran prioritat les fam\u00edlies s\u00f2cies de l&#8217;Afa i s&#8217;assignaran les places per ordre d&#8217;inscripci\u00f3.<\/p>\n\n\n\n<p><strong>INSCRIPCIONS<\/strong> <strong>FINS EL 14 DE SETEMBRE<\/strong>:\u00a0<a href=\"https:\/\/forms.gle\/grviyVGGDQXpCis39\" target=\"_blank\" rel=\"noreferrer noopener\">https:\/\/forms.gle\/grviyVGGDQXpCis39<\/a><br>Esperem una gran participaci\u00f3 i poder oferir m\u00e9s activitats com aquesta perque les pugueu aprofitar totes les fam\u00edlies.<\/p>\n\n\n\n<p><strong>AFA&nbsp;PR\u00cdNCEP DE&nbsp;VIANA<\/strong><\/p>\n\n\n\n<div data-wp-interactive=\"core\/file\" class=\"wp-block-file\"><object data-wp-bind--hidden=\"!state.hasPdfPreview\" hidden class=\"wp-block-file__embed\" data=\"https:\/\/agora.xtec.cat\/iespviana\/wp-content\/uploads\/usu1199\/2025\/09\/Taller-autodefensa-feminista.pdf\" type=\"application\/pdf\" style=\"width:100%;height:600px\" aria-label=\"Incrustaci\u00f3 del fitxer Taller autodefensa feminista.\"><\/object><a id=\"wp-block-file--media-97296dce-c58c-4224-8677-8ba4b72995e6\" href=\"https:\/\/agora.xtec.cat\/iespviana\/wp-content\/uploads\/usu1199\/2025\/09\/Taller-autodefensa-feminista.pdf\">Taller autodefensa feminista<\/a><a href=\"https:\/\/agora.xtec.cat\/iespviana\/wp-content\/uploads\/usu1199\/2025\/09\/Taller-autodefensa-feminista.pdf\" class=\"wp-block-file__button wp-element-button\" download aria-describedby=\"wp-block-file--media-97296dce-c58c-4224-8677-8ba4b72995e6\">Baixa<\/a><\/div>\n","protected":false},"excerpt":{"rendered":"<p>L&#8217;Afa organitza un taller d&#8217;autodefensa per a mares i filles amb col.laboraci\u00f3 de l&#8217;AFFAC. El taller es far\u00e0 a l&#8217;institut [&hellip;]<\/p>\n","protected":false},"author":1,"featured_media":13321,"comment_status":"closed","ping_status":"open","sticky":false,"template":"","format":"standard","meta":{"_bbp_topic_count":0,"_bbp_reply_count":0,"_bbp_total_topic_count":0,"_bbp_total_reply_count":0,"_bbp_voice_count":0,"_bbp_anonymous_reply_count":0,"_bbp_topic_count_hidden":0,"_bbp_reply_count_hidden":0,"_bbp_forum_subforum_count":0,"site-sidebar-layout":"default","site-content-layout":"","ast-site-content-layout":"default","site-content-style":"default","site-sidebar-style":"default","ast-global-header-display":"","ast-banner-title-visibility":"","ast-main-header-display":"","ast-hfb-above-header-display":"","ast-hfb-below-header-display":"","ast-hfb-mobile-header-display":"","site-post-title":"","ast-breadcrumbs-content":"","ast-featured-img":"disabled","footer-sml-layout":"","theme-transparent-header-meta":"","adv-header-id-meta":"","stick-header-meta":"","header-above-stick-meta":"","header-main-stick-meta":"","header-below-stick-meta":"","astra-migrate-meta-layouts":"set","ast-page-background-enabled":"default","ast-page-background-meta":{"desktop":{"background-color":"var(--ast-global-color-4)","background-image":"","background-repeat":"repeat","background-position":"center center","background-size":"auto","background-attachment":"scroll","background-type":"","background-media":"","overlay-type":"","overlay-color":"","overlay-opacity":"","overlay-gradient":""},"tablet":{"background-color":"","background-image":"","background-repeat":"repeat","background-position":"center center","background-size":"auto","background-attachment":"scroll","background-type":"","background-media":"","overlay-type":"","overlay-color":"","overlay-opacity":"","overlay-gradient":""},"mobile":{"background-color":"","background-image":"","background-repeat":"repeat","background-position":"center center","background-size":"auto","background-attachment":"scroll","background-type":"","background-media":"","overlay-type":"","overlay-color":"","overlay-opacity":"","overlay-gradient":""}},"ast-content-background-meta":{"desktop":{"background-color":"var(--ast-global-color-5)","background-image":"","background-repeat":"repeat","background-position":"center center","background-size":"auto","background-attachment":"scroll","background-type":"","background-media":"","overlay-type":"","overlay-color":"","overlay-opacity":"","overlay-gradient":""},"tablet":{"background-color":"var(--ast-global-color-5)","background-image":"","background-repeat":"repeat","background-position":"center center","background-size":"auto","background-attachment":"scroll","background-type":"","background-media":"","overlay-type":"","overlay-color":"","overlay-opacity":"","overlay-gradient":""},"mobile":{"background-color":"var(--ast-global-color-5)","background-image":"","background-repeat":"repeat","background-position":"center center","background-size":"auto","background-attachment":"scroll","background-type":"","background-media":"","overlay-type":"","overlay-color":"","overlay-opacity":"","overlay-gradient":""}},"footnotes":""},"categories":[31,1,29],"tags":[158,225,206],"class_list":["post-13318","post","type-post","status-publish","format-standard","has-post-thumbnail","hentry","category-ampa","category-general","category-noticies","tag-afa","tag-autodefensa","tag-taller"],"post_mailing_queue_ids":[],"_links":{"self":[{"href":"https:\/\/agora.xtec.cat\/iespviana\/wp-json\/wp\/v2\/posts\/13318","targetHints":{"allow":["GET"]}}],"collection":[{"href":"https:\/\/agora.xtec.cat\/iespviana\/wp-json\/wp\/v2\/posts"}],"about":[{"href":"https:\/\/agora.xtec.cat\/iespviana\/wp-json\/wp\/v2\/types\/post"}],"author":[{"embeddable":true,"href":"https:\/\/agora.xtec.cat\/iespviana\/wp-json\/wp\/v2\/users\/1"}],"replies":[{"embeddable":true,"href":"https:\/\/agora.xtec.cat\/iespviana\/wp-json\/wp\/v2\/comments?post=13318"}],"version-history":[{"count":1,"href":"https:\/\/agora.xtec.cat\/iespviana\/wp-json\/wp\/v2\/posts\/13318\/revisions"}],"predecessor-version":[{"id":13320,"href":"https:\/\/agora.xtec.cat\/iespviana\/wp-json\/wp\/v2\/posts\/13318\/revisions\/13320"}],"wp:featuredmedia":[{"embeddable":true,"href":"https:\/\/agora.xtec.cat\/iespviana\/wp-json\/wp\/v2\/media\/13321"}],"wp:attachment":[{"href":"https:\/\/agora.xtec.cat\/iespviana\/wp-json\/wp\/v2\/media?parent=13318"}],"wp:term":[{"taxonomy":"category","embeddable":true,"href":"https:\/\/agora.xtec.cat\/iespviana\/wp-json\/wp\/v2\/categories?post=13318"},{"taxonomy":"post_tag","embeddable":true,"href":"https:\/\/agora.xtec.cat\/iespviana\/wp-json\/wp\/v2\/tags?post=13318"}],"curies":[{"name":"wp","href":"https:\/\/api.w.org\/{rel}","templated":true}]}}