{"id":13162,"date":"2025-05-28T11:59:30","date_gmt":"2025-05-28T09:59:30","guid":{"rendered":"https:\/\/agora.xtec.cat\/iespviana\/?p=13162"},"modified":"2025-05-28T12:08:26","modified_gmt":"2025-05-28T10:08:26","slug":"entrevista-a-lalcalde-collboni","status":"publish","type":"post","link":"https:\/\/agora.xtec.cat\/iespviana\/eso-2\/entrevista-a-lalcalde-collboni\/","title":{"rendered":"Entrevista a l\u2019alcalde Collboni"},"content":{"rendered":"\n<p>El passat 21 de maig, dos estudiants de la revista&nbsp;<em>Via Viana<\/em>&nbsp;van tenir l\u2019oportunitat d\u2019entrevistar a l\u2019alcalde de Barcelona, Jaume Collboni, en una trobada celebrada a l\u2019Ajuntament. L\u2019entrevista va girar entorn del futur del barri de Sant Andreu i les inquietuds dels seus joves.<\/p>\n\n\n\n<p>La primera pregunta va posar el focus en les transformacions urbanes que afecten aquest barri hist\u00f2ric: \u201cSant Andreu \u00e9s un barri amb molta vida local i una forta identitat de poble dins la ciutat. Amb els canvis en mobilitat sostenible com les superilles i el tramvia, com preveu l\u2019Ajuntament garantir que aquestes transformacions millorin la qualitat de vida del ve\u00efnat sense perdre l\u2019ess\u00e8ncia i el teixit comercial tradicional del barri?\u201d L\u2019alcalde va respondre destacant la voluntat de preservar l\u2019equilibri entre modernitzaci\u00f3 i identitat, i va assegurar que les noves infraestructures es faran amb di\u00e0leg amb el ve\u00efnat i el comer\u00e7 local.<\/p>\n\n\n\n<p>Els estudiants tamb\u00e9 van traslladar una inquietud compartida per molts joves del barri: la manca d\u2019espais per socialitzar i expressar-se creativament. La segona pregunta va ser: \u201cMolts joves de Sant Andreu senten que no tenen prou espais per socialitzar, crear o fer activitats culturals. Hi ha prevista alguna iniciativa espec\u00edfica per potenciar espais joves o projectes educatius i creatius dins del barri?\u201d Collboni va recon\u00e8ixer la import\u00e0ncia d\u2019escoltar les necessitats del jovent i va avan\u00e7ar que s\u2019estan estudiant projectes per ampliar els espais juvenils, aix\u00ed com impulsar iniciatives culturals i educatives participatives.<\/p>\n\n\n\n<p>La trobada va ser un exercici de periodisme c\u00edvic i participatiu, que demostra la capacitat dels joves per implicar-se en el futur del seu entorn.<\/p>\n\n\n\n<p>Podeu veure totes les fotos al seg\u00fcent <a href=\"https:\/\/drive.google.com\/drive\/folders\/1Rh7vXB9ANxPtYcuVQx7gs1rOupoIClUB\" data-type=\"link\" data-id=\"https:\/\/drive.google.com\/drive\/folders\/1Rh7vXB9ANxPtYcuVQx7gs1rOupoIClUB\" target=\"_blank\" rel=\"noreferrer noopener\">enlla\u00e7<\/a><\/p>\n\n\n\n<div class=\"wp-block-getwid-images-slider has-arrows-inside has-dots-inside has-images-center has-cropped-images\"><div class=\"wp-block-getwid-images-slider__wrapper\" data-effect=\"slide\" data-slides-show=\"1\" data-slides-show-laptop=\"1\" data-slides-show-tablet=\"1\" data-slides-show-mobile=\"1\" data-slides-scroll=\"1\" data-autoplay=\"false\" data-pause-hover=\"false\" data-autoplay-speed=\"6000\" data-infinite=\"true\" data-animation-speed=\"800\" data-center-mode=\"false\" data-variable-width=\"false\" data-arrows=\"inside\" data-dots=\"inside\" data-spacing=\"none\"><div class=\"wp-block-getwid-images-slider__item\"><figure><img loading=\"lazy\" decoding=\"async\" width=\"2560\" height=\"1710\" src=\"https:\/\/agora.xtec.cat\/iespviana\/wp-content\/uploads\/usu1199\/2025\/05\/IMG_5588-scaled.jpg\" data-id=\"13163\" data-link=\"https:\/\/agora.xtec.cat\/iespviana\/?attachment_id=13163\" data-original-link=\"https:\/\/agora.xtec.cat\/iespviana\/wp-content\/uploads\/usu1199\/2025\/05\/IMG_5588-scaled.jpg\" class=\"wp-block-getwid-images-slider__image wp-image-13163\" srcset=\"https:\/\/agora.xtec.cat\/iespviana\/wp-content\/uploads\/usu1199\/2025\/05\/IMG_5588-scaled.jpg 2560w, https:\/\/agora.xtec.cat\/iespviana\/wp-content\/uploads\/usu1199\/2025\/05\/IMG_5588-300x200.jpg 300w, https:\/\/agora.xtec.cat\/iespviana\/wp-content\/uploads\/usu1199\/2025\/05\/IMG_5588-1024x684.jpg 1024w, https:\/\/agora.xtec.cat\/iespviana\/wp-content\/uploads\/usu1199\/2025\/05\/IMG_5588-768x513.jpg 768w, https:\/\/agora.xtec.cat\/iespviana\/wp-content\/uploads\/usu1199\/2025\/05\/IMG_5588-1536x1026.jpg 1536w, https:\/\/agora.xtec.cat\/iespviana\/wp-content\/uploads\/usu1199\/2025\/05\/IMG_5588-2048x1368.jpg 2048w\" sizes=\"auto, (max-width: 2560px) 100vw, 2560px\" \/><\/figure><\/div><div class=\"wp-block-getwid-images-slider__item\"><figure><img loading=\"lazy\" decoding=\"async\" width=\"2560\" height=\"1710\" src=\"https:\/\/agora.xtec.cat\/iespviana\/wp-content\/uploads\/usu1199\/2025\/05\/IMG_5589-scaled.jpg\" data-id=\"13164\" data-link=\"https:\/\/agora.xtec.cat\/iespviana\/?attachment_id=13164\" data-original-link=\"https:\/\/agora.xtec.cat\/iespviana\/wp-content\/uploads\/usu1199\/2025\/05\/IMG_5589-scaled.jpg\" class=\"wp-block-getwid-images-slider__image wp-image-13164\" srcset=\"https:\/\/agora.xtec.cat\/iespviana\/wp-content\/uploads\/usu1199\/2025\/05\/IMG_5589-scaled.jpg 2560w, https:\/\/agora.xtec.cat\/iespviana\/wp-content\/uploads\/usu1199\/2025\/05\/IMG_5589-300x200.jpg 300w, https:\/\/agora.xtec.cat\/iespviana\/wp-content\/uploads\/usu1199\/2025\/05\/IMG_5589-1024x684.jpg 1024w, https:\/\/agora.xtec.cat\/iespviana\/wp-content\/uploads\/usu1199\/2025\/05\/IMG_5589-768x513.jpg 768w, https:\/\/agora.xtec.cat\/iespviana\/wp-content\/uploads\/usu1199\/2025\/05\/IMG_5589-1536x1026.jpg 1536w, https:\/\/agora.xtec.cat\/iespviana\/wp-content\/uploads\/usu1199\/2025\/05\/IMG_5589-2048x1368.jpg 2048w\" sizes=\"auto, (max-width: 2560px) 100vw, 2560px\" \/><\/figure><\/div><div class=\"wp-block-getwid-images-slider__item\"><figure><img loading=\"lazy\" decoding=\"async\" width=\"2560\" height=\"1710\" src=\"https:\/\/agora.xtec.cat\/iespviana\/wp-content\/uploads\/usu1199\/2025\/05\/IMG_5584-1-scaled.jpg\" data-id=\"13166\" data-link=\"https:\/\/agora.xtec.cat\/iespviana\/?attachment_id=13166\" data-original-link=\"https:\/\/agora.xtec.cat\/iespviana\/wp-content\/uploads\/usu1199\/2025\/05\/IMG_5584-1-scaled.jpg\" class=\"wp-block-getwid-images-slider__image wp-image-13166\" srcset=\"https:\/\/agora.xtec.cat\/iespviana\/wp-content\/uploads\/usu1199\/2025\/05\/IMG_5584-1-scaled.jpg 2560w, https:\/\/agora.xtec.cat\/iespviana\/wp-content\/uploads\/usu1199\/2025\/05\/IMG_5584-1-300x200.jpg 300w, https:\/\/agora.xtec.cat\/iespviana\/wp-content\/uploads\/usu1199\/2025\/05\/IMG_5584-1-1024x684.jpg 1024w, https:\/\/agora.xtec.cat\/iespviana\/wp-content\/uploads\/usu1199\/2025\/05\/IMG_5584-1-768x513.jpg 768w, https:\/\/agora.xtec.cat\/iespviana\/wp-content\/uploads\/usu1199\/2025\/05\/IMG_5584-1-1536x1026.jpg 1536w, https:\/\/agora.xtec.cat\/iespviana\/wp-content\/uploads\/usu1199\/2025\/05\/IMG_5584-1-2048x1368.jpg 2048w\" sizes=\"auto, (max-width: 2560px) 100vw, 2560px\" \/><\/figure><\/div><\/div><\/div>\n","protected":false},"excerpt":{"rendered":"<p>El passat 21 de maig, dos estudiants de la revista&nbsp;Via Viana&nbsp;van tenir l\u2019oportunitat d\u2019entrevistar a l\u2019alcalde de Barcelona, Jaume Collboni, [&hellip;]<\/p>\n","protected":false},"author":1,"featured_media":13165,"comment_status":"closed","ping_status":"closed","sticky":false,"template":"","format":"standard","meta":{"_bbp_topic_count":0,"_bbp_reply_count":0,"_bbp_total_topic_count":0,"_bbp_total_reply_count":0,"_bbp_voice_count":0,"_bbp_anonymous_reply_count":0,"_bbp_topic_count_hidden":0,"_bbp_reply_count_hidden":0,"_bbp_forum_subforum_count":0,"site-sidebar-layout":"default","site-content-layout":"","ast-site-content-layout":"default","site-content-style":"default","site-sidebar-style":"default","ast-global-header-display":"","ast-banner-title-visibility":"","ast-main-header-display":"","ast-hfb-above-header-display":"","ast-hfb-below-header-display":"","ast-hfb-mobile-header-display":"","site-post-title":"","ast-breadcrumbs-content":"","ast-featured-img":"disabled","footer-sml-layout":"","theme-transparent-header-meta":"","adv-header-id-meta":"","stick-header-meta":"","header-above-stick-meta":"","header-main-stick-meta":"","header-below-stick-meta":"","astra-migrate-meta-layouts":"set","ast-page-background-enabled":"default","ast-page-background-meta":{"desktop":{"background-color":"var(--ast-global-color-4)","background-image":"","background-repeat":"repeat","background-position":"center center","background-size":"auto","background-attachment":"scroll","background-type":"","background-media":"","overlay-type":"","overlay-color":"","overlay-opacity":"","overlay-gradient":""},"tablet":{"background-color":"","background-image":"","background-repeat":"repeat","background-position":"center center","background-size":"auto","background-attachment":"scroll","background-type":"","background-media":"","overlay-type":"","overlay-color":"","overlay-opacity":"","overlay-gradient":""},"mobile":{"background-color":"","background-image":"","background-repeat":"repeat","background-position":"center center","background-size":"auto","background-attachment":"scroll","background-type":"","background-media":"","overlay-type":"","overlay-color":"","overlay-opacity":"","overlay-gradient":""}},"ast-content-background-meta":{"desktop":{"background-color":"var(--ast-global-color-5)","background-image":"","background-repeat":"repeat","background-position":"center center","background-size":"auto","background-attachment":"scroll","background-type":"","background-media":"","overlay-type":"","overlay-color":"","overlay-opacity":"","overlay-gradient":""},"tablet":{"background-color":"var(--ast-global-color-5)","background-image":"","background-repeat":"repeat","background-position":"center center","background-size":"auto","background-attachment":"scroll","background-type":"","background-media":"","overlay-type":"","overlay-color":"","overlay-opacity":"","overlay-gradient":""},"mobile":{"background-color":"var(--ast-global-color-5)","background-image":"","background-repeat":"repeat","background-position":"center center","background-size":"auto","background-attachment":"scroll","background-type":"","background-media":"","overlay-type":"","overlay-color":"","overlay-opacity":"","overlay-gradient":""}},"footnotes":""},"categories":[5,29],"tags":[122,222],"class_list":["post-13162","post","type-post","status-publish","format-standard","has-post-thumbnail","hentry","category-eso-2","category-noticies","tag-2n-eso","tag-entrevista"],"post_mailing_queue_ids":[],"_links":{"self":[{"href":"https:\/\/agora.xtec.cat\/iespviana\/wp-json\/wp\/v2\/posts\/13162","targetHints":{"allow":["GET"]}}],"collection":[{"href":"https:\/\/agora.xtec.cat\/iespviana\/wp-json\/wp\/v2\/posts"}],"about":[{"href":"https:\/\/agora.xtec.cat\/iespviana\/wp-json\/wp\/v2\/types\/post"}],"author":[{"embeddable":true,"href":"https:\/\/agora.xtec.cat\/iespviana\/wp-json\/wp\/v2\/users\/1"}],"replies":[{"embeddable":true,"href":"https:\/\/agora.xtec.cat\/iespviana\/wp-json\/wp\/v2\/comments?post=13162"}],"version-history":[{"count":2,"href":"https:\/\/agora.xtec.cat\/iespviana\/wp-json\/wp\/v2\/posts\/13162\/revisions"}],"predecessor-version":[{"id":13168,"href":"https:\/\/agora.xtec.cat\/iespviana\/wp-json\/wp\/v2\/posts\/13162\/revisions\/13168"}],"wp:featuredmedia":[{"embeddable":true,"href":"https:\/\/agora.xtec.cat\/iespviana\/wp-json\/wp\/v2\/media\/13165"}],"wp:attachment":[{"href":"https:\/\/agora.xtec.cat\/iespviana\/wp-json\/wp\/v2\/media?parent=13162"}],"wp:term":[{"taxonomy":"category","embeddable":true,"href":"https:\/\/agora.xtec.cat\/iespviana\/wp-json\/wp\/v2\/categories?post=13162"},{"taxonomy":"post_tag","embeddable":true,"href":"https:\/\/agora.xtec.cat\/iespviana\/wp-json\/wp\/v2\/tags?post=13162"}],"curies":[{"name":"wp","href":"https:\/\/api.w.org\/{rel}","templated":true}]}}