{"id":13008,"date":"2025-04-24T10:41:06","date_gmt":"2025-04-24T08:41:06","guid":{"rendered":"https:\/\/agora.xtec.cat\/iespviana\/?p=13008"},"modified":"2025-05-28T12:13:09","modified_gmt":"2025-05-28T10:13:09","slug":"xerrada-matematica","status":"publish","type":"post","link":"https:\/\/agora.xtec.cat\/iespviana\/eso-1\/xerrada-matematica\/","title":{"rendered":"Xerrada Matem\u00e0tica"},"content":{"rendered":"\n<p>El passat 22 d\u2019abril, amb motiu de la setmana de les lletres, l\u2019alumnat de 1r d\u2019ESO ha conegut el professor Maccarronne, un personatge que t\u00e9 la d\u00e8ria de contagiar la seva passi\u00f3 per les matem\u00e0tiques.&nbsp;<\/p>\n\n\n\n<p>Hem descobert com podr\u00edem escriure tot un poemari, si cadasc\u00fa fem un quartet, ben concret!&nbsp;<\/p>\n\n\n\n<figure class=\"wp-block-image size-full is-resized\"><a href=\"https:\/\/agora.xtec.cat\/iespviana\/wp-content\/uploads\/usu1199\/2025\/04\/Captura-de-pantalla-2025-04-24-103918.png\"><img loading=\"lazy\" decoding=\"async\" width=\"330\" height=\"222\" src=\"https:\/\/agora.xtec.cat\/iespviana\/wp-content\/uploads\/usu1199\/2025\/04\/Captura-de-pantalla-2025-04-24-103918.png\" alt=\"\" class=\"wp-image-13013\" style=\"width:329px;height:auto\" srcset=\"https:\/\/agora.xtec.cat\/iespviana\/wp-content\/uploads\/usu1199\/2025\/04\/Captura-de-pantalla-2025-04-24-103918.png 330w, https:\/\/agora.xtec.cat\/iespviana\/wp-content\/uploads\/usu1199\/2025\/04\/Captura-de-pantalla-2025-04-24-103918-300x202.png 300w\" sizes=\"auto, (max-width: 330px) 100vw, 330px\" \/><\/a><\/figure>\n\n\n<figure class=\"wp-block-post-featured-image\"><img loading=\"lazy\" decoding=\"async\" width=\"438\" height=\"381\" src=\"https:\/\/agora.xtec.cat\/iespviana\/wp-content\/uploads\/usu1199\/2025\/04\/Captura-de-pantalla-2025-04-24-103702.png\" class=\"attachment-post-thumbnail size-post-thumbnail wp-post-image\" alt=\"\" style=\"object-fit:cover;\" srcset=\"https:\/\/agora.xtec.cat\/iespviana\/wp-content\/uploads\/usu1199\/2025\/04\/Captura-de-pantalla-2025-04-24-103702.png 438w, https:\/\/agora.xtec.cat\/iespviana\/wp-content\/uploads\/usu1199\/2025\/04\/Captura-de-pantalla-2025-04-24-103702-300x261.png 300w\" sizes=\"auto, (max-width: 438px) 100vw, 438px\" \/><\/figure>","protected":false},"excerpt":{"rendered":"<p>El passat 22 d\u2019abril, amb motiu de la setmana de les lletres, l\u2019alumnat de 1r d\u2019ESO ha conegut el professor [&hellip;]<\/p>\n","protected":false},"author":1,"featured_media":13011,"comment_status":"closed","ping_status":"closed","sticky":false,"template":"","format":"standard","meta":{"_bbp_topic_count":0,"_bbp_reply_count":0,"_bbp_total_topic_count":0,"_bbp_total_reply_count":0,"_bbp_voice_count":0,"_bbp_anonymous_reply_count":0,"_bbp_topic_count_hidden":0,"_bbp_reply_count_hidden":0,"_bbp_forum_subforum_count":0,"site-sidebar-layout":"default","site-content-layout":"","ast-site-content-layout":"default","site-content-style":"default","site-sidebar-style":"default","ast-global-header-display":"","ast-banner-title-visibility":"","ast-main-header-display":"","ast-hfb-above-header-display":"","ast-hfb-below-header-display":"","ast-hfb-mobile-header-display":"","site-post-title":"","ast-breadcrumbs-content":"","ast-featured-img":"","footer-sml-layout":"","theme-transparent-header-meta":"","adv-header-id-meta":"","stick-header-meta":"","header-above-stick-meta":"","header-main-stick-meta":"","header-below-stick-meta":"","astra-migrate-meta-layouts":"set","ast-page-background-enabled":"default","ast-page-background-meta":{"desktop":{"background-color":"var(--ast-global-color-4)","background-image":"","background-repeat":"repeat","background-position":"center center","background-size":"auto","background-attachment":"scroll","background-type":"","background-media":"","overlay-type":"","overlay-color":"","overlay-opacity":"","overlay-gradient":""},"tablet":{"background-color":"","background-image":"","background-repeat":"repeat","background-position":"center center","background-size":"auto","background-attachment":"scroll","background-type":"","background-media":"","overlay-type":"","overlay-color":"","overlay-opacity":"","overlay-gradient":""},"mobile":{"background-color":"","background-image":"","background-repeat":"repeat","background-position":"center center","background-size":"auto","background-attachment":"scroll","background-type":"","background-media":"","overlay-type":"","overlay-color":"","overlay-opacity":"","overlay-gradient":""}},"ast-content-background-meta":{"desktop":{"background-color":"var(--ast-global-color-5)","background-image":"","background-repeat":"repeat","background-position":"center center","background-size":"auto","background-attachment":"scroll","background-type":"","background-media":"","overlay-type":"","overlay-color":"","overlay-opacity":"","overlay-gradient":""},"tablet":{"background-color":"var(--ast-global-color-5)","background-image":"","background-repeat":"repeat","background-position":"center center","background-size":"auto","background-attachment":"scroll","background-type":"","background-media":"","overlay-type":"","overlay-color":"","overlay-opacity":"","overlay-gradient":""},"mobile":{"background-color":"var(--ast-global-color-5)","background-image":"","background-repeat":"repeat","background-position":"center center","background-size":"auto","background-attachment":"scroll","background-type":"","background-media":"","overlay-type":"","overlay-color":"","overlay-opacity":"","overlay-gradient":""}},"footnotes":""},"categories":[4,29],"tags":[202,41,44],"class_list":["post-13008","post","type-post","status-publish","format-standard","has-post-thumbnail","hentry","category-eso-1","category-noticies","tag-1r-eso","tag-matematiques","tag-xerrades"],"post_mailing_queue_ids":[],"_links":{"self":[{"href":"https:\/\/agora.xtec.cat\/iespviana\/wp-json\/wp\/v2\/posts\/13008","targetHints":{"allow":["GET"]}}],"collection":[{"href":"https:\/\/agora.xtec.cat\/iespviana\/wp-json\/wp\/v2\/posts"}],"about":[{"href":"https:\/\/agora.xtec.cat\/iespviana\/wp-json\/wp\/v2\/types\/post"}],"author":[{"embeddable":true,"href":"https:\/\/agora.xtec.cat\/iespviana\/wp-json\/wp\/v2\/users\/1"}],"replies":[{"embeddable":true,"href":"https:\/\/agora.xtec.cat\/iespviana\/wp-json\/wp\/v2\/comments?post=13008"}],"version-history":[{"count":2,"href":"https:\/\/agora.xtec.cat\/iespviana\/wp-json\/wp\/v2\/posts\/13008\/revisions"}],"predecessor-version":[{"id":13015,"href":"https:\/\/agora.xtec.cat\/iespviana\/wp-json\/wp\/v2\/posts\/13008\/revisions\/13015"}],"wp:featuredmedia":[{"embeddable":true,"href":"https:\/\/agora.xtec.cat\/iespviana\/wp-json\/wp\/v2\/media\/13011"}],"wp:attachment":[{"href":"https:\/\/agora.xtec.cat\/iespviana\/wp-json\/wp\/v2\/media?parent=13008"}],"wp:term":[{"taxonomy":"category","embeddable":true,"href":"https:\/\/agora.xtec.cat\/iespviana\/wp-json\/wp\/v2\/categories?post=13008"},{"taxonomy":"post_tag","embeddable":true,"href":"https:\/\/agora.xtec.cat\/iespviana\/wp-json\/wp\/v2\/tags?post=13008"}],"curies":[{"name":"wp","href":"https:\/\/api.w.org\/{rel}","templated":true}]}}