{"id":1278,"date":"2015-04-14T16:21:05","date_gmt":"2015-04-14T15:21:05","guid":{"rendered":"http:\/\/agora.xtec.cat\/iespviana\/?p=1278"},"modified":"2015-05-22T11:10:45","modified_gmt":"2015-05-22T10:10:45","slug":"xxi-trobada-de-corals-de-secundaria","status":"publish","type":"post","link":"https:\/\/agora.xtec.cat\/iespviana\/general\/xxi-trobada-de-corals-de-secundaria\/","title":{"rendered":"XXI  Trobada de Corals de Secund\u00e0ria"},"content":{"rendered":"<p><a title=\"Foto-\u00e0lbum\" href=\"https:\/\/picasaweb.google.com\/113886725935564756349\/Curs201415XXITrobadaDeCoralsDeSecundaria1ESO13AbrilDe2015#slideshow\/6137616304650064946\" target=\"_blank\"><img loading=\"lazy\" decoding=\"async\" class=\"aligncenter size-full wp-image-1279\" src=\"http:\/\/agora.xtec.cat\/iespviana\/wp-content\/uploads\/usu1199\/2015\/04\/Trobada_corals_400x300.jpg\" alt=\"Trobada_corals_400x300\" width=\"400\" height=\"300\" srcset=\"https:\/\/agora.xtec.cat\/iespviana\/wp-content\/uploads\/usu1199\/2015\/04\/Trobada_corals_400x300.jpg 400w, https:\/\/agora.xtec.cat\/iespviana\/wp-content\/uploads\/usu1199\/2015\/04\/Trobada_corals_400x300-300x225.jpg 300w, https:\/\/agora.xtec.cat\/iespviana\/wp-content\/uploads\/usu1199\/2015\/04\/Trobada_corals_400x300-200x150.jpg 200w\" sizes=\"auto, (max-width: 400px) 100vw, 400px\" \/><\/a><\/p>\n<p>Els alumnes de primer d&#8217;ESO, van participar ahir a la XXI Trobada de Corals d&#8217;Educaci\u00f3 Secund\u00e0ria que es va celebrar a l&#8217;auditori Axa de Barcelona.<\/p>\n<p>Als alumnes del Pr\u00edncep de Viana els va tocar seure just darrera les autoritats, entre les quals hi havia la Consellera d&#8217;Ensenyament Irene Rigau, que els va felicitar al final del concert.<\/p>\n<p>L&#8217;actuaci\u00f3 va ser un \u00e8xit i la valoraci\u00f3 que ells n&#8217;han fet \u00e9s molt positiva.<\/p>\n","protected":false},"excerpt":{"rendered":"<p>Els alumnes de primer d&#8217;ESO, van participar ahir a la XXI Trobada de Corals d&#8217;Educaci\u00f3 Secund\u00e0ria que es va celebrar a l&#8217;auditori Axa de Barcelona.<\/p>\n<p>Als alumnes del Pr\u00edncep de Viana els va tocar seure just darrera les autoritats<\/p>\n","protected":false},"author":1,"featured_media":1279,"comment_status":"open","ping_status":"open","sticky":false,"template":"","format":"standard","meta":{"_bbp_topic_count":0,"_bbp_reply_count":0,"_bbp_total_topic_count":0,"_bbp_total_reply_count":0,"_bbp_voice_count":0,"_bbp_anonymous_reply_count":0,"_bbp_topic_count_hidden":0,"_bbp_reply_count_hidden":0,"_bbp_forum_subforum_count":0,"site-sidebar-layout":"default","site-content-layout":"","ast-site-content-layout":"","site-content-style":"default","site-sidebar-style":"default","ast-global-header-display":"","ast-banner-title-visibility":"","ast-main-header-display":"","ast-hfb-above-header-display":"","ast-hfb-below-header-display":"","ast-hfb-mobile-header-display":"","site-post-title":"","ast-breadcrumbs-content":"","ast-featured-img":"","footer-sml-layout":"","theme-transparent-header-meta":"","adv-header-id-meta":"","stick-header-meta":"","header-above-stick-meta":"","header-main-stick-meta":"","header-below-stick-meta":"","astra-migrate-meta-layouts":"default","ast-page-background-enabled":"default","ast-page-background-meta":{"desktop":{"background-color":"var(--ast-global-color-4)","background-image":"","background-repeat":"repeat","background-position":"center center","background-size":"auto","background-attachment":"scroll","background-type":"","background-media":"","overlay-type":"","overlay-color":"","overlay-opacity":"","overlay-gradient":""},"tablet":{"background-color":"","background-image":"","background-repeat":"repeat","background-position":"center center","background-size":"auto","background-attachment":"scroll","background-type":"","background-media":"","overlay-type":"","overlay-color":"","overlay-opacity":"","overlay-gradient":""},"mobile":{"background-color":"","background-image":"","background-repeat":"repeat","background-position":"center center","background-size":"auto","background-attachment":"scroll","background-type":"","background-media":"","overlay-type":"","overlay-color":"","overlay-opacity":"","overlay-gradient":""}},"ast-content-background-meta":{"desktop":{"background-color":"var(--ast-global-color-5)","background-image":"","background-repeat":"repeat","background-position":"center center","background-size":"auto","background-attachment":"scroll","background-type":"","background-media":"","overlay-type":"","overlay-color":"","overlay-opacity":"","overlay-gradient":""},"tablet":{"background-color":"var(--ast-global-color-5)","background-image":"","background-repeat":"repeat","background-position":"center center","background-size":"auto","background-attachment":"scroll","background-type":"","background-media":"","overlay-type":"","overlay-color":"","overlay-opacity":"","overlay-gradient":""},"mobile":{"background-color":"var(--ast-global-color-5)","background-image":"","background-repeat":"repeat","background-position":"center center","background-size":"auto","background-attachment":"scroll","background-type":"","background-media":"","overlay-type":"","overlay-color":"","overlay-opacity":"","overlay-gradient":""}},"footnotes":""},"categories":[4,9,10,11,52,1,29],"tags":[47,39],"class_list":["post-1278","post","type-post","status-publish","format-standard","has-post-thumbnail","hentry","category-eso-1","category-eso-1a","category-eso-1b","category-eso-1c","category-eso-1d","category-general","category-noticies","tag-activitats-i-projectes","tag-sortides"],"post_mailing_queue_ids":[],"_links":{"self":[{"href":"https:\/\/agora.xtec.cat\/iespviana\/wp-json\/wp\/v2\/posts\/1278","targetHints":{"allow":["GET"]}}],"collection":[{"href":"https:\/\/agora.xtec.cat\/iespviana\/wp-json\/wp\/v2\/posts"}],"about":[{"href":"https:\/\/agora.xtec.cat\/iespviana\/wp-json\/wp\/v2\/types\/post"}],"author":[{"embeddable":true,"href":"https:\/\/agora.xtec.cat\/iespviana\/wp-json\/wp\/v2\/users\/1"}],"replies":[{"embeddable":true,"href":"https:\/\/agora.xtec.cat\/iespviana\/wp-json\/wp\/v2\/comments?post=1278"}],"version-history":[{"count":4,"href":"https:\/\/agora.xtec.cat\/iespviana\/wp-json\/wp\/v2\/posts\/1278\/revisions"}],"predecessor-version":[{"id":1381,"href":"https:\/\/agora.xtec.cat\/iespviana\/wp-json\/wp\/v2\/posts\/1278\/revisions\/1381"}],"wp:featuredmedia":[{"embeddable":true,"href":"https:\/\/agora.xtec.cat\/iespviana\/wp-json\/wp\/v2\/media\/1279"}],"wp:attachment":[{"href":"https:\/\/agora.xtec.cat\/iespviana\/wp-json\/wp\/v2\/media?parent=1278"}],"wp:term":[{"taxonomy":"category","embeddable":true,"href":"https:\/\/agora.xtec.cat\/iespviana\/wp-json\/wp\/v2\/categories?post=1278"},{"taxonomy":"post_tag","embeddable":true,"href":"https:\/\/agora.xtec.cat\/iespviana\/wp-json\/wp\/v2\/tags?post=1278"}],"curies":[{"name":"wp","href":"https:\/\/api.w.org\/{rel}","templated":true}]}}