{"id":11445,"date":"2024-11-25T19:56:31","date_gmt":"2024-11-25T18:56:31","guid":{"rendered":"https:\/\/agora.xtec.cat\/iespviana\/?p=11445"},"modified":"2024-11-25T19:56:31","modified_gmt":"2024-11-25T18:56:31","slug":"manifest-25n","status":"publish","type":"post","link":"https:\/\/agora.xtec.cat\/iespviana\/general\/manifest-25n\/","title":{"rendered":"Manifest 25N"},"content":{"rendered":"\n<div class=\"wp-block-group is-layout-constrained wp-block-group-is-layout-constrained\">\n<div class=\"wp-block-columns is-layout-flex wp-container-core-columns-is-layout-1 wp-block-columns-is-layout-flex\">\n<div class=\"wp-block-column is-layout-flow wp-block-column-is-layout-flow\" style=\"flex-basis:25%\"><\/div>\n\n\n\n<div class=\"wp-block-column is-layout-flow wp-block-column-is-layout-flow\" style=\"flex-basis:50%\">\n<div class=\"wp-block-getwid-images-slider has-arrows-inside has-dots-inside has-images-center has-fitted-images\"><div class=\"wp-block-getwid-images-slider__wrapper\" data-effect=\"slide\" data-slides-show=\"1\" data-slides-show-laptop=\"1\" data-slides-show-tablet=\"1\" data-slides-show-mobile=\"1\" data-slides-scroll=\"1\" data-autoplay=\"true\" data-pause-hover=\"false\" data-autoplay-speed=\"6000\" data-infinite=\"true\" data-animation-speed=\"800\" data-center-mode=\"false\" data-variable-width=\"false\" data-arrows=\"inside\" data-dots=\"inside\" data-spacing=\"none\"><div class=\"wp-block-getwid-images-slider__item\"><figure><img loading=\"lazy\" decoding=\"async\" width=\"1024\" height=\"724\" src=\"https:\/\/agora.xtec.cat\/iespviana\/wp-content\/uploads\/usu1199\/2024\/11\/3-1024x724.jpg\" alt=\"\" data-id=\"11448\" data-link=\"https:\/\/agora.xtec.cat\/iespviana\/?attachment_id=11448\" data-original-link=\"https:\/\/agora.xtec.cat\/iespviana\/wp-content\/uploads\/usu1199\/2024\/11\/3.jpg\" class=\"wp-block-getwid-images-slider__image wp-image-11448\" srcset=\"https:\/\/agora.xtec.cat\/iespviana\/wp-content\/uploads\/usu1199\/2024\/11\/3-1024x724.jpg 1024w, https:\/\/agora.xtec.cat\/iespviana\/wp-content\/uploads\/usu1199\/2024\/11\/3-300x212.jpg 300w, https:\/\/agora.xtec.cat\/iespviana\/wp-content\/uploads\/usu1199\/2024\/11\/3-768x543.jpg 768w, https:\/\/agora.xtec.cat\/iespviana\/wp-content\/uploads\/usu1199\/2024\/11\/3-1536x1086.jpg 1536w, https:\/\/agora.xtec.cat\/iespviana\/wp-content\/uploads\/usu1199\/2024\/11\/3.jpg 2000w\" sizes=\"auto, (max-width: 1024px) 100vw, 1024px\" \/><\/figure><\/div><div class=\"wp-block-getwid-images-slider__item\"><figure><img loading=\"lazy\" decoding=\"async\" width=\"1024\" height=\"724\" src=\"https:\/\/agora.xtec.cat\/iespviana\/wp-content\/uploads\/usu1199\/2024\/11\/2-1024x724.jpg\" alt=\"\" data-id=\"11447\" data-link=\"https:\/\/agora.xtec.cat\/iespviana\/?attachment_id=11447\" data-original-link=\"https:\/\/agora.xtec.cat\/iespviana\/wp-content\/uploads\/usu1199\/2024\/11\/2.jpg\" class=\"wp-block-getwid-images-slider__image wp-image-11447\" srcset=\"https:\/\/agora.xtec.cat\/iespviana\/wp-content\/uploads\/usu1199\/2024\/11\/2-1024x724.jpg 1024w, https:\/\/agora.xtec.cat\/iespviana\/wp-content\/uploads\/usu1199\/2024\/11\/2-300x212.jpg 300w, https:\/\/agora.xtec.cat\/iespviana\/wp-content\/uploads\/usu1199\/2024\/11\/2-768x543.jpg 768w, https:\/\/agora.xtec.cat\/iespviana\/wp-content\/uploads\/usu1199\/2024\/11\/2-1536x1086.jpg 1536w, https:\/\/agora.xtec.cat\/iespviana\/wp-content\/uploads\/usu1199\/2024\/11\/2.jpg 2000w\" sizes=\"auto, (max-width: 1024px) 100vw, 1024px\" \/><\/figure><\/div><div class=\"wp-block-getwid-images-slider__item\"><figure><img loading=\"lazy\" decoding=\"async\" width=\"1024\" height=\"724\" src=\"https:\/\/agora.xtec.cat\/iespviana\/wp-content\/uploads\/usu1199\/2024\/11\/1-1024x724.jpg\" alt=\"\" data-id=\"11446\" data-link=\"https:\/\/agora.xtec.cat\/iespviana\/?attachment_id=11446\" data-original-link=\"https:\/\/agora.xtec.cat\/iespviana\/wp-content\/uploads\/usu1199\/2024\/11\/1.jpg\" class=\"wp-block-getwid-images-slider__image wp-image-11446\" srcset=\"https:\/\/agora.xtec.cat\/iespviana\/wp-content\/uploads\/usu1199\/2024\/11\/1-1024x724.jpg 1024w, https:\/\/agora.xtec.cat\/iespviana\/wp-content\/uploads\/usu1199\/2024\/11\/1-300x212.jpg 300w, https:\/\/agora.xtec.cat\/iespviana\/wp-content\/uploads\/usu1199\/2024\/11\/1-768x543.jpg 768w, https:\/\/agora.xtec.cat\/iespviana\/wp-content\/uploads\/usu1199\/2024\/11\/1-1536x1086.jpg 1536w, https:\/\/agora.xtec.cat\/iespviana\/wp-content\/uploads\/usu1199\/2024\/11\/1.jpg 2000w\" sizes=\"auto, (max-width: 1024px) 100vw, 1024px\" \/><\/figure><\/div><\/div><\/div>\n<\/div>\n\n\n\n<div class=\"wp-block-column is-layout-flow wp-block-column-is-layout-flow\" style=\"flex-basis:25%\"><\/div>\n<\/div>\n<\/div>\n\n\n\n<div style=\"height:27px\" aria-hidden=\"true\" class=\"wp-block-spacer\"><\/div>\n\n\n\n<p>Les alumnes han llegit un manifest per commemorar les v\u00edctimes de viol\u00e8ncia de g\u00e8nere i reclamar l&#8217;eliminaci\u00f3 de la viol\u00e8ncia contra les dones.<\/p>\n\n\n\n<p>Des del Pr\u00edncep de Viana,<strong> <\/strong> denunciem les viol\u00e8ncies que es manifesten en molts espais de la nostra vida: les viol\u00e8ncies sexuals, l\u2019assetjament per ra\u00f3 de sexe i per ra\u00f3 de g\u00e8nere en \u00e0mbits laborals, acad\u00e8mics, culturals, esportius, entre d\u2019altres, sovint percebuts com a segurs per\u00f2 que, en realitat, tamb\u00e9 esdevenen escenaris de viol\u00e8ncia.<\/p>\n\n\n\n<h3 class=\"wp-block-heading\">Manifest: Dia Internacional per a l\u2019Eliminaci\u00f3 de la Viol\u00e8ncia contra les Dones\u00a0<\/h3>\n\n\n\n<h2 class=\"wp-block-heading\"><strong>Volem espais lliures i segurs, volem la implicaci\u00f3 de tothom<\/strong><\/h2>\n\n\n\n<p>&#8220;Avui, 25 de novembre, Dia Internacional per a l\u2019Eliminaci\u00f3 de la Viol\u00e8ncia contra les Dones, tornem a denunciar aquesta greu vulneraci\u00f3 dels drets humans de les dones i les nenes arreu del m\u00f3n, i tornem a dir prou a totes les formes de viol\u00e8ncies masclistes. El patriarcat no ent\u00e9n de fronteres, les viol\u00e8ncies masclistes es perpetuen arreu del m\u00f3n i augmenta la seva virul\u00e8ncia en guerres i conflictes armats, en qu\u00e8 les dones s\u00f3n assassinades i violades amb total impunitat.\u00a0<\/p>\n\n\n\n<p>Per aix\u00f2, un any m\u00e9s, volem expressar el nostre comprom\u00eds ferm amb la lluita feminista i denunciar totes les formes de viol\u00e8ncies masclistes que pateixen les dones pel sol fet de ser-ho. Una lluita que arreu del m\u00f3n i a casa nostra genera aliances i resist\u00e8ncies davant les amenaces de retroc\u00e9s dels drets de les dones en un context de reacci\u00f3 patriarcal als aven\u00e7os del moviment feminista.&nbsp;<\/p>\n\n\n\n<p>\u00c9s imprescindible visualitzar i recon\u00e8ixer les viol\u00e8ncies masclistes com una q\u00fcesti\u00f3 estructural que atempta contra els drets humans i que ha de ser abordada des d\u2019una perspectiva integral i interseccional per part de les administracions, les institucions i la societat civil. Cal trencar estereotips i deixar clar que la viol\u00e8ncia masclista pot donar-se en l\u2019\u00e0mbit de la parella o en la fam\u00edlia, per\u00f2 tamb\u00e9 en l\u2019\u00e0mbit laboral i social, entre d\u2019altres. I cal tenir present que la viol\u00e8ncia pot prendre moltes formes m\u00e9s enll\u00e0 de la viol\u00e8ncia f\u00edsica, com \u00e9s els cas de la viol\u00e8ncia psicol\u00f2gica, econ\u00f2mica, obst\u00e8trica, sexual, digital i vic\u00e0ria, i d\u2019altres.&nbsp;<\/p>\n\n\n\n<p>Les darreres dades estad\u00edstiques constaten que el 79,3% de les catalanes ha patit alguna forma de viol\u00e8ncia masclista al llarg de la seva vida. \u00c9s una xifra molt greu, ja que estem parlant de 8 de cada 10 dones. Aix\u00ed mateix, el 65,2% de les dones han patit alguna forma de viol\u00e8ncia sexual al llarg de la seva vida. Es tracta de la viol\u00e8ncia masclista m\u00e9s comuna que afecta encara amb m\u00e9s freq\u00fc\u00e8ncia les joves.&nbsp;<\/p>\n\n\n\n<p>La viol\u00e8ncia masclista continua present a l\u2019espai p\u00fablic: als nostres carrers, les nostres places i els nostres parcs. Segons les dades catalanes sobre viol\u00e8ncia sexual, un 19,3% de les enquestades van reportar haver patit una agressi\u00f3 a l\u2019espai p\u00fablic, i un 2,6% al transport p\u00fablic.&nbsp;<\/p>\n\n\n\n<p>Davant d\u2019aquestes xifres, enguany volem posar \u00e8mfasi en el fet que les viol\u00e8ncies masclistes a l\u2019espai p\u00fablic, incloent-hi espais com equipaments, comer\u00e7os o transports, s\u00f3n una de les expressions m\u00e9s greus de la desigualtat de g\u00e8nere i s\u00f3n una realitat que afecta les dones i noies dels nostres municipis, sovint invisibilitzada i normalitzada.<\/p>\n\n\n\n<p>Algunes d\u2019aquestes agressions s\u00f3n molt greus i estan penalitzades per la llei, per\u00f2 d\u2019altres, en moltes ocasions, s\u00f3n situacions quotidianes, com ara mirades, gestos, xiulets, comentaris grollers, opinions sobre el f\u00edsic o invasions de l\u2019espai f\u00edsic i personal que formen part d\u2019un assetjament constant que les dones patim des de molt joves. Per aix\u00f2, afirmem ben alt i clar: <strong>volem espais lliures i segurs, i volem la implicaci\u00f3 de tothom.&nbsp;<\/strong><\/p>\n\n\n\n<p>Perqu\u00e8 els espais s\u00f3n de totes: visca la lluita feminista! &#8220;<\/p>\n\n\n\n<p>(Extracte de la <a href=\"https:\/\/igualtat.gencat.cat\/web\/.content\/Actualitat\/campanyes\/El-silenci-es-violencia\/Declaracio-institucional-catala.pdf\">Declaraci\u00f3 institucional amb motiu del 25 de novembre de 2024, de la Generalitat de Catalunya<\/a>)<\/p>\n\n\n\n<div class=\"wp-block-columns is-layout-flex wp-container-core-columns-is-layout-2 wp-block-columns-is-layout-flex\"><\/div>\n","protected":false},"excerpt":{"rendered":"<p>Les alumnes han llegit un manifest per commemorar les v\u00edctimes de viol\u00e8ncia de g\u00e8nere i reclamar l&#8217;eliminaci\u00f3 de la viol\u00e8ncia contra les dones.<\/p>\n","protected":false},"author":1,"featured_media":11449,"comment_status":"closed","ping_status":"closed","sticky":false,"template":"","format":"standard","meta":{"_bbp_topic_count":0,"_bbp_reply_count":0,"_bbp_total_topic_count":0,"_bbp_total_reply_count":0,"_bbp_voice_count":0,"_bbp_anonymous_reply_count":0,"_bbp_topic_count_hidden":0,"_bbp_reply_count_hidden":0,"_bbp_forum_subforum_count":0,"site-sidebar-layout":"default","site-content-layout":"","ast-site-content-layout":"","site-content-style":"default","site-sidebar-style":"default","ast-global-header-display":"","ast-banner-title-visibility":"","ast-main-header-display":"","ast-hfb-above-header-display":"","ast-hfb-below-header-display":"","ast-hfb-mobile-header-display":"","site-post-title":"","ast-breadcrumbs-content":"","ast-featured-img":"","footer-sml-layout":"","theme-transparent-header-meta":"","adv-header-id-meta":"","stick-header-meta":"","header-above-stick-meta":"","header-main-stick-meta":"","header-below-stick-meta":"","astra-migrate-meta-layouts":"default","ast-page-background-enabled":"default","ast-page-background-meta":{"desktop":{"background-color":"var(--ast-global-color-4)","background-image":"","background-repeat":"repeat","background-position":"center center","background-size":"auto","background-attachment":"scroll","background-type":"","background-media":"","overlay-type":"","overlay-color":"","overlay-opacity":"","overlay-gradient":""},"tablet":{"background-color":"","background-image":"","background-repeat":"repeat","background-position":"center center","background-size":"auto","background-attachment":"scroll","background-type":"","background-media":"","overlay-type":"","overlay-color":"","overlay-opacity":"","overlay-gradient":""},"mobile":{"background-color":"","background-image":"","background-repeat":"repeat","background-position":"center center","background-size":"auto","background-attachment":"scroll","background-type":"","background-media":"","overlay-type":"","overlay-color":"","overlay-opacity":"","overlay-gradient":""}},"ast-content-background-meta":{"desktop":{"background-color":"var(--ast-global-color-5)","background-image":"","background-repeat":"repeat","background-position":"center center","background-size":"auto","background-attachment":"scroll","background-type":"","background-media":"","overlay-type":"","overlay-color":"","overlay-opacity":"","overlay-gradient":""},"tablet":{"background-color":"var(--ast-global-color-5)","background-image":"","background-repeat":"repeat","background-position":"center center","background-size":"auto","background-attachment":"scroll","background-type":"","background-media":"","overlay-type":"","overlay-color":"","overlay-opacity":"","overlay-gradient":""},"mobile":{"background-color":"var(--ast-global-color-5)","background-image":"","background-repeat":"repeat","background-position":"center center","background-size":"auto","background-attachment":"scroll","background-type":"","background-media":"","overlay-type":"","overlay-color":"","overlay-opacity":"","overlay-gradient":""}},"footnotes":""},"categories":[1,29],"tags":[],"class_list":["post-11445","post","type-post","status-publish","format-standard","has-post-thumbnail","hentry","category-general","category-noticies"],"post_mailing_queue_ids":[],"_links":{"self":[{"href":"https:\/\/agora.xtec.cat\/iespviana\/wp-json\/wp\/v2\/posts\/11445","targetHints":{"allow":["GET"]}}],"collection":[{"href":"https:\/\/agora.xtec.cat\/iespviana\/wp-json\/wp\/v2\/posts"}],"about":[{"href":"https:\/\/agora.xtec.cat\/iespviana\/wp-json\/wp\/v2\/types\/post"}],"author":[{"embeddable":true,"href":"https:\/\/agora.xtec.cat\/iespviana\/wp-json\/wp\/v2\/users\/1"}],"replies":[{"embeddable":true,"href":"https:\/\/agora.xtec.cat\/iespviana\/wp-json\/wp\/v2\/comments?post=11445"}],"version-history":[{"count":6,"href":"https:\/\/agora.xtec.cat\/iespviana\/wp-json\/wp\/v2\/posts\/11445\/revisions"}],"predecessor-version":[{"id":11456,"href":"https:\/\/agora.xtec.cat\/iespviana\/wp-json\/wp\/v2\/posts\/11445\/revisions\/11456"}],"wp:featuredmedia":[{"embeddable":true,"href":"https:\/\/agora.xtec.cat\/iespviana\/wp-json\/wp\/v2\/media\/11449"}],"wp:attachment":[{"href":"https:\/\/agora.xtec.cat\/iespviana\/wp-json\/wp\/v2\/media?parent=11445"}],"wp:term":[{"taxonomy":"category","embeddable":true,"href":"https:\/\/agora.xtec.cat\/iespviana\/wp-json\/wp\/v2\/categories?post=11445"},{"taxonomy":"post_tag","embeddable":true,"href":"https:\/\/agora.xtec.cat\/iespviana\/wp-json\/wp\/v2\/tags?post=11445"}],"curies":[{"name":"wp","href":"https:\/\/api.w.org\/{rel}","templated":true}]}}