{"id":11400,"date":"2024-11-11T18:45:35","date_gmt":"2024-11-11T17:45:35","guid":{"rendered":"https:\/\/agora.xtec.cat\/iespviana\/?p=11400"},"modified":"2024-11-24T13:00:03","modified_gmt":"2024-11-24T12:00:03","slug":"setmana-de-la-ciencia","status":"publish","type":"post","link":"https:\/\/agora.xtec.cat\/iespviana\/general\/setmana-de-la-ciencia\/","title":{"rendered":"Setmana de la Ci\u00e8ncia"},"content":{"rendered":"\n<p><\/p>\n\n\n\n<p>Des de&nbsp;<strong>dilluns 11 <\/strong>fins <strong>divendres 15 de novembre<\/strong>&nbsp;celebrarem al Viana la 1a Setmana de la Ci\u00e8ncia, endinsant-nos en aquest m\u00f3n apassionant amb reptes, xerrades, tallers i el FilmLab!<\/p>\n\n\n\n<p><strong>Al llarg de la setmana resoldrem enigmes<\/strong>: cada dia l&#8217;alumnat rebr\u00e0 l&#8217;enlla\u00e7 amb el repte i el formulari per respondre&#8217;l. Hi haur\u00e0 premis per a les millors respostes!&nbsp;<strong>Dilluns 18<\/strong>&nbsp;s&#8217;anunciaran les guanyadores i els guanyadors de cada nivell.&nbsp;<\/p>\n\n\n\n<p><\/p>\n\n\n\n<p>Tamb\u00e9 comptarem amb convidats especials que compartiran les seves investigacions i experi\u00e8ncies amb nosaltres, i, des de les diferents mat\u00e8ris, fareu activitats per descobrir que <strong>la ci\u00e8ncia \u00e9s a tot arreu<\/strong>.<\/p>\n\n\n\n<p>I per acabar la setmana,&nbsp;<strong>divendres 15 de novembre, a partir de les 12:35<\/strong>, el Viana es convertir\u00e0 en un gran centre cultural on podreu participar en un<strong> taller STEM<\/strong> o assistir al <strong>Viana FilmLab Festival<\/strong>.&nbsp;<\/p>\n\n\n\n<figure class=\"wp-block-image size-large\"><a href=\"https:\/\/agora.xtec.cat\/iespviana\/wp-content\/uploads\/usu1199\/2024\/11\/Programacio-2_page-0001.jpg\"><img loading=\"lazy\" decoding=\"async\" width=\"724\" height=\"1024\" src=\"https:\/\/agora.xtec.cat\/iespviana\/wp-content\/uploads\/usu1199\/2024\/11\/Programacio-2_page-0001-724x1024.jpg\" alt=\"\" class=\"wp-image-11413\" srcset=\"https:\/\/agora.xtec.cat\/iespviana\/wp-content\/uploads\/usu1199\/2024\/11\/Programacio-2_page-0001-724x1024.jpg 724w, https:\/\/agora.xtec.cat\/iespviana\/wp-content\/uploads\/usu1199\/2024\/11\/Programacio-2_page-0001-212x300.jpg 212w, https:\/\/agora.xtec.cat\/iespviana\/wp-content\/uploads\/usu1199\/2024\/11\/Programacio-2_page-0001-768x1086.jpg 768w, https:\/\/agora.xtec.cat\/iespviana\/wp-content\/uploads\/usu1199\/2024\/11\/Programacio-2_page-0001-1086x1536.jpg 1086w, https:\/\/agora.xtec.cat\/iespviana\/wp-content\/uploads\/usu1199\/2024\/11\/Programacio-2_page-0001.jpg 1241w\" sizes=\"auto, (max-width: 724px) 100vw, 724px\" \/><\/a><\/figure>\n","protected":false},"excerpt":{"rendered":"<p>Des de\u00a0dilluns 11 fins divendres 15 de novembre\u00a0celebrarem al Viana la 1a Setmana de la Ci\u00e8ncia, endinsant-nos en aquest m\u00f3n apassionant amb reptes, xerrades, tallers i el FilmLab!<\/p>\n","protected":false},"author":1,"featured_media":11420,"comment_status":"closed","ping_status":"closed","sticky":false,"template":"","format":"standard","meta":{"_bbp_topic_count":0,"_bbp_reply_count":0,"_bbp_total_topic_count":0,"_bbp_total_reply_count":0,"_bbp_voice_count":0,"_bbp_anonymous_reply_count":0,"_bbp_topic_count_hidden":0,"_bbp_reply_count_hidden":0,"_bbp_forum_subforum_count":0,"site-sidebar-layout":"default","site-content-layout":"","ast-site-content-layout":"","site-content-style":"default","site-sidebar-style":"default","ast-global-header-display":"","ast-banner-title-visibility":"","ast-main-header-display":"","ast-hfb-above-header-display":"","ast-hfb-below-header-display":"","ast-hfb-mobile-header-display":"","site-post-title":"","ast-breadcrumbs-content":"","ast-featured-img":"","footer-sml-layout":"","theme-transparent-header-meta":"","adv-header-id-meta":"","stick-header-meta":"","header-above-stick-meta":"","header-main-stick-meta":"","header-below-stick-meta":"","astra-migrate-meta-layouts":"default","ast-page-background-enabled":"default","ast-page-background-meta":{"desktop":{"background-color":"var(--ast-global-color-4)","background-image":"","background-repeat":"repeat","background-position":"center center","background-size":"auto","background-attachment":"scroll","background-type":"","background-media":"","overlay-type":"","overlay-color":"","overlay-opacity":"","overlay-gradient":""},"tablet":{"background-color":"","background-image":"","background-repeat":"repeat","background-position":"center center","background-size":"auto","background-attachment":"scroll","background-type":"","background-media":"","overlay-type":"","overlay-color":"","overlay-opacity":"","overlay-gradient":""},"mobile":{"background-color":"","background-image":"","background-repeat":"repeat","background-position":"center center","background-size":"auto","background-attachment":"scroll","background-type":"","background-media":"","overlay-type":"","overlay-color":"","overlay-opacity":"","overlay-gradient":""}},"ast-content-background-meta":{"desktop":{"background-color":"var(--ast-global-color-5)","background-image":"","background-repeat":"repeat","background-position":"center center","background-size":"auto","background-attachment":"scroll","background-type":"","background-media":"","overlay-type":"","overlay-color":"","overlay-opacity":"","overlay-gradient":""},"tablet":{"background-color":"var(--ast-global-color-5)","background-image":"","background-repeat":"repeat","background-position":"center center","background-size":"auto","background-attachment":"scroll","background-type":"","background-media":"","overlay-type":"","overlay-color":"","overlay-opacity":"","overlay-gradient":""},"mobile":{"background-color":"var(--ast-global-color-5)","background-image":"","background-repeat":"repeat","background-position":"center center","background-size":"auto","background-attachment":"scroll","background-type":"","background-media":"","overlay-type":"","overlay-color":"","overlay-opacity":"","overlay-gradient":""}},"footnotes":""},"categories":[1,29],"tags":[],"class_list":["post-11400","post","type-post","status-publish","format-standard","has-post-thumbnail","hentry","category-general","category-noticies"],"post_mailing_queue_ids":[],"_links":{"self":[{"href":"https:\/\/agora.xtec.cat\/iespviana\/wp-json\/wp\/v2\/posts\/11400","targetHints":{"allow":["GET"]}}],"collection":[{"href":"https:\/\/agora.xtec.cat\/iespviana\/wp-json\/wp\/v2\/posts"}],"about":[{"href":"https:\/\/agora.xtec.cat\/iespviana\/wp-json\/wp\/v2\/types\/post"}],"author":[{"embeddable":true,"href":"https:\/\/agora.xtec.cat\/iespviana\/wp-json\/wp\/v2\/users\/1"}],"replies":[{"embeddable":true,"href":"https:\/\/agora.xtec.cat\/iespviana\/wp-json\/wp\/v2\/comments?post=11400"}],"version-history":[{"count":6,"href":"https:\/\/agora.xtec.cat\/iespviana\/wp-json\/wp\/v2\/posts\/11400\/revisions"}],"predecessor-version":[{"id":11423,"href":"https:\/\/agora.xtec.cat\/iespviana\/wp-json\/wp\/v2\/posts\/11400\/revisions\/11423"}],"wp:featuredmedia":[{"embeddable":true,"href":"https:\/\/agora.xtec.cat\/iespviana\/wp-json\/wp\/v2\/media\/11420"}],"wp:attachment":[{"href":"https:\/\/agora.xtec.cat\/iespviana\/wp-json\/wp\/v2\/media?parent=11400"}],"wp:term":[{"taxonomy":"category","embeddable":true,"href":"https:\/\/agora.xtec.cat\/iespviana\/wp-json\/wp\/v2\/categories?post=11400"},{"taxonomy":"post_tag","embeddable":true,"href":"https:\/\/agora.xtec.cat\/iespviana\/wp-json\/wp\/v2\/tags?post=11400"}],"curies":[{"name":"wp","href":"https:\/\/api.w.org\/{rel}","templated":true}]}}