{"id":11152,"date":"2024-06-19T10:16:01","date_gmt":"2024-06-19T08:16:01","guid":{"rendered":"https:\/\/agora.xtec.cat\/iespviana\/?p=11152"},"modified":"2024-06-19T10:16:01","modified_gmt":"2024-06-19T08:16:01","slug":"juguem-al-tennis-taula","status":"publish","type":"post","link":"https:\/\/agora.xtec.cat\/iespviana\/general\/juguem-al-tennis-taula\/","title":{"rendered":"Juguem al Tennis taula"},"content":{"rendered":"<p>L&#8217;alumnat de 2n ESO, ha assistit a la Federaci\u00f3 Catalana de Tennis Taula a unes jornades que han organitzat. Despr\u00e9s d&#8217;unes sessions pr\u00e8vies a l&#8217;institut on han estat practicant, l&#8217;alumnat a les instal\u00b7lacions de la Federaci\u00f3 ha estat fent diversos partits en els quals han fet cops impressionants, punts impossibles i sobretot han gaudit d&#8217;aquest esport vibrant i emocionant.<\/p>\n<p>A la <a href=\"https:\/\/agora.xtec.cat\/iespviana\/mediateca\/\" target=\"_blank\" rel=\"noopener\">mediateca<\/a> podeu trobar les <a href=\"https:\/\/photos.app.goo.gl\/iKAJZipFgGhL4QhHA\" target=\"_blank\" rel=\"noopener\">fotografies<\/a> i <a href=\"https:\/\/photos.app.goo.gl\/CX2KeA3qaDa95Aii7\" target=\"_blank\" rel=\"noopener\">v\u00eddeo<\/a> de la jornada.<\/p>\n<p><img loading=\"lazy\" decoding=\"async\" class=\"aligncenter wp-image-11159 size-large\" src=\"https:\/\/agora.xtec.cat\/iespviana\/wp-content\/uploads\/usu1199\/2024\/06\/Tennis-taula-1024x576.jpg\" alt=\"\" width=\"1024\" height=\"576\" srcset=\"https:\/\/agora.xtec.cat\/iespviana\/wp-content\/uploads\/usu1199\/2024\/06\/Tennis-taula-1024x576.jpg 1024w, https:\/\/agora.xtec.cat\/iespviana\/wp-content\/uploads\/usu1199\/2024\/06\/Tennis-taula-300x169.jpg 300w, https:\/\/agora.xtec.cat\/iespviana\/wp-content\/uploads\/usu1199\/2024\/06\/Tennis-taula-768x432.jpg 768w, https:\/\/agora.xtec.cat\/iespviana\/wp-content\/uploads\/usu1199\/2024\/06\/Tennis-taula-1536x864.jpg 1536w, https:\/\/agora.xtec.cat\/iespviana\/wp-content\/uploads\/usu1199\/2024\/06\/Tennis-taula-2048x1152.jpg 2048w\" sizes=\"auto, (max-width: 1024px) 100vw, 1024px\" \/><\/p>\n<p>&nbsp;<\/p>\n","protected":false},"excerpt":{"rendered":"<p>L&#8217;alumnat de 2n ESO, ha assistit a la Federaci\u00f3 Catalana de Tennis Taula a unes jornades que han organitzat. Despr\u00e9s [&hellip;]<\/p>\n","protected":false},"author":1,"featured_media":11159,"comment_status":"closed","ping_status":"closed","sticky":false,"template":"","format":"standard","meta":{"_bbp_topic_count":0,"_bbp_reply_count":0,"_bbp_total_topic_count":0,"_bbp_total_reply_count":0,"_bbp_voice_count":0,"_bbp_anonymous_reply_count":0,"_bbp_topic_count_hidden":0,"_bbp_reply_count_hidden":0,"_bbp_forum_subforum_count":0,"site-sidebar-layout":"default","site-content-layout":"","ast-site-content-layout":"","site-content-style":"default","site-sidebar-style":"default","ast-global-header-display":"","ast-banner-title-visibility":"","ast-main-header-display":"","ast-hfb-above-header-display":"","ast-hfb-below-header-display":"","ast-hfb-mobile-header-display":"","site-post-title":"","ast-breadcrumbs-content":"","ast-featured-img":"","footer-sml-layout":"","theme-transparent-header-meta":"","adv-header-id-meta":"","stick-header-meta":"","header-above-stick-meta":"","header-main-stick-meta":"","header-below-stick-meta":"","astra-migrate-meta-layouts":"default","ast-page-background-enabled":"default","ast-page-background-meta":{"desktop":{"background-color":"var(--ast-global-color-4)","background-image":"","background-repeat":"repeat","background-position":"center center","background-size":"auto","background-attachment":"scroll","background-type":"","background-media":"","overlay-type":"","overlay-color":"","overlay-opacity":"","overlay-gradient":""},"tablet":{"background-color":"","background-image":"","background-repeat":"repeat","background-position":"center center","background-size":"auto","background-attachment":"scroll","background-type":"","background-media":"","overlay-type":"","overlay-color":"","overlay-opacity":"","overlay-gradient":""},"mobile":{"background-color":"","background-image":"","background-repeat":"repeat","background-position":"center center","background-size":"auto","background-attachment":"scroll","background-type":"","background-media":"","overlay-type":"","overlay-color":"","overlay-opacity":"","overlay-gradient":""}},"ast-content-background-meta":{"desktop":{"background-color":"var(--ast-global-color-5)","background-image":"","background-repeat":"repeat","background-position":"center center","background-size":"auto","background-attachment":"scroll","background-type":"","background-media":"","overlay-type":"","overlay-color":"","overlay-opacity":"","overlay-gradient":""},"tablet":{"background-color":"var(--ast-global-color-5)","background-image":"","background-repeat":"repeat","background-position":"center center","background-size":"auto","background-attachment":"scroll","background-type":"","background-media":"","overlay-type":"","overlay-color":"","overlay-opacity":"","overlay-gradient":""},"mobile":{"background-color":"var(--ast-global-color-5)","background-image":"","background-repeat":"repeat","background-position":"center center","background-size":"auto","background-attachment":"scroll","background-type":"","background-media":"","overlay-type":"","overlay-color":"","overlay-opacity":"","overlay-gradient":""}},"footnotes":""},"categories":[3,4,5,14,15,16,6,7,1,29],"tags":[190,39],"class_list":["post-11152","post","type-post","status-publish","format-standard","has-post-thumbnail","hentry","category-eso","category-eso-1","category-eso-2","category-eso-2a","category-eso-2b","category-eso-2c","category-eso-3","category-eso-4","category-general","category-noticies","tag-educacio-fisica","tag-sortides"],"post_mailing_queue_ids":[],"_links":{"self":[{"href":"https:\/\/agora.xtec.cat\/iespviana\/wp-json\/wp\/v2\/posts\/11152","targetHints":{"allow":["GET"]}}],"collection":[{"href":"https:\/\/agora.xtec.cat\/iespviana\/wp-json\/wp\/v2\/posts"}],"about":[{"href":"https:\/\/agora.xtec.cat\/iespviana\/wp-json\/wp\/v2\/types\/post"}],"author":[{"embeddable":true,"href":"https:\/\/agora.xtec.cat\/iespviana\/wp-json\/wp\/v2\/users\/1"}],"replies":[{"embeddable":true,"href":"https:\/\/agora.xtec.cat\/iespviana\/wp-json\/wp\/v2\/comments?post=11152"}],"version-history":[{"count":6,"href":"https:\/\/agora.xtec.cat\/iespviana\/wp-json\/wp\/v2\/posts\/11152\/revisions"}],"predecessor-version":[{"id":11160,"href":"https:\/\/agora.xtec.cat\/iespviana\/wp-json\/wp\/v2\/posts\/11152\/revisions\/11160"}],"wp:featuredmedia":[{"embeddable":true,"href":"https:\/\/agora.xtec.cat\/iespviana\/wp-json\/wp\/v2\/media\/11159"}],"wp:attachment":[{"href":"https:\/\/agora.xtec.cat\/iespviana\/wp-json\/wp\/v2\/media?parent=11152"}],"wp:term":[{"taxonomy":"category","embeddable":true,"href":"https:\/\/agora.xtec.cat\/iespviana\/wp-json\/wp\/v2\/categories?post=11152"},{"taxonomy":"post_tag","embeddable":true,"href":"https:\/\/agora.xtec.cat\/iespviana\/wp-json\/wp\/v2\/tags?post=11152"}],"curies":[{"name":"wp","href":"https:\/\/api.w.org\/{rel}","templated":true}]}}