{"id":11060,"date":"2024-05-14T15:50:18","date_gmt":"2024-05-14T13:50:18","guid":{"rendered":"https:\/\/agora.xtec.cat\/iespviana\/?p=11060"},"modified":"2024-05-14T15:50:18","modified_gmt":"2024-05-14T13:50:18","slug":"ajuts-de-menjador-escolar-2024-2025","status":"publish","type":"post","link":"https:\/\/agora.xtec.cat\/iespviana\/general\/ajuts-de-menjador-escolar-2024-2025\/","title":{"rendered":"Ajuts de menjador escolar 2024-2025"},"content":{"rendered":"<h6 class=\"gmail_default\"><b>PRESENTACI\u00d3 DE SOL\u00b7LICITUDS<\/b><\/h6>\n<div class=\"gmail_default\">\n<p>Les sol\u00b7licituds es presentaran a trav\u00e9s d&#8217;un formulari telem\u00e0tic adre\u00e7at a l&#8217;alumnat que estigui matriculat o preinscrit per al curs 2024-2025, en un per\u00edode inicial i quatre per\u00edodes oberts de sol\u00b7licituds:<\/p>\n<ul>\n<li>Per\u00edode de juny 2024:\u00a0entre el 15 de maig i el 16 de juny, ambd\u00f3s inclosos. El termini per presentar les sol\u00b7licituds signades al centre amb documentaci\u00f3, si escau, \u00e9s fins al 20 de juny.<\/li>\n<\/ul>\n<p><a href=\"https:\/\/www.edubcn.cat\/ca\/alumnat_i_familia\/ajuts_beques_i_subvencions\/ajuts_de_menjador_escolar\" target=\"_blank\" rel=\"noopener\">Enlla\u00e7<\/a>\u00a0a total la informaci\u00f3 (web del Consorci d&#8217;Educaci\u00f3 de Barcelona)<\/p>\n<p><img loading=\"lazy\" decoding=\"async\" class=\"aligncenter size-full wp-image-7893\" src=\"https:\/\/agora.xtec.cat\/iespviana\/wp-content\/uploads\/usu1199\/2021\/12\/beques.jpg\" alt=\"\" width=\"225\" height=\"225\" srcset=\"https:\/\/agora.xtec.cat\/iespviana\/wp-content\/uploads\/usu1199\/2021\/12\/beques.jpg 225w, https:\/\/agora.xtec.cat\/iespviana\/wp-content\/uploads\/usu1199\/2021\/12\/beques-150x150.jpg 150w\" sizes=\"auto, (max-width: 225px) 100vw, 225px\" \/><\/p>\n<\/div>\n","protected":false},"excerpt":{"rendered":"<p>PRESENTACI\u00d3 DE SOL\u00b7LICITUDS Les sol\u00b7licituds es presentaran a trav\u00e9s d&#8217;un formulari telem\u00e0tic adre\u00e7at a l&#8217;alumnat que estigui matriculat o preinscrit [&hellip;]<\/p>\n","protected":false},"author":1,"featured_media":7905,"comment_status":"closed","ping_status":"closed","sticky":false,"template":"","format":"standard","meta":{"_bbp_topic_count":0,"_bbp_reply_count":0,"_bbp_total_topic_count":0,"_bbp_total_reply_count":0,"_bbp_voice_count":0,"_bbp_anonymous_reply_count":0,"_bbp_topic_count_hidden":0,"_bbp_reply_count_hidden":0,"_bbp_forum_subforum_count":0,"site-sidebar-layout":"default","site-content-layout":"","ast-site-content-layout":"","site-content-style":"default","site-sidebar-style":"default","ast-global-header-display":"","ast-banner-title-visibility":"","ast-main-header-display":"","ast-hfb-above-header-display":"","ast-hfb-below-header-display":"","ast-hfb-mobile-header-display":"","site-post-title":"","ast-breadcrumbs-content":"","ast-featured-img":"","footer-sml-layout":"","theme-transparent-header-meta":"","adv-header-id-meta":"","stick-header-meta":"","header-above-stick-meta":"","header-main-stick-meta":"","header-below-stick-meta":"","astra-migrate-meta-layouts":"default","ast-page-background-enabled":"default","ast-page-background-meta":{"desktop":{"background-color":"var(--ast-global-color-4)","background-image":"","background-repeat":"repeat","background-position":"center center","background-size":"auto","background-attachment":"scroll","background-type":"","background-media":"","overlay-type":"","overlay-color":"","overlay-opacity":"","overlay-gradient":""},"tablet":{"background-color":"","background-image":"","background-repeat":"repeat","background-position":"center center","background-size":"auto","background-attachment":"scroll","background-type":"","background-media":"","overlay-type":"","overlay-color":"","overlay-opacity":"","overlay-gradient":""},"mobile":{"background-color":"","background-image":"","background-repeat":"repeat","background-position":"center center","background-size":"auto","background-attachment":"scroll","background-type":"","background-media":"","overlay-type":"","overlay-color":"","overlay-opacity":"","overlay-gradient":""}},"ast-content-background-meta":{"desktop":{"background-color":"var(--ast-global-color-5)","background-image":"","background-repeat":"repeat","background-position":"center center","background-size":"auto","background-attachment":"scroll","background-type":"","background-media":"","overlay-type":"","overlay-color":"","overlay-opacity":"","overlay-gradient":""},"tablet":{"background-color":"var(--ast-global-color-5)","background-image":"","background-repeat":"repeat","background-position":"center center","background-size":"auto","background-attachment":"scroll","background-type":"","background-media":"","overlay-type":"","overlay-color":"","overlay-opacity":"","overlay-gradient":""},"mobile":{"background-color":"var(--ast-global-color-5)","background-image":"","background-repeat":"repeat","background-position":"center center","background-size":"auto","background-attachment":"scroll","background-type":"","background-media":"","overlay-type":"","overlay-color":"","overlay-opacity":"","overlay-gradient":""}},"footnotes":""},"categories":[3,4,9,10,11,52,5,14,15,16,6,19,20,21,7,24,25,26,1,29],"tags":[116,138],"class_list":["post-11060","post","type-post","status-publish","format-standard","has-post-thumbnail","hentry","category-eso","category-eso-1","category-eso-1a","category-eso-1b","category-eso-1c","category-eso-1d","category-eso-2","category-eso-2a","category-eso-2b","category-eso-2c","category-eso-3","category-eso-3a","category-eso-3b","category-eso-3c","category-eso-4","category-eso-4a","category-eso-4b","category-eso-4c","category-general","category-noticies","tag-ajuts","tag-beques"],"post_mailing_queue_ids":[],"_links":{"self":[{"href":"https:\/\/agora.xtec.cat\/iespviana\/wp-json\/wp\/v2\/posts\/11060","targetHints":{"allow":["GET"]}}],"collection":[{"href":"https:\/\/agora.xtec.cat\/iespviana\/wp-json\/wp\/v2\/posts"}],"about":[{"href":"https:\/\/agora.xtec.cat\/iespviana\/wp-json\/wp\/v2\/types\/post"}],"author":[{"embeddable":true,"href":"https:\/\/agora.xtec.cat\/iespviana\/wp-json\/wp\/v2\/users\/1"}],"replies":[{"embeddable":true,"href":"https:\/\/agora.xtec.cat\/iespviana\/wp-json\/wp\/v2\/comments?post=11060"}],"version-history":[{"count":1,"href":"https:\/\/agora.xtec.cat\/iespviana\/wp-json\/wp\/v2\/posts\/11060\/revisions"}],"predecessor-version":[{"id":11061,"href":"https:\/\/agora.xtec.cat\/iespviana\/wp-json\/wp\/v2\/posts\/11060\/revisions\/11061"}],"wp:featuredmedia":[{"embeddable":true,"href":"https:\/\/agora.xtec.cat\/iespviana\/wp-json\/wp\/v2\/media\/7905"}],"wp:attachment":[{"href":"https:\/\/agora.xtec.cat\/iespviana\/wp-json\/wp\/v2\/media?parent=11060"}],"wp:term":[{"taxonomy":"category","embeddable":true,"href":"https:\/\/agora.xtec.cat\/iespviana\/wp-json\/wp\/v2\/categories?post=11060"},{"taxonomy":"post_tag","embeddable":true,"href":"https:\/\/agora.xtec.cat\/iespviana\/wp-json\/wp\/v2\/tags?post=11060"}],"curies":[{"name":"wp","href":"https:\/\/api.w.org\/{rel}","templated":true}]}}