{"id":10950,"date":"2024-03-13T12:28:47","date_gmt":"2024-03-13T11:28:47","guid":{"rendered":"https:\/\/agora.xtec.cat\/iespviana\/?p=10950"},"modified":"2024-06-04T09:37:31","modified_gmt":"2024-06-04T07:37:31","slug":"el-princep-sassocia-amb-els-dracs","status":"publish","type":"post","link":"https:\/\/agora.xtec.cat\/iespviana\/general\/el-princep-sassocia-amb-els-dracs\/","title":{"rendered":"El Pr\u00edncep s&#8217;associa amb els Dracs"},"content":{"rendered":"<p class=\"gmail_default\">El passat dijous 7 de mar\u00e7 l&#8217;alumnat de 4t d&#8217;ESO del Pr\u00edncep de Viana va anar a visitar als\u00a0<a href=\"https:\/\/www.badalonadracs.es\/\" target=\"_blank\" rel=\"noopener\" data-saferedirecturl=\"https:\/\/www.google.com\/url?q=https:\/\/www.badalonadracs.es\/&amp;source=gmail&amp;ust=1710413293930000&amp;usg=AOvVaw32FMgddXZGr3Nf3Qu5OJVb\">Dracs de Badalona<\/a>, equip de futbol americ\u00e0 que participa a la primera divisi\u00f3 espanyola d&#8217;aquest esport i que acumula 11 lligues guanyades des de la seva creaci\u00f3 al 1995.<\/p>\n<p class=\"gmail_default\">Els jugadors professionals del primer equip dels Dracs van ensenyar al nostre alumnat a placar, a rebre i a passar la pilota en una jornada en qu\u00e8 no van parar de fer activitat f\u00edsica en tot el mat\u00ed.<\/p>\n<p class=\"gmail_default\">Podeu trobar les <a href=\"https:\/\/photos.app.goo.gl\/tod5TmTnTWH1uM1f7\" target=\"_blank\" rel=\"noopener\">fotografies<\/a> de la jornada a la <a href=\"https:\/\/agora.xtec.cat\/iespviana\/mediateca\/albums-de-fotografies-curs-2023-24\/\" target=\"_blank\" rel=\"noopener\">mediateca<\/a>.<\/p>\n<p><img loading=\"lazy\" decoding=\"async\" class=\"aligncenter wp-image-10952 size-large\" src=\"https:\/\/agora.xtec.cat\/iespviana\/wp-content\/uploads\/usu1199\/2024\/03\/Portada-dracs-1024x681.jpg\" alt=\"\" width=\"1024\" height=\"681\" srcset=\"https:\/\/agora.xtec.cat\/iespviana\/wp-content\/uploads\/usu1199\/2024\/03\/Portada-dracs-1024x681.jpg 1024w, https:\/\/agora.xtec.cat\/iespviana\/wp-content\/uploads\/usu1199\/2024\/03\/Portada-dracs-300x199.jpg 300w, https:\/\/agora.xtec.cat\/iespviana\/wp-content\/uploads\/usu1199\/2024\/03\/Portada-dracs-768x511.jpg 768w, https:\/\/agora.xtec.cat\/iespviana\/wp-content\/uploads\/usu1199\/2024\/03\/Portada-dracs.jpg 1504w\" sizes=\"auto, (max-width: 1024px) 100vw, 1024px\" \/><\/p>\n","protected":false},"excerpt":{"rendered":"<p>El passat dijous 7 de mar\u00e7 l&#8217;alumnat de 4t d&#8217;ESO del Pr\u00edncep de Viana va anar a visitar als\u00a0Dracs de [&hellip;]<\/p>\n","protected":false},"author":1,"featured_media":10952,"comment_status":"closed","ping_status":"closed","sticky":false,"template":"","format":"standard","meta":{"_bbp_topic_count":0,"_bbp_reply_count":0,"_bbp_total_topic_count":0,"_bbp_total_reply_count":0,"_bbp_voice_count":0,"_bbp_anonymous_reply_count":0,"_bbp_topic_count_hidden":0,"_bbp_reply_count_hidden":0,"_bbp_forum_subforum_count":0,"site-sidebar-layout":"default","site-content-layout":"","ast-site-content-layout":"","site-content-style":"default","site-sidebar-style":"default","ast-global-header-display":"","ast-banner-title-visibility":"","ast-main-header-display":"","ast-hfb-above-header-display":"","ast-hfb-below-header-display":"","ast-hfb-mobile-header-display":"","site-post-title":"","ast-breadcrumbs-content":"","ast-featured-img":"","footer-sml-layout":"","theme-transparent-header-meta":"","adv-header-id-meta":"","stick-header-meta":"","header-above-stick-meta":"","header-main-stick-meta":"","header-below-stick-meta":"","astra-migrate-meta-layouts":"default","ast-page-background-enabled":"default","ast-page-background-meta":{"desktop":{"background-color":"var(--ast-global-color-4)","background-image":"","background-repeat":"repeat","background-position":"center center","background-size":"auto","background-attachment":"scroll","background-type":"","background-media":"","overlay-type":"","overlay-color":"","overlay-opacity":"","overlay-gradient":""},"tablet":{"background-color":"","background-image":"","background-repeat":"repeat","background-position":"center center","background-size":"auto","background-attachment":"scroll","background-type":"","background-media":"","overlay-type":"","overlay-color":"","overlay-opacity":"","overlay-gradient":""},"mobile":{"background-color":"","background-image":"","background-repeat":"repeat","background-position":"center center","background-size":"auto","background-attachment":"scroll","background-type":"","background-media":"","overlay-type":"","overlay-color":"","overlay-opacity":"","overlay-gradient":""}},"ast-content-background-meta":{"desktop":{"background-color":"var(--ast-global-color-5)","background-image":"","background-repeat":"repeat","background-position":"center center","background-size":"auto","background-attachment":"scroll","background-type":"","background-media":"","overlay-type":"","overlay-color":"","overlay-opacity":"","overlay-gradient":""},"tablet":{"background-color":"var(--ast-global-color-5)","background-image":"","background-repeat":"repeat","background-position":"center center","background-size":"auto","background-attachment":"scroll","background-type":"","background-media":"","overlay-type":"","overlay-color":"","overlay-opacity":"","overlay-gradient":""},"mobile":{"background-color":"var(--ast-global-color-5)","background-image":"","background-repeat":"repeat","background-position":"center center","background-size":"auto","background-attachment":"scroll","background-type":"","background-media":"","overlay-type":"","overlay-color":"","overlay-opacity":"","overlay-gradient":""}},"footnotes":""},"categories":[3,4,5,6,7,24,25,26,1,29],"tags":[78,39],"class_list":["post-10950","post","type-post","status-publish","format-standard","has-post-thumbnail","hentry","category-eso","category-eso-1","category-eso-2","category-eso-3","category-eso-4","category-eso-4a","category-eso-4b","category-eso-4c","category-general","category-noticies","tag-esport","tag-sortides"],"post_mailing_queue_ids":[],"_links":{"self":[{"href":"https:\/\/agora.xtec.cat\/iespviana\/wp-json\/wp\/v2\/posts\/10950","targetHints":{"allow":["GET"]}}],"collection":[{"href":"https:\/\/agora.xtec.cat\/iespviana\/wp-json\/wp\/v2\/posts"}],"about":[{"href":"https:\/\/agora.xtec.cat\/iespviana\/wp-json\/wp\/v2\/types\/post"}],"author":[{"embeddable":true,"href":"https:\/\/agora.xtec.cat\/iespviana\/wp-json\/wp\/v2\/users\/1"}],"replies":[{"embeddable":true,"href":"https:\/\/agora.xtec.cat\/iespviana\/wp-json\/wp\/v2\/comments?post=10950"}],"version-history":[{"count":4,"href":"https:\/\/agora.xtec.cat\/iespviana\/wp-json\/wp\/v2\/posts\/10950\/revisions"}],"predecessor-version":[{"id":11112,"href":"https:\/\/agora.xtec.cat\/iespviana\/wp-json\/wp\/v2\/posts\/10950\/revisions\/11112"}],"wp:featuredmedia":[{"embeddable":true,"href":"https:\/\/agora.xtec.cat\/iespviana\/wp-json\/wp\/v2\/media\/10952"}],"wp:attachment":[{"href":"https:\/\/agora.xtec.cat\/iespviana\/wp-json\/wp\/v2\/media?parent=10950"}],"wp:term":[{"taxonomy":"category","embeddable":true,"href":"https:\/\/agora.xtec.cat\/iespviana\/wp-json\/wp\/v2\/categories?post=10950"},{"taxonomy":"post_tag","embeddable":true,"href":"https:\/\/agora.xtec.cat\/iespviana\/wp-json\/wp\/v2\/tags?post=10950"}],"curies":[{"name":"wp","href":"https:\/\/api.w.org\/{rel}","templated":true}]}}