{"id":10573,"date":"2023-12-18T09:50:26","date_gmt":"2023-12-18T08:50:26","guid":{"rendered":"https:\/\/agora.xtec.cat\/iespviana\/?p=10573"},"modified":"2023-12-18T10:01:34","modified_gmt":"2023-12-18T09:01:34","slug":"els-de-1r-de-batxillerat-cineastes","status":"publish","type":"post","link":"https:\/\/agora.xtec.cat\/iespviana\/general\/els-de-1r-de-batxillerat-cineastes\/","title":{"rendered":"ELS DE 1r DE BATXILLERAT, CINEASTES!"},"content":{"rendered":"<p>L&#8217;alumnat de 1r de Batxillerat A ha cursat l&#8217;optativa trimestral Comunicaci\u00f3 Audiovisual i, com a projecte final, han realitzat un anunci relacionat amb algun problema social que els preocupava:<\/p>\n<p>l&#8217;autoestima, la depend\u00e8ncia emocional, la capacitat &#8220;terap\u00e8utica&#8221; de l&#8217;esport, l&#8217;educaci\u00f3 p\u00fablica\u00a0 o la import\u00e0ncia de no callar davant els prejudicis.<\/p>\n<p>Us compartim les seves creacions.<\/p>\n<p>Gaudiu-les!<\/p>\n<p><img loading=\"lazy\" decoding=\"async\" class=\"aligncenter size-full wp-image-10602\" src=\"https:\/\/agora.xtec.cat\/iespviana\/wp-content\/uploads\/usu1199\/2023\/12\/IMG_20231121_104441-scaled.jpg\" alt=\"\" width=\"2560\" height=\"1920\" srcset=\"https:\/\/agora.xtec.cat\/iespviana\/wp-content\/uploads\/usu1199\/2023\/12\/IMG_20231121_104441-scaled.jpg 2560w, https:\/\/agora.xtec.cat\/iespviana\/wp-content\/uploads\/usu1199\/2023\/12\/IMG_20231121_104441-300x225.jpg 300w, https:\/\/agora.xtec.cat\/iespviana\/wp-content\/uploads\/usu1199\/2023\/12\/IMG_20231121_104441-1024x768.jpg 1024w, https:\/\/agora.xtec.cat\/iespviana\/wp-content\/uploads\/usu1199\/2023\/12\/IMG_20231121_104441-768x576.jpg 768w, https:\/\/agora.xtec.cat\/iespviana\/wp-content\/uploads\/usu1199\/2023\/12\/IMG_20231121_104441-1536x1152.jpg 1536w, https:\/\/agora.xtec.cat\/iespviana\/wp-content\/uploads\/usu1199\/2023\/12\/IMG_20231121_104441-2048x1536.jpg 2048w, https:\/\/agora.xtec.cat\/iespviana\/wp-content\/uploads\/usu1199\/2023\/12\/IMG_20231121_104441-200x150.jpg 200w\" sizes=\"auto, (max-width: 2560px) 100vw, 2560px\" \/><\/p>\n<p>Tamb\u00e9 podreu trobar totes les <a href=\"https:\/\/photos.app.goo.gl\/H6YmF51VC1czXEi29\" target=\"_blank\" rel=\"noopener\">gravacions<\/a> a la <a href=\"https:\/\/agora.xtec.cat\/iespviana\/mediateca\/\" target=\"_blank\" rel=\"noopener\">mediateca<\/a> i al nostre <a href=\"https:\/\/www.youtube.com\/channel\/UCRonuo_50SOnIDgg3EZT_zw?cbrd=1\" target=\"_blank\" rel=\"noopener\">canal youtube<\/a>.<\/p>\n","protected":false},"excerpt":{"rendered":"<p>L&#8217;alumnat de 1r de Batxillerat A ha cursat l&#8217;optativa trimestral Comunicaci\u00f3 Audiovisual i, com a projecte final, han realitzat un [&hellip;]<\/p>\n","protected":false},"author":1,"featured_media":10602,"comment_status":"closed","ping_status":"closed","sticky":false,"template":"","format":"standard","meta":{"_bbp_topic_count":0,"_bbp_reply_count":0,"_bbp_total_topic_count":0,"_bbp_total_reply_count":0,"_bbp_voice_count":0,"_bbp_anonymous_reply_count":0,"_bbp_topic_count_hidden":0,"_bbp_reply_count_hidden":0,"_bbp_forum_subforum_count":0,"site-sidebar-layout":"default","site-content-layout":"","ast-site-content-layout":"","site-content-style":"default","site-sidebar-style":"default","ast-global-header-display":"","ast-banner-title-visibility":"","ast-main-header-display":"","ast-hfb-above-header-display":"","ast-hfb-below-header-display":"","ast-hfb-mobile-header-display":"","site-post-title":"","ast-breadcrumbs-content":"","ast-featured-img":"","footer-sml-layout":"","theme-transparent-header-meta":"","adv-header-id-meta":"","stick-header-meta":"","header-above-stick-meta":"","header-main-stick-meta":"","header-below-stick-meta":"","astra-migrate-meta-layouts":"default","ast-page-background-enabled":"default","ast-page-background-meta":{"desktop":{"background-color":"var(--ast-global-color-4)","background-image":"","background-repeat":"repeat","background-position":"center center","background-size":"auto","background-attachment":"scroll","background-type":"","background-media":"","overlay-type":"","overlay-color":"","overlay-opacity":"","overlay-gradient":""},"tablet":{"background-color":"","background-image":"","background-repeat":"repeat","background-position":"center center","background-size":"auto","background-attachment":"scroll","background-type":"","background-media":"","overlay-type":"","overlay-color":"","overlay-opacity":"","overlay-gradient":""},"mobile":{"background-color":"","background-image":"","background-repeat":"repeat","background-position":"center center","background-size":"auto","background-attachment":"scroll","background-type":"","background-media":"","overlay-type":"","overlay-color":"","overlay-opacity":"","overlay-gradient":""}},"ast-content-background-meta":{"desktop":{"background-color":"var(--ast-global-color-5)","background-image":"","background-repeat":"repeat","background-position":"center center","background-size":"auto","background-attachment":"scroll","background-type":"","background-media":"","overlay-type":"","overlay-color":"","overlay-opacity":"","overlay-gradient":""},"tablet":{"background-color":"var(--ast-global-color-5)","background-image":"","background-repeat":"repeat","background-position":"center center","background-size":"auto","background-attachment":"scroll","background-type":"","background-media":"","overlay-type":"","overlay-color":"","overlay-opacity":"","overlay-gradient":""},"mobile":{"background-color":"var(--ast-global-color-5)","background-image":"","background-repeat":"repeat","background-position":"center center","background-size":"auto","background-attachment":"scroll","background-type":"","background-media":"","overlay-type":"","overlay-color":"","overlay-opacity":"","overlay-gradient":""}},"footnotes":""},"categories":[8,58,59,3,4,5,6,7,1,29],"tags":[129],"class_list":["post-10573","post","type-post","status-publish","format-standard","has-post-thumbnail","hentry","category-batxillerat","category-batxillerat-1","category-batxillerat-2","category-eso","category-eso-1","category-eso-2","category-eso-3","category-eso-4","category-general","category-noticies","tag-cultura-audiovisual"],"post_mailing_queue_ids":[],"_links":{"self":[{"href":"https:\/\/agora.xtec.cat\/iespviana\/wp-json\/wp\/v2\/posts\/10573","targetHints":{"allow":["GET"]}}],"collection":[{"href":"https:\/\/agora.xtec.cat\/iespviana\/wp-json\/wp\/v2\/posts"}],"about":[{"href":"https:\/\/agora.xtec.cat\/iespviana\/wp-json\/wp\/v2\/types\/post"}],"author":[{"embeddable":true,"href":"https:\/\/agora.xtec.cat\/iespviana\/wp-json\/wp\/v2\/users\/1"}],"replies":[{"embeddable":true,"href":"https:\/\/agora.xtec.cat\/iespviana\/wp-json\/wp\/v2\/comments?post=10573"}],"version-history":[{"count":6,"href":"https:\/\/agora.xtec.cat\/iespviana\/wp-json\/wp\/v2\/posts\/10573\/revisions"}],"predecessor-version":[{"id":10603,"href":"https:\/\/agora.xtec.cat\/iespviana\/wp-json\/wp\/v2\/posts\/10573\/revisions\/10603"}],"wp:featuredmedia":[{"embeddable":true,"href":"https:\/\/agora.xtec.cat\/iespviana\/wp-json\/wp\/v2\/media\/10602"}],"wp:attachment":[{"href":"https:\/\/agora.xtec.cat\/iespviana\/wp-json\/wp\/v2\/media?parent=10573"}],"wp:term":[{"taxonomy":"category","embeddable":true,"href":"https:\/\/agora.xtec.cat\/iespviana\/wp-json\/wp\/v2\/categories?post=10573"},{"taxonomy":"post_tag","embeddable":true,"href":"https:\/\/agora.xtec.cat\/iespviana\/wp-json\/wp\/v2\/tags?post=10573"}],"curies":[{"name":"wp","href":"https:\/\/api.w.org\/{rel}","templated":true}]}}