{"id":10250,"date":"2023-10-10T12:03:04","date_gmt":"2023-10-10T10:03:04","guid":{"rendered":"https:\/\/agora.xtec.cat\/iespviana\/?p=10250"},"modified":"2023-10-10T12:03:21","modified_gmt":"2023-10-10T10:03:21","slug":"horts-urbans","status":"publish","type":"post","link":"https:\/\/agora.xtec.cat\/iespviana\/general\/horts-urbans\/","title":{"rendered":"Horts urbans"},"content":{"rendered":"<p><span style=\"font-weight: 400;\">El passat 29 de setembre, l&#8217;alumnat de l&#8217;optativa de jardineria i hort (2n d&#8217;ESO), van anar als horts urbans de la Trinitat Vella. <\/span><\/p>\n<p><span style=\"font-weight: 400;\">El primer que van fer va ser donar una volta per les diferents parcel\u00b7les, identificant les esp\u00e8cies vegetals que hi havia plantades: carabasses, alberg\u00ednies, patates, cebes, herbes arom\u00e0tiques\u2026 <\/span><\/p>\n<p><span style=\"font-weight: 400;\">Despr\u00e9s van fer una activitat on havien de dissenyar i tenir en compte, per grups, quines varietats es podien conrear a les diferents \u00e8poques de l&#8217;any; la dist\u00e0ncia entre les plantes que s&#8217;havia de deixar, perqu\u00e8 poguessin desenvolupar-se; les caracter\u00edstiques del s\u00f2l sorrenc, que s\u2019ha de regar m\u00e9s sovint; la llum del Sol\u2026<\/span><\/p>\n<p>&nbsp;<\/p>\n<p>Podeu veure totes les <a href=\"https:\/\/photos.app.goo.gl\/t8aBENbXmGm6Pvit9\" target=\"_blank\" rel=\"noopener\">fotografies<\/a> a la <a href=\"https:\/\/agora.xtec.cat\/iespviana\/mediateca\/\" target=\"_blank\" rel=\"noopener\">mediateca<\/a>.<\/p>\n<p><img loading=\"lazy\" decoding=\"async\" class=\"aligncenter wp-image-10255 size-large\" src=\"https:\/\/agora.xtec.cat\/iespviana\/wp-content\/uploads\/usu1199\/2023\/10\/IMG_20230929_095817retallada-1024x771.jpg\" alt=\"\" width=\"1024\" height=\"771\" srcset=\"https:\/\/agora.xtec.cat\/iespviana\/wp-content\/uploads\/usu1199\/2023\/10\/IMG_20230929_095817retallada-1024x771.jpg 1024w, https:\/\/agora.xtec.cat\/iespviana\/wp-content\/uploads\/usu1199\/2023\/10\/IMG_20230929_095817retallada-300x226.jpg 300w, https:\/\/agora.xtec.cat\/iespviana\/wp-content\/uploads\/usu1199\/2023\/10\/IMG_20230929_095817retallada-768x578.jpg 768w, https:\/\/agora.xtec.cat\/iespviana\/wp-content\/uploads\/usu1199\/2023\/10\/IMG_20230929_095817retallada-1536x1157.jpg 1536w, https:\/\/agora.xtec.cat\/iespviana\/wp-content\/uploads\/usu1199\/2023\/10\/IMG_20230929_095817retallada-2048x1542.jpg 2048w, https:\/\/agora.xtec.cat\/iespviana\/wp-content\/uploads\/usu1199\/2023\/10\/IMG_20230929_095817retallada-200x150.jpg 200w\" sizes=\"auto, (max-width: 1024px) 100vw, 1024px\" \/><\/p>\n","protected":false},"excerpt":{"rendered":"<p>El passat 29 de setembre, l&#8217;alumnat de l&#8217;optativa de jardineria i hort (2n d&#8217;ESO), van anar als horts urbans de [&hellip;]<\/p>\n","protected":false},"author":1,"featured_media":10255,"comment_status":"closed","ping_status":"closed","sticky":false,"template":"","format":"standard","meta":{"_bbp_topic_count":0,"_bbp_reply_count":0,"_bbp_total_topic_count":0,"_bbp_total_reply_count":0,"_bbp_voice_count":0,"_bbp_anonymous_reply_count":0,"_bbp_topic_count_hidden":0,"_bbp_reply_count_hidden":0,"_bbp_forum_subforum_count":0,"site-sidebar-layout":"default","site-content-layout":"","ast-site-content-layout":"","site-content-style":"default","site-sidebar-style":"default","ast-global-header-display":"","ast-banner-title-visibility":"","ast-main-header-display":"","ast-hfb-above-header-display":"","ast-hfb-below-header-display":"","ast-hfb-mobile-header-display":"","site-post-title":"","ast-breadcrumbs-content":"","ast-featured-img":"","footer-sml-layout":"","theme-transparent-header-meta":"","adv-header-id-meta":"","stick-header-meta":"","header-above-stick-meta":"","header-main-stick-meta":"","header-below-stick-meta":"","astra-migrate-meta-layouts":"default","ast-page-background-enabled":"default","ast-page-background-meta":{"desktop":{"background-color":"var(--ast-global-color-4)","background-image":"","background-repeat":"repeat","background-position":"center center","background-size":"auto","background-attachment":"scroll","background-type":"","background-media":"","overlay-type":"","overlay-color":"","overlay-opacity":"","overlay-gradient":""},"tablet":{"background-color":"","background-image":"","background-repeat":"repeat","background-position":"center center","background-size":"auto","background-attachment":"scroll","background-type":"","background-media":"","overlay-type":"","overlay-color":"","overlay-opacity":"","overlay-gradient":""},"mobile":{"background-color":"","background-image":"","background-repeat":"repeat","background-position":"center center","background-size":"auto","background-attachment":"scroll","background-type":"","background-media":"","overlay-type":"","overlay-color":"","overlay-opacity":"","overlay-gradient":""}},"ast-content-background-meta":{"desktop":{"background-color":"var(--ast-global-color-5)","background-image":"","background-repeat":"repeat","background-position":"center center","background-size":"auto","background-attachment":"scroll","background-type":"","background-media":"","overlay-type":"","overlay-color":"","overlay-opacity":"","overlay-gradient":""},"tablet":{"background-color":"var(--ast-global-color-5)","background-image":"","background-repeat":"repeat","background-position":"center center","background-size":"auto","background-attachment":"scroll","background-type":"","background-media":"","overlay-type":"","overlay-color":"","overlay-opacity":"","overlay-gradient":""},"mobile":{"background-color":"var(--ast-global-color-5)","background-image":"","background-repeat":"repeat","background-position":"center center","background-size":"auto","background-attachment":"scroll","background-type":"","background-media":"","overlay-type":"","overlay-color":"","overlay-opacity":"","overlay-gradient":""}},"footnotes":""},"categories":[3,4,5,14,15,16,6,7,1,29],"tags":[39],"class_list":["post-10250","post","type-post","status-publish","format-standard","has-post-thumbnail","hentry","category-eso","category-eso-1","category-eso-2","category-eso-2a","category-eso-2b","category-eso-2c","category-eso-3","category-eso-4","category-general","category-noticies","tag-sortides"],"post_mailing_queue_ids":[],"_links":{"self":[{"href":"https:\/\/agora.xtec.cat\/iespviana\/wp-json\/wp\/v2\/posts\/10250","targetHints":{"allow":["GET"]}}],"collection":[{"href":"https:\/\/agora.xtec.cat\/iespviana\/wp-json\/wp\/v2\/posts"}],"about":[{"href":"https:\/\/agora.xtec.cat\/iespviana\/wp-json\/wp\/v2\/types\/post"}],"author":[{"embeddable":true,"href":"https:\/\/agora.xtec.cat\/iespviana\/wp-json\/wp\/v2\/users\/1"}],"replies":[{"embeddable":true,"href":"https:\/\/agora.xtec.cat\/iespviana\/wp-json\/wp\/v2\/comments?post=10250"}],"version-history":[{"count":2,"href":"https:\/\/agora.xtec.cat\/iespviana\/wp-json\/wp\/v2\/posts\/10250\/revisions"}],"predecessor-version":[{"id":10256,"href":"https:\/\/agora.xtec.cat\/iespviana\/wp-json\/wp\/v2\/posts\/10250\/revisions\/10256"}],"wp:featuredmedia":[{"embeddable":true,"href":"https:\/\/agora.xtec.cat\/iespviana\/wp-json\/wp\/v2\/media\/10255"}],"wp:attachment":[{"href":"https:\/\/agora.xtec.cat\/iespviana\/wp-json\/wp\/v2\/media?parent=10250"}],"wp:term":[{"taxonomy":"category","embeddable":true,"href":"https:\/\/agora.xtec.cat\/iespviana\/wp-json\/wp\/v2\/categories?post=10250"},{"taxonomy":"post_tag","embeddable":true,"href":"https:\/\/agora.xtec.cat\/iespviana\/wp-json\/wp\/v2\/tags?post=10250"}],"curies":[{"name":"wp","href":"https:\/\/api.w.org\/{rel}","templated":true}]}}