{"id":5422,"date":"2026-04-23T09:59:27","date_gmt":"2026-04-23T07:59:27","guid":{"rendered":"https:\/\/agora.xtec.cat\/iespuigcargol-calonge\/?p=5422"},"modified":"2026-04-23T09:59:27","modified_gmt":"2026-04-23T07:59:27","slug":"sant-jordi-2026","status":"publish","type":"post","link":"https:\/\/agora.xtec.cat\/iespuigcargol-calonge\/general\/sant-jordi-2026\/","title":{"rendered":"Sant Jordi 2026"},"content":{"rendered":"<p><a href=\"https:\/\/agora.xtec.cat\/iespuigcargol-calonge\/wp-content\/uploads\/usu480\/2026\/04\/santjordi2021_color.jpg\"><img loading=\"lazy\" decoding=\"async\" class=\"size-medium wp-image-5423 alignleft\" src=\"https:\/\/agora.xtec.cat\/iespuigcargol-calonge\/wp-content\/uploads\/usu480\/2026\/04\/santjordi2021_color-240x300.jpg\" alt=\"\" width=\"240\" height=\"300\" srcset=\"https:\/\/agora.xtec.cat\/iespuigcargol-calonge\/wp-content\/uploads\/usu480\/2026\/04\/santjordi2021_color-240x300.jpg 240w, https:\/\/agora.xtec.cat\/iespuigcargol-calonge\/wp-content\/uploads\/usu480\/2026\/04\/santjordi2021_color-819x1024.jpg 819w, https:\/\/agora.xtec.cat\/iespuigcargol-calonge\/wp-content\/uploads\/usu480\/2026\/04\/santjordi2021_color-768x960.jpg 768w, https:\/\/agora.xtec.cat\/iespuigcargol-calonge\/wp-content\/uploads\/usu480\/2026\/04\/santjordi2021_color.jpg 1080w\" sizes=\"auto, (max-width: 240px) 100vw, 240px\" \/><\/a>Avui \u00e9s un dia molt especial: la diada de Sant Jordi. Al nostre centre, com cada any, tenim la voluntat de celebrar aquesta jornada amb esmorzar amb m\u00fasica, tallers al pati, un torneig d&#8217;escacs i moltes activitats m\u00e9s: lectura de poemes amb acompanyament de m\u00fasica en viu de fons, la col\u00b7laboraci\u00f3 inestimable de la biblioteca del municipi, que ve amb les seves novetats a la parada que ja tenen assignada des de sempre i un concert de cloenda explosiu.<\/p>\n<p>Si cliqueu l&#8217;<a href=\"https:\/\/apliense.xtec.cat\/prestatgeria\/b7000706_3303\/llibre\/index.php?section=\">enlla\u00e7<\/a>, podreu accedir a la mostra liter\u00e0ria de textos de l&#8217;alumnat del centre. Enguany, tots els poemes i els relats curts que hi trobareu giren a l&#8217;entorn del tema de l&#8217;amor.<\/p>\n<p>Estigueu ben atents a l&#8217;Instagram del centre perqu\u00e8 els propers dies hi podreu veure un petit reportatge del qual es faran c\u00e0rrec els i les alumnes de la mat\u00e8ria de Contingut digital, de 3r d&#8217;ESO.<\/p>\n<p>I, ara s\u00ed, nom\u00e9s ens queda desitjar-vos que passeu un molt BON SANT JORDI!!!<\/p>\n<p>&nbsp;<\/p>\n","protected":false},"excerpt":{"rendered":"<p>Avui \u00e9s un dia molt especial: la diada de Sant Jordi. Al nostre centre, com cada any, tenim la voluntat de celebrar aquesta jornada amb esmorzar amb m\u00fasica, tallers al pati, un torneig d&#8217;escacs i moltes activitats m\u00e9s: lectura de poemes amb acompanyament de m\u00fasica en viu de fons, la col\u00b7laboraci\u00f3 inestimable de la biblioteca [&hellip;]<\/p>\n","protected":false},"author":193,"featured_media":5423,"comment_status":"open","ping_status":"open","sticky":false,"template":"","format":"standard","meta":{"_bbp_topic_count":0,"_bbp_reply_count":0,"_bbp_total_topic_count":0,"_bbp_total_reply_count":0,"_bbp_voice_count":0,"_bbp_anonymous_reply_count":0,"_bbp_topic_count_hidden":0,"_bbp_reply_count_hidden":0,"_bbp_forum_subforum_count":0,"site-sidebar-layout":"default","site-content-layout":"","ast-site-content-layout":"default","site-content-style":"default","site-sidebar-style":"default","ast-global-header-display":"","ast-banner-title-visibility":"","ast-main-header-display":"","ast-hfb-above-header-display":"","ast-hfb-below-header-display":"","ast-hfb-mobile-header-display":"","site-post-title":"","ast-breadcrumbs-content":"","ast-featured-img":"","footer-sml-layout":"","theme-transparent-header-meta":"default","adv-header-id-meta":"","stick-header-meta":"","header-above-stick-meta":"","header-main-stick-meta":"","header-below-stick-meta":"","astra-migrate-meta-layouts":"set","ast-page-background-enabled":"default","ast-page-background-meta":{"desktop":{"background-color":"var(--ast-global-color-4)","background-image":"","background-repeat":"repeat","background-position":"center center","background-size":"auto","background-attachment":"scroll","background-type":"","background-media":"","overlay-type":"","overlay-color":"","overlay-opacity":"","overlay-gradient":""},"tablet":{"background-color":"","background-image":"","background-repeat":"repeat","background-position":"center center","background-size":"auto","background-attachment":"scroll","background-type":"","background-media":"","overlay-type":"","overlay-color":"","overlay-opacity":"","overlay-gradient":""},"mobile":{"background-color":"","background-image":"","background-repeat":"repeat","background-position":"center center","background-size":"auto","background-attachment":"scroll","background-type":"","background-media":"","overlay-type":"","overlay-color":"","overlay-opacity":"","overlay-gradient":""}},"ast-content-background-meta":{"desktop":{"background-color":"var(--ast-global-color-5)","background-image":"","background-repeat":"repeat","background-position":"center center","background-size":"auto","background-attachment":"scroll","background-type":"","background-media":"","overlay-type":"","overlay-color":"","overlay-opacity":"","overlay-gradient":""},"tablet":{"background-color":"var(--ast-global-color-5)","background-image":"","background-repeat":"repeat","background-position":"center center","background-size":"auto","background-attachment":"scroll","background-type":"","background-media":"","overlay-type":"","overlay-color":"","overlay-opacity":"","overlay-gradient":""},"mobile":{"background-color":"var(--ast-global-color-5)","background-image":"","background-repeat":"repeat","background-position":"center center","background-size":"auto","background-attachment":"scroll","background-type":"","background-media":"","overlay-type":"","overlay-color":"","overlay-opacity":"","overlay-gradient":""}},"footnotes":""},"categories":[251,1,29],"tags":[],"class_list":["post-5422","post","type-post","status-publish","format-standard","has-post-thumbnail","hentry","category-curs-25-26","category-general","category-portada"],"post_mailing_queue_ids":[],"_links":{"self":[{"href":"https:\/\/agora.xtec.cat\/iespuigcargol-calonge\/wp-json\/wp\/v2\/posts\/5422","targetHints":{"allow":["GET"]}}],"collection":[{"href":"https:\/\/agora.xtec.cat\/iespuigcargol-calonge\/wp-json\/wp\/v2\/posts"}],"about":[{"href":"https:\/\/agora.xtec.cat\/iespuigcargol-calonge\/wp-json\/wp\/v2\/types\/post"}],"author":[{"embeddable":true,"href":"https:\/\/agora.xtec.cat\/iespuigcargol-calonge\/wp-json\/wp\/v2\/users\/193"}],"replies":[{"embeddable":true,"href":"https:\/\/agora.xtec.cat\/iespuigcargol-calonge\/wp-json\/wp\/v2\/comments?post=5422"}],"version-history":[{"count":2,"href":"https:\/\/agora.xtec.cat\/iespuigcargol-calonge\/wp-json\/wp\/v2\/posts\/5422\/revisions"}],"predecessor-version":[{"id":5425,"href":"https:\/\/agora.xtec.cat\/iespuigcargol-calonge\/wp-json\/wp\/v2\/posts\/5422\/revisions\/5425"}],"wp:featuredmedia":[{"embeddable":true,"href":"https:\/\/agora.xtec.cat\/iespuigcargol-calonge\/wp-json\/wp\/v2\/media\/5423"}],"wp:attachment":[{"href":"https:\/\/agora.xtec.cat\/iespuigcargol-calonge\/wp-json\/wp\/v2\/media?parent=5422"}],"wp:term":[{"taxonomy":"category","embeddable":true,"href":"https:\/\/agora.xtec.cat\/iespuigcargol-calonge\/wp-json\/wp\/v2\/categories?post=5422"},{"taxonomy":"post_tag","embeddable":true,"href":"https:\/\/agora.xtec.cat\/iespuigcargol-calonge\/wp-json\/wp\/v2\/tags?post=5422"}],"curies":[{"name":"wp","href":"https:\/\/api.w.org\/{rel}","templated":true}]}}