{"id":5396,"date":"2026-04-09T11:07:57","date_gmt":"2026-04-09T09:07:57","guid":{"rendered":"https:\/\/agora.xtec.cat\/iespuigcargol-calonge\/?p=5396"},"modified":"2026-04-09T11:07:57","modified_gmt":"2026-04-09T09:07:57","slug":"xerrada-ikigai-lart-dajudar-els-fills-i-les-filles-a-triar-el-seu-futur","status":"publish","type":"post","link":"https:\/\/agora.xtec.cat\/iespuigcargol-calonge\/ne\/eso\/xerrada-ikigai-lart-dajudar-els-fills-i-les-filles-a-triar-el-seu-futur\/","title":{"rendered":"Xerrada: &#8220;Ikigai: l&#8217;art d&#8217;ajudar els fills i les filles a triar el seu futur&#8221;"},"content":{"rendered":"<p><a href=\"https:\/\/agora.xtec.cat\/iespuigcargol-calonge\/wp-content\/uploads\/usu480\/2026\/04\/image003.jpg\"><img loading=\"lazy\" decoding=\"async\" class=\"size-medium wp-image-5397 alignleft\" src=\"https:\/\/agora.xtec.cat\/iespuigcargol-calonge\/wp-content\/uploads\/usu480\/2026\/04\/image003-212x300.jpg\" alt=\"\" width=\"212\" height=\"300\" srcset=\"https:\/\/agora.xtec.cat\/iespuigcargol-calonge\/wp-content\/uploads\/usu480\/2026\/04\/image003-212x300.jpg 212w, https:\/\/agora.xtec.cat\/iespuigcargol-calonge\/wp-content\/uploads\/usu480\/2026\/04\/image003.jpg 420w\" sizes=\"auto, (max-width: 212px) 100vw, 212px\" \/><\/a>Ens complau anunciar-vos que els dies 14 i 15 d\u2019abril es dur\u00e0 a terme el IV Sal\u00f3 dels Oficis i les Professions del Baix Empord\u00e0, amb la col\u00b7laboraci\u00f3 d\u2019FP Baix Empord\u00e0, organitzat pel Consell Comarcal del Baix Empord\u00e0 amb la col\u00b7laboraci\u00f3 d\u2019FP Baix Empord\u00e0 i l\u2019Ajuntament de Castell d\u2019Aro, Platja d\u2019Aro i S\u2019Agar\u00f3.<\/p>\n<p>L\u2019esdeveniment \u00e9s una iniciativa que pret\u00e9n apropar a la ciutadania les necessitats del teixit empresarial de la comarca, amb la finalitat de donar a con\u00e8ixer les oportunitats que els oficis ofereixen a nivell professional, aix\u00ed com donar visibilitat i prestigiar-los.<\/p>\n<p>A m\u00e9s, permet donar a con\u00e8ixer la formaci\u00f3 professional, despertar vocacions i connectar el talent jove amb les oportunitats que ofereixen les empreses del Baix Empord\u00e0. Durant aquests dos dies, es duran a terme tallers, xerrades, espais d\u2019intercanvi on participaran empreses, entitats i professionals de diferents sectors aix\u00ed com punts d\u2019informaci\u00f3, orientaci\u00f3 i assessorament per fam\u00edlies, alumnat i professionals.<\/p>\n<p>En aquesta quarta edici\u00f3, es portar\u00e0 a terme una xerrada dirigida a fam\u00edlies:<\/p>\n<p>Xerrada: \u201cIkigai: l\u2019art d\u2019ajudar els fills i les filles a triar el seu futur\u201d.<\/p>\n<p>\ud83d\udcc5 Dia: Dimarts, 14 d\u2019abril<\/p>\n<p>\ud83d\udd58 Hora: de 18 a 19:30 h<\/p>\n<p>\ud83d\udccd Lloc: Sala Ridaura, Palau d\u2019Esports i Congressos de Platja d\u2019Aro.<\/p>\n<p>\u270fA c\u00e0rrec de Francesc Miralles, referent en el camp del desenvolupament personal i coautor del llibre Ikigai. Miralles ens donar\u00e0 les eines per ajudar als joves a identificar el seu talent i trobar un enfocament professional i vital alineat amb el seu prop\u00f2sit.<\/p>\n<p>Cal inscripci\u00f3 pr\u00e8via i la xerrada t\u00e9 aforament limitat. Enlla\u00e7 d\u2019inscripci\u00f3: <a href=\"https:\/\/forms.gle\/ybpyYiot3x1QHrPr9\">https:\/\/forms.gle\/ybpyYiot3x1QHrPr9<\/a> \ud83d\udcdd<\/p>\n","protected":false},"excerpt":{"rendered":"<p>Ens complau anunciar-vos que els dies 14 i 15 d\u2019abril es dur\u00e0 a terme el IV Sal\u00f3 dels Oficis i les Professions del Baix Empord\u00e0, amb la col\u00b7laboraci\u00f3 d\u2019FP Baix Empord\u00e0, organitzat pel Consell Comarcal del Baix Empord\u00e0 amb la col\u00b7laboraci\u00f3 d\u2019FP Baix Empord\u00e0 i l\u2019Ajuntament de Castell d\u2019Aro, Platja d\u2019Aro i S\u2019Agar\u00f3. L\u2019esdeveniment \u00e9s [&hellip;]<\/p>\n","protected":false},"author":1,"featured_media":5397,"comment_status":"open","ping_status":"open","sticky":false,"template":"","format":"standard","meta":{"_bbp_topic_count":0,"_bbp_reply_count":0,"_bbp_total_topic_count":0,"_bbp_total_reply_count":0,"_bbp_voice_count":0,"_bbp_anonymous_reply_count":0,"_bbp_topic_count_hidden":0,"_bbp_reply_count_hidden":0,"_bbp_forum_subforum_count":0,"site-sidebar-layout":"default","site-content-layout":"","ast-site-content-layout":"default","site-content-style":"default","site-sidebar-style":"default","ast-global-header-display":"","ast-banner-title-visibility":"","ast-main-header-display":"","ast-hfb-above-header-display":"","ast-hfb-below-header-display":"","ast-hfb-mobile-header-display":"","site-post-title":"","ast-breadcrumbs-content":"","ast-featured-img":"","footer-sml-layout":"","theme-transparent-header-meta":"default","adv-header-id-meta":"","stick-header-meta":"","header-above-stick-meta":"","header-main-stick-meta":"","header-below-stick-meta":"","astra-migrate-meta-layouts":"set","ast-page-background-enabled":"default","ast-page-background-meta":{"desktop":{"background-color":"var(--ast-global-color-4)","background-image":"","background-repeat":"repeat","background-position":"center center","background-size":"auto","background-attachment":"scroll","background-type":"","background-media":"","overlay-type":"","overlay-color":"","overlay-opacity":"","overlay-gradient":""},"tablet":{"background-color":"","background-image":"","background-repeat":"repeat","background-position":"center center","background-size":"auto","background-attachment":"scroll","background-type":"","background-media":"","overlay-type":"","overlay-color":"","overlay-opacity":"","overlay-gradient":""},"mobile":{"background-color":"","background-image":"","background-repeat":"repeat","background-position":"center center","background-size":"auto","background-attachment":"scroll","background-type":"","background-media":"","overlay-type":"","overlay-color":"","overlay-opacity":"","overlay-gradient":""}},"ast-content-background-meta":{"desktop":{"background-color":"var(--ast-global-color-5)","background-image":"","background-repeat":"repeat","background-position":"center center","background-size":"auto","background-attachment":"scroll","background-type":"","background-media":"","overlay-type":"","overlay-color":"","overlay-opacity":"","overlay-gradient":""},"tablet":{"background-color":"var(--ast-global-color-5)","background-image":"","background-repeat":"repeat","background-position":"center center","background-size":"auto","background-attachment":"scroll","background-type":"","background-media":"","overlay-type":"","overlay-color":"","overlay-opacity":"","overlay-gradient":""},"mobile":{"background-color":"var(--ast-global-color-5)","background-image":"","background-repeat":"repeat","background-position":"center center","background-size":"auto","background-attachment":"scroll","background-type":"","background-media":"","overlay-type":"","overlay-color":"","overlay-opacity":"","overlay-gradient":""}},"footnotes":""},"categories":[8,251,3,76,29],"tags":[],"class_list":["post-5396","post","type-post","status-publish","format-standard","has-post-thumbnail","hentry","category-batxillerat","category-curs-25-26","category-eso","category-o","category-portada"],"post_mailing_queue_ids":[],"_links":{"self":[{"href":"https:\/\/agora.xtec.cat\/iespuigcargol-calonge\/wp-json\/wp\/v2\/posts\/5396","targetHints":{"allow":["GET"]}}],"collection":[{"href":"https:\/\/agora.xtec.cat\/iespuigcargol-calonge\/wp-json\/wp\/v2\/posts"}],"about":[{"href":"https:\/\/agora.xtec.cat\/iespuigcargol-calonge\/wp-json\/wp\/v2\/types\/post"}],"author":[{"embeddable":true,"href":"https:\/\/agora.xtec.cat\/iespuigcargol-calonge\/wp-json\/wp\/v2\/users\/1"}],"replies":[{"embeddable":true,"href":"https:\/\/agora.xtec.cat\/iespuigcargol-calonge\/wp-json\/wp\/v2\/comments?post=5396"}],"version-history":[{"count":1,"href":"https:\/\/agora.xtec.cat\/iespuigcargol-calonge\/wp-json\/wp\/v2\/posts\/5396\/revisions"}],"predecessor-version":[{"id":5398,"href":"https:\/\/agora.xtec.cat\/iespuigcargol-calonge\/wp-json\/wp\/v2\/posts\/5396\/revisions\/5398"}],"wp:featuredmedia":[{"embeddable":true,"href":"https:\/\/agora.xtec.cat\/iespuigcargol-calonge\/wp-json\/wp\/v2\/media\/5397"}],"wp:attachment":[{"href":"https:\/\/agora.xtec.cat\/iespuigcargol-calonge\/wp-json\/wp\/v2\/media?parent=5396"}],"wp:term":[{"taxonomy":"category","embeddable":true,"href":"https:\/\/agora.xtec.cat\/iespuigcargol-calonge\/wp-json\/wp\/v2\/categories?post=5396"},{"taxonomy":"post_tag","embeddable":true,"href":"https:\/\/agora.xtec.cat\/iespuigcargol-calonge\/wp-json\/wp\/v2\/tags?post=5396"}],"curies":[{"name":"wp","href":"https:\/\/api.w.org\/{rel}","templated":true}]}}