{"id":6485,"date":"2026-04-27T11:07:46","date_gmt":"2026-04-27T09:07:46","guid":{"rendered":"https:\/\/agora.xtec.cat\/iespontdesuert\/?p=6485"},"modified":"2026-04-27T10:13:22","modified_gmt":"2026-04-27T08:13:22","slug":"excursio-a-la-batalla-del-ebre","status":"publish","type":"post","link":"https:\/\/agora.xtec.cat\/iespontdesuert\/general\/excursio-a-la-batalla-del-ebre\/","title":{"rendered":"EXCURSI\u00d3 A LA BATALLA DE L&#8217;EBRE"},"content":{"rendered":"<div>Els alumnes de segon de batxillerat han anat fins a les terres de l&#8217;Ebre per visitar els llocs m\u00e9s emblem\u00e0tics de <strong>la batalla m\u00e9s important de la Guerra Civi<\/strong>l. En primer lloc han travessat el riu Ebre amb barcassa, tal i com ho van fer alguns combatents, i despr\u00e9s s&#8217;ha seguit l&#8217;itinerari fins al poble de Miravet recreant els moviments de les tropes per acabar als peus del castell.<\/div>\n<div><\/div>\n<div>A continuaci\u00f3, han anat a veure les trinxeres on es van produir alguns dels combats m\u00e9s cruents de l&#8217;episodi de l&#8217;Ebre i on se&#8217;ls ha explicat testimonis reals de les dures condicions de vida que van patir els soldats.<\/div>\n<div><\/div>\n<div>I per \u00faltim, la visita acaba al <strong>Memorial de Camposines<\/strong> on es recorden els desapareguts de la guerra i cada any es fa un acte d&#8217;homenatge.<\/div>\n<div><a href=\"https:\/\/agora.xtec.cat\/iespontdesuert\/wp-content\/uploads\/usu1633\/2026\/04\/IMG-20260418-WA0013.jpg\"><img loading=\"lazy\" decoding=\"async\" class=\"alignnone size-large wp-image-6486\" src=\"https:\/\/agora.xtec.cat\/iespontdesuert\/wp-content\/uploads\/usu1633\/2026\/04\/IMG-20260418-WA0013-1024x768.jpg\" alt=\"EXCURSI\u00d3 A LA BATALLA DEL EBRE\" width=\"1024\" height=\"768\" srcset=\"https:\/\/agora.xtec.cat\/iespontdesuert\/wp-content\/uploads\/usu1633\/2026\/04\/IMG-20260418-WA0013-1024x768.jpg 1024w, https:\/\/agora.xtec.cat\/iespontdesuert\/wp-content\/uploads\/usu1633\/2026\/04\/IMG-20260418-WA0013-300x225.jpg 300w, https:\/\/agora.xtec.cat\/iespontdesuert\/wp-content\/uploads\/usu1633\/2026\/04\/IMG-20260418-WA0013-768x576.jpg 768w, https:\/\/agora.xtec.cat\/iespontdesuert\/wp-content\/uploads\/usu1633\/2026\/04\/IMG-20260418-WA0013-1536x1152.jpg 1536w, https:\/\/agora.xtec.cat\/iespontdesuert\/wp-content\/uploads\/usu1633\/2026\/04\/IMG-20260418-WA0013.jpg 1600w\" sizes=\"auto, (max-width: 1024px) 100vw, 1024px\" \/><\/a><\/div>\n","protected":false},"excerpt":{"rendered":"<p>Els alumnes de segon de batxillerat han anat fins a les terres del Ebre per visitar els llocs m\u00e9s emblem\u00e0tics de la batalla m\u00e9s important de la Guerra Civil.<\/p>\n","protected":false},"author":25,"featured_media":6486,"comment_status":"open","ping_status":"open","sticky":false,"template":"","format":"standard","meta":{"_bbp_topic_count":0,"_bbp_reply_count":0,"_bbp_total_topic_count":0,"_bbp_total_reply_count":0,"_bbp_voice_count":0,"_bbp_anonymous_reply_count":0,"_bbp_topic_count_hidden":0,"_bbp_reply_count_hidden":0,"_bbp_forum_subforum_count":0,"site-sidebar-layout":"default","site-content-layout":"","ast-site-content-layout":"default","site-content-style":"default","site-sidebar-style":"default","ast-global-header-display":"","ast-banner-title-visibility":"","ast-main-header-display":"","ast-hfb-above-header-display":"","ast-hfb-below-header-display":"","ast-hfb-mobile-header-display":"","site-post-title":"","ast-breadcrumbs-content":"","ast-featured-img":"","footer-sml-layout":"","theme-transparent-header-meta":"default","adv-header-id-meta":"","stick-header-meta":"","header-above-stick-meta":"","header-main-stick-meta":"","header-below-stick-meta":"","astra-migrate-meta-layouts":"set","ast-page-background-enabled":"default","ast-page-background-meta":{"desktop":{"background-color":"var(--ast-global-color-4)","background-image":"","background-repeat":"repeat","background-position":"center center","background-size":"auto","background-attachment":"scroll","background-type":"","background-media":"","overlay-type":"","overlay-color":"","overlay-opacity":"","overlay-gradient":""},"tablet":{"background-color":"","background-image":"","background-repeat":"repeat","background-position":"center center","background-size":"auto","background-attachment":"scroll","background-type":"","background-media":"","overlay-type":"","overlay-color":"","overlay-opacity":"","overlay-gradient":""},"mobile":{"background-color":"","background-image":"","background-repeat":"repeat","background-position":"center center","background-size":"auto","background-attachment":"scroll","background-type":"","background-media":"","overlay-type":"","overlay-color":"","overlay-opacity":"","overlay-gradient":""}},"ast-content-background-meta":{"desktop":{"background-color":"var(--ast-global-color-5)","background-image":"","background-repeat":"repeat","background-position":"center center","background-size":"auto","background-attachment":"scroll","background-type":"","background-media":"","overlay-type":"","overlay-color":"","overlay-opacity":"","overlay-gradient":""},"tablet":{"background-color":"var(--ast-global-color-5)","background-image":"","background-repeat":"repeat","background-position":"center center","background-size":"auto","background-attachment":"scroll","background-type":"","background-media":"","overlay-type":"","overlay-color":"","overlay-opacity":"","overlay-gradient":""},"mobile":{"background-color":"var(--ast-global-color-5)","background-image":"","background-repeat":"repeat","background-position":"center center","background-size":"auto","background-attachment":"scroll","background-type":"","background-media":"","overlay-type":"","overlay-color":"","overlay-opacity":"","overlay-gradient":""}},"footnotes":""},"categories":[1,29],"tags":[],"class_list":["post-6485","post","type-post","status-publish","format-standard","has-post-thumbnail","hentry","category-general","category-portada"],"post_mailing_queue_ids":[],"_links":{"self":[{"href":"https:\/\/agora.xtec.cat\/iespontdesuert\/wp-json\/wp\/v2\/posts\/6485","targetHints":{"allow":["GET"]}}],"collection":[{"href":"https:\/\/agora.xtec.cat\/iespontdesuert\/wp-json\/wp\/v2\/posts"}],"about":[{"href":"https:\/\/agora.xtec.cat\/iespontdesuert\/wp-json\/wp\/v2\/types\/post"}],"author":[{"embeddable":true,"href":"https:\/\/agora.xtec.cat\/iespontdesuert\/wp-json\/wp\/v2\/users\/25"}],"replies":[{"embeddable":true,"href":"https:\/\/agora.xtec.cat\/iespontdesuert\/wp-json\/wp\/v2\/comments?post=6485"}],"version-history":[{"count":3,"href":"https:\/\/agora.xtec.cat\/iespontdesuert\/wp-json\/wp\/v2\/posts\/6485\/revisions"}],"predecessor-version":[{"id":6490,"href":"https:\/\/agora.xtec.cat\/iespontdesuert\/wp-json\/wp\/v2\/posts\/6485\/revisions\/6490"}],"wp:featuredmedia":[{"embeddable":true,"href":"https:\/\/agora.xtec.cat\/iespontdesuert\/wp-json\/wp\/v2\/media\/6486"}],"wp:attachment":[{"href":"https:\/\/agora.xtec.cat\/iespontdesuert\/wp-json\/wp\/v2\/media?parent=6485"}],"wp:term":[{"taxonomy":"category","embeddable":true,"href":"https:\/\/agora.xtec.cat\/iespontdesuert\/wp-json\/wp\/v2\/categories?post=6485"},{"taxonomy":"post_tag","embeddable":true,"href":"https:\/\/agora.xtec.cat\/iespontdesuert\/wp-json\/wp\/v2\/tags?post=6485"}],"curies":[{"name":"wp","href":"https:\/\/api.w.org\/{rel}","templated":true}]}}