{"id":6475,"date":"2026-04-27T10:10:19","date_gmt":"2026-04-27T08:10:19","guid":{"rendered":"https:\/\/agora.xtec.cat\/iespontdesuert\/?p=6475"},"modified":"2026-04-27T09:50:55","modified_gmt":"2026-04-27T07:50:55","slug":"leducacio-fisica-al-carrer","status":"publish","type":"post","link":"https:\/\/agora.xtec.cat\/iespontdesuert\/general\/leducacio-fisica-al-carrer\/","title":{"rendered":"Dia de l&#8217;Educaci\u00f3 F\u00edsica al Carrer"},"content":{"rendered":"<p>El passat 17 d&#8217;abril, el nostre Institut es va omplir d&#8217;energia, somriures i molt moviment per celebrar el tan esperat <strong>&#8216;Dia de l&#8217;Educaci\u00f3 F\u00edsica al Carrer&#8217;<\/strong>. Malgrat que el sol va lluir amb for\u00e7a i la calor ja es feia notar, el nostre alumnat va demostrar un esperit inigualable, donant-ho tot en cada activitat i gaudint d&#8217;una jornada inoblidable.<br \/>\nOrganitzat amb mestria pels alumnes de 1r de Batxillerat, aquest esdeveniment no nom\u00e9s va ser una festa de l&#8217;activitat f\u00edsica, sin\u00f3 tamb\u00e9 una <strong>poderosa eina de cohesi\u00f3<\/strong>. Estudiants de diferents cursos van tenir l&#8217;oportunitat d&#8217;interactuar, col\u00b7laborar i competir de manera saludable, creant un ambient de companyonia i diversi\u00f3 que va impregnar cada rac\u00f3 del centre.<\/p>\n<p>La jornada va comen\u00e7ar amb una inspiradora xerrada sobre els beneficis de l&#8217;activitat f\u00edsica, impartida pels nostres joves organitzadors, que van saber transmetre la import\u00e0ncia d&#8217;un estil de vida actiu.<\/p>\n<p>Seguidament, un esmorzar saludable va recarregar les energies de tots els participants, preparant-los per a l&#8217;acci\u00f3.Els jocs de cooperaci\u00f3 i oposici\u00f3, dissenyats i dinamitzats pels mateixos alumnes de Batxillerat, van ser els grans protagonistes.<br \/>\nDes de reptes de coordinaci\u00f3 fins a proves d&#8217;enginy i for\u00e7a, cada activitat va fomentar el treball en equip, l&#8217;estrat\u00e8gia i, per damunt de tot, la participaci\u00f3 activa de tothom. La implicaci\u00f3 va ser m\u00e0xima, i les rialles i l&#8217;esfor\u00e7 compartit van ser la t\u00f2nica dominant fins al darrer moment.<\/p>\n<p>Des de la direcci\u00f3 del centre, volem felicitar efusivament els alumnes de 1r de Batxillerat per la seva dedicaci\u00f3, organitzaci\u00f3 i lideratge. La seva feina ha fet possible un dia que, sens dubte, quedar\u00e0 gravat en la mem\u00f2ria de tots.<\/p>\n<p>Tamb\u00e9 agra\u00efm la participaci\u00f3 entusiasta de tot l&#8217;alumnat i el professorat que va fer possible aquesta gran celebraci\u00f3 de l&#8217;Educaci\u00f3 F\u00edsica.<\/p>\n<p><a href=\"https:\/\/agora.xtec.cat\/iespontdesuert\/wp-content\/uploads\/usu1633\/2026\/04\/image0.jpeg\"><img loading=\"lazy\" decoding=\"async\" class=\"alignnone size-large wp-image-6477\" src=\"https:\/\/agora.xtec.cat\/iespontdesuert\/wp-content\/uploads\/usu1633\/2026\/04\/image0-1024x1024.jpeg\" alt=\"\" width=\"1024\" height=\"1024\" srcset=\"https:\/\/agora.xtec.cat\/iespontdesuert\/wp-content\/uploads\/usu1633\/2026\/04\/image0-1024x1024.jpeg 1024w, https:\/\/agora.xtec.cat\/iespontdesuert\/wp-content\/uploads\/usu1633\/2026\/04\/image0-300x300.jpeg 300w, https:\/\/agora.xtec.cat\/iespontdesuert\/wp-content\/uploads\/usu1633\/2026\/04\/image0-150x150.jpeg 150w, https:\/\/agora.xtec.cat\/iespontdesuert\/wp-content\/uploads\/usu1633\/2026\/04\/image0-768x768.jpeg 768w, https:\/\/agora.xtec.cat\/iespontdesuert\/wp-content\/uploads\/usu1633\/2026\/04\/image0.jpeg 1280w\" sizes=\"auto, (max-width: 1024px) 100vw, 1024px\" \/><\/a> <a href=\"https:\/\/agora.xtec.cat\/iespontdesuert\/wp-content\/uploads\/usu1633\/2026\/04\/image1.jpeg\"><img loading=\"lazy\" decoding=\"async\" class=\"alignnone size-large wp-image-6478\" src=\"https:\/\/agora.xtec.cat\/iespontdesuert\/wp-content\/uploads\/usu1633\/2026\/04\/image1-1024x1024.jpeg\" alt=\"\" width=\"1024\" height=\"1024\" srcset=\"https:\/\/agora.xtec.cat\/iespontdesuert\/wp-content\/uploads\/usu1633\/2026\/04\/image1-1024x1024.jpeg 1024w, https:\/\/agora.xtec.cat\/iespontdesuert\/wp-content\/uploads\/usu1633\/2026\/04\/image1-300x300.jpeg 300w, https:\/\/agora.xtec.cat\/iespontdesuert\/wp-content\/uploads\/usu1633\/2026\/04\/image1-150x150.jpeg 150w, https:\/\/agora.xtec.cat\/iespontdesuert\/wp-content\/uploads\/usu1633\/2026\/04\/image1-768x768.jpeg 768w, https:\/\/agora.xtec.cat\/iespontdesuert\/wp-content\/uploads\/usu1633\/2026\/04\/image1.jpeg 1280w\" sizes=\"auto, (max-width: 1024px) 100vw, 1024px\" \/><\/a> <a href=\"https:\/\/agora.xtec.cat\/iespontdesuert\/wp-content\/uploads\/usu1633\/2026\/04\/image2.jpeg\"><img loading=\"lazy\" decoding=\"async\" class=\"alignnone size-large wp-image-6479\" src=\"https:\/\/agora.xtec.cat\/iespontdesuert\/wp-content\/uploads\/usu1633\/2026\/04\/image2-1024x1024.jpeg\" alt=\"\" width=\"1024\" height=\"1024\" srcset=\"https:\/\/agora.xtec.cat\/iespontdesuert\/wp-content\/uploads\/usu1633\/2026\/04\/image2-1024x1024.jpeg 1024w, https:\/\/agora.xtec.cat\/iespontdesuert\/wp-content\/uploads\/usu1633\/2026\/04\/image2-300x300.jpeg 300w, https:\/\/agora.xtec.cat\/iespontdesuert\/wp-content\/uploads\/usu1633\/2026\/04\/image2-150x150.jpeg 150w, https:\/\/agora.xtec.cat\/iespontdesuert\/wp-content\/uploads\/usu1633\/2026\/04\/image2-768x768.jpeg 768w, https:\/\/agora.xtec.cat\/iespontdesuert\/wp-content\/uploads\/usu1633\/2026\/04\/image2.jpeg 1280w\" sizes=\"auto, (max-width: 1024px) 100vw, 1024px\" \/><\/a> <a href=\"https:\/\/agora.xtec.cat\/iespontdesuert\/wp-content\/uploads\/usu1633\/2026\/04\/image3.jpeg\"><img loading=\"lazy\" decoding=\"async\" class=\"alignnone size-large wp-image-6480\" src=\"https:\/\/agora.xtec.cat\/iespontdesuert\/wp-content\/uploads\/usu1633\/2026\/04\/image3-1024x1024.jpeg\" alt=\"\" width=\"1024\" height=\"1024\" srcset=\"https:\/\/agora.xtec.cat\/iespontdesuert\/wp-content\/uploads\/usu1633\/2026\/04\/image3-1024x1024.jpeg 1024w, https:\/\/agora.xtec.cat\/iespontdesuert\/wp-content\/uploads\/usu1633\/2026\/04\/image3-300x300.jpeg 300w, https:\/\/agora.xtec.cat\/iespontdesuert\/wp-content\/uploads\/usu1633\/2026\/04\/image3-150x150.jpeg 150w, https:\/\/agora.xtec.cat\/iespontdesuert\/wp-content\/uploads\/usu1633\/2026\/04\/image3-768x768.jpeg 768w, https:\/\/agora.xtec.cat\/iespontdesuert\/wp-content\/uploads\/usu1633\/2026\/04\/image3.jpeg 1280w\" sizes=\"auto, (max-width: 1024px) 100vw, 1024px\" \/><\/a><\/p>\n","protected":false},"excerpt":{"rendered":"<p>El passat 17 d&#8217;abril, el nostre Institut es va omplir d&#8217;energia, somriures i molt moviment per celebrar el tan esperat &#8216;Dia de l&#8217;Educaci\u00f3 F\u00edsica al Carrer&#8217;.<\/p>\n","protected":false},"author":25,"featured_media":6479,"comment_status":"open","ping_status":"open","sticky":false,"template":"","format":"standard","meta":{"_bbp_topic_count":0,"_bbp_reply_count":0,"_bbp_total_topic_count":0,"_bbp_total_reply_count":0,"_bbp_voice_count":0,"_bbp_anonymous_reply_count":0,"_bbp_topic_count_hidden":0,"_bbp_reply_count_hidden":0,"_bbp_forum_subforum_count":0,"site-sidebar-layout":"default","site-content-layout":"","ast-site-content-layout":"default","site-content-style":"default","site-sidebar-style":"default","ast-global-header-display":"","ast-banner-title-visibility":"","ast-main-header-display":"","ast-hfb-above-header-display":"","ast-hfb-below-header-display":"","ast-hfb-mobile-header-display":"","site-post-title":"","ast-breadcrumbs-content":"","ast-featured-img":"","footer-sml-layout":"","theme-transparent-header-meta":"default","adv-header-id-meta":"","stick-header-meta":"","header-above-stick-meta":"","header-main-stick-meta":"","header-below-stick-meta":"","astra-migrate-meta-layouts":"set","ast-page-background-enabled":"default","ast-page-background-meta":{"desktop":{"background-color":"var(--ast-global-color-4)","background-image":"","background-repeat":"repeat","background-position":"center center","background-size":"auto","background-attachment":"scroll","background-type":"","background-media":"","overlay-type":"","overlay-color":"","overlay-opacity":"","overlay-gradient":""},"tablet":{"background-color":"","background-image":"","background-repeat":"repeat","background-position":"center center","background-size":"auto","background-attachment":"scroll","background-type":"","background-media":"","overlay-type":"","overlay-color":"","overlay-opacity":"","overlay-gradient":""},"mobile":{"background-color":"","background-image":"","background-repeat":"repeat","background-position":"center center","background-size":"auto","background-attachment":"scroll","background-type":"","background-media":"","overlay-type":"","overlay-color":"","overlay-opacity":"","overlay-gradient":""}},"ast-content-background-meta":{"desktop":{"background-color":"var(--ast-global-color-5)","background-image":"","background-repeat":"repeat","background-position":"center center","background-size":"auto","background-attachment":"scroll","background-type":"","background-media":"","overlay-type":"","overlay-color":"","overlay-opacity":"","overlay-gradient":""},"tablet":{"background-color":"var(--ast-global-color-5)","background-image":"","background-repeat":"repeat","background-position":"center center","background-size":"auto","background-attachment":"scroll","background-type":"","background-media":"","overlay-type":"","overlay-color":"","overlay-opacity":"","overlay-gradient":""},"mobile":{"background-color":"var(--ast-global-color-5)","background-image":"","background-repeat":"repeat","background-position":"center center","background-size":"auto","background-attachment":"scroll","background-type":"","background-media":"","overlay-type":"","overlay-color":"","overlay-opacity":"","overlay-gradient":""}},"footnotes":""},"categories":[1,29],"tags":[],"class_list":["post-6475","post","type-post","status-publish","format-standard","has-post-thumbnail","hentry","category-general","category-portada"],"post_mailing_queue_ids":[],"_links":{"self":[{"href":"https:\/\/agora.xtec.cat\/iespontdesuert\/wp-json\/wp\/v2\/posts\/6475","targetHints":{"allow":["GET"]}}],"collection":[{"href":"https:\/\/agora.xtec.cat\/iespontdesuert\/wp-json\/wp\/v2\/posts"}],"about":[{"href":"https:\/\/agora.xtec.cat\/iespontdesuert\/wp-json\/wp\/v2\/types\/post"}],"author":[{"embeddable":true,"href":"https:\/\/agora.xtec.cat\/iespontdesuert\/wp-json\/wp\/v2\/users\/25"}],"replies":[{"embeddable":true,"href":"https:\/\/agora.xtec.cat\/iespontdesuert\/wp-json\/wp\/v2\/comments?post=6475"}],"version-history":[{"count":4,"href":"https:\/\/agora.xtec.cat\/iespontdesuert\/wp-json\/wp\/v2\/posts\/6475\/revisions"}],"predecessor-version":[{"id":6484,"href":"https:\/\/agora.xtec.cat\/iespontdesuert\/wp-json\/wp\/v2\/posts\/6475\/revisions\/6484"}],"wp:featuredmedia":[{"embeddable":true,"href":"https:\/\/agora.xtec.cat\/iespontdesuert\/wp-json\/wp\/v2\/media\/6479"}],"wp:attachment":[{"href":"https:\/\/agora.xtec.cat\/iespontdesuert\/wp-json\/wp\/v2\/media?parent=6475"}],"wp:term":[{"taxonomy":"category","embeddable":true,"href":"https:\/\/agora.xtec.cat\/iespontdesuert\/wp-json\/wp\/v2\/categories?post=6475"},{"taxonomy":"post_tag","embeddable":true,"href":"https:\/\/agora.xtec.cat\/iespontdesuert\/wp-json\/wp\/v2\/tags?post=6475"}],"curies":[{"name":"wp","href":"https:\/\/api.w.org\/{rel}","templated":true}]}}