{"id":6463,"date":"2026-04-23T14:04:48","date_gmt":"2026-04-23T12:04:48","guid":{"rendered":"https:\/\/agora.xtec.cat\/iespontdesuert\/?p=6463"},"modified":"2026-04-23T14:04:52","modified_gmt":"2026-04-23T12:04:52","slug":"lalumnat-de-1r-deso-ha-visitat-la-fortalesa-dels-vilars-darbeca","status":"publish","type":"post","link":"https:\/\/agora.xtec.cat\/iespontdesuert\/general\/lalumnat-de-1r-deso-ha-visitat-la-fortalesa-dels-vilars-darbeca\/","title":{"rendered":"L\u2019alumnat de 1r d\u2019ESO ha visitat la Fortalesa dels Vilars d\u2019Arbeca."},"content":{"rendered":"<h1><b>Dijous 16 d\u2019abril Sortida 1r ESO La fortalesa dels Vilars d\u2019Arbeca<\/b><\/h1>\n<p><span style=\"font-weight: 400;\">L\u2019alumnat de <\/span><b>1r d\u2019ESO<\/b><span style=\"font-weight: 400;\"> ha visitat un dels tresors de l\u2019edat antiga m\u00e9s importants del territori: <\/span><b>la Fortalesa dels Vilars d\u2019Arbeca<\/b><span style=\"font-weight: 400;\">.<\/span><\/p>\n<p><span style=\"font-weight: 400;\">La sortida ha perm\u00e8s a l\u2019alumnat apropar-se al <\/span><b>patrimoni cultural i art\u00edstic<\/b><span style=\"font-weight: 400;\"> de forma directa. Passejar per la fortalesa ib\u00e8rica de fa m\u00e9s de 2.500 anys d&#8217;hist\u00f2ria i ha servit per entendre un mica m\u00e9s com vivien els nostres avantpassats i valorar la conservaci\u00f3 dels jaciments arqueol\u00f2gics.\u00a0<\/span><\/p>\n<p><span style=\"font-weight: 400;\">Tot i les ganes de completar la jornada observant el patrimoni art\u00edstic a trav\u00e9s de <\/span><b>l&#8217;art de carrer a Penelles, <\/b><span style=\"font-weight: 400;\">la manca de temps ens ha deixat pendent poder admirar els murals que han convertit aquest poble en un referent de l&#8217;art contemporani a l&#8217;aire lliure.<\/span><\/p>\n<p><b>Continuem aprenent, dins i fora de l&#8217;aula!<\/b><\/p>\n<p>&nbsp;<\/p>\n<p>&nbsp;<\/p>\n<figure id=\"attachment_6464\" aria-describedby=\"caption-attachment-6464\" style=\"width: 678px\" class=\"wp-caption alignnone\"><a href=\"https:\/\/agora.xtec.cat\/iespontdesuert\/wp-content\/uploads\/usu1633\/2026\/04\/Captura-de-pantalla-2026-04-23-140322.png\"><img loading=\"lazy\" decoding=\"async\" class=\"size-full wp-image-6464\" src=\"https:\/\/agora.xtec.cat\/iespontdesuert\/wp-content\/uploads\/usu1633\/2026\/04\/Captura-de-pantalla-2026-04-23-140322.png\" alt=\"Fortalesa dels Vilars d\u2019Arbeca.\" width=\"678\" height=\"668\" srcset=\"https:\/\/agora.xtec.cat\/iespontdesuert\/wp-content\/uploads\/usu1633\/2026\/04\/Captura-de-pantalla-2026-04-23-140322.png 678w, https:\/\/agora.xtec.cat\/iespontdesuert\/wp-content\/uploads\/usu1633\/2026\/04\/Captura-de-pantalla-2026-04-23-140322-300x296.png 300w\" sizes=\"auto, (max-width: 678px) 100vw, 678px\" \/><\/a><figcaption id=\"caption-attachment-6464\" class=\"wp-caption-text\">Fortalesa dels Vilars d\u2019Arbeca.<\/figcaption><\/figure>\n","protected":false},"excerpt":{"rendered":"<p>Dijous 16 d\u2019abril Sortida 1r ESO La fortalesa dels Vilars d\u2019Arbeca L\u2019alumnat de 1r d\u2019ESO ha visitat un dels tresors de l\u2019edat antiga m\u00e9s importants del territori: la Fortalesa dels Vilars d\u2019Arbeca. La sortida ha perm\u00e8s a l\u2019alumnat apropar-se al patrimoni cultural i art\u00edstic de forma directa. Passejar per la fortalesa ib\u00e8rica de fa m\u00e9s [&hellip;]<\/p>\n","protected":false},"author":25,"featured_media":6464,"comment_status":"open","ping_status":"open","sticky":false,"template":"","format":"standard","meta":{"_bbp_topic_count":0,"_bbp_reply_count":0,"_bbp_total_topic_count":0,"_bbp_total_reply_count":0,"_bbp_voice_count":0,"_bbp_anonymous_reply_count":0,"_bbp_topic_count_hidden":0,"_bbp_reply_count_hidden":0,"_bbp_forum_subforum_count":0,"site-sidebar-layout":"default","site-content-layout":"","ast-site-content-layout":"default","site-content-style":"default","site-sidebar-style":"default","ast-global-header-display":"","ast-banner-title-visibility":"","ast-main-header-display":"","ast-hfb-above-header-display":"","ast-hfb-below-header-display":"","ast-hfb-mobile-header-display":"","site-post-title":"","ast-breadcrumbs-content":"","ast-featured-img":"","footer-sml-layout":"","theme-transparent-header-meta":"default","adv-header-id-meta":"","stick-header-meta":"","header-above-stick-meta":"","header-main-stick-meta":"","header-below-stick-meta":"","astra-migrate-meta-layouts":"set","ast-page-background-enabled":"default","ast-page-background-meta":{"desktop":{"background-color":"var(--ast-global-color-4)","background-image":"","background-repeat":"repeat","background-position":"center center","background-size":"auto","background-attachment":"scroll","background-type":"","background-media":"","overlay-type":"","overlay-color":"","overlay-opacity":"","overlay-gradient":""},"tablet":{"background-color":"","background-image":"","background-repeat":"repeat","background-position":"center center","background-size":"auto","background-attachment":"scroll","background-type":"","background-media":"","overlay-type":"","overlay-color":"","overlay-opacity":"","overlay-gradient":""},"mobile":{"background-color":"","background-image":"","background-repeat":"repeat","background-position":"center center","background-size":"auto","background-attachment":"scroll","background-type":"","background-media":"","overlay-type":"","overlay-color":"","overlay-opacity":"","overlay-gradient":""}},"ast-content-background-meta":{"desktop":{"background-color":"var(--ast-global-color-5)","background-image":"","background-repeat":"repeat","background-position":"center center","background-size":"auto","background-attachment":"scroll","background-type":"","background-media":"","overlay-type":"","overlay-color":"","overlay-opacity":"","overlay-gradient":""},"tablet":{"background-color":"var(--ast-global-color-5)","background-image":"","background-repeat":"repeat","background-position":"center center","background-size":"auto","background-attachment":"scroll","background-type":"","background-media":"","overlay-type":"","overlay-color":"","overlay-opacity":"","overlay-gradient":""},"mobile":{"background-color":"var(--ast-global-color-5)","background-image":"","background-repeat":"repeat","background-position":"center center","background-size":"auto","background-attachment":"scroll","background-type":"","background-media":"","overlay-type":"","overlay-color":"","overlay-opacity":"","overlay-gradient":""}},"footnotes":""},"categories":[1,29],"tags":[],"class_list":["post-6463","post","type-post","status-publish","format-standard","has-post-thumbnail","hentry","category-general","category-portada"],"post_mailing_queue_ids":[],"_links":{"self":[{"href":"https:\/\/agora.xtec.cat\/iespontdesuert\/wp-json\/wp\/v2\/posts\/6463","targetHints":{"allow":["GET"]}}],"collection":[{"href":"https:\/\/agora.xtec.cat\/iespontdesuert\/wp-json\/wp\/v2\/posts"}],"about":[{"href":"https:\/\/agora.xtec.cat\/iespontdesuert\/wp-json\/wp\/v2\/types\/post"}],"author":[{"embeddable":true,"href":"https:\/\/agora.xtec.cat\/iespontdesuert\/wp-json\/wp\/v2\/users\/25"}],"replies":[{"embeddable":true,"href":"https:\/\/agora.xtec.cat\/iespontdesuert\/wp-json\/wp\/v2\/comments?post=6463"}],"version-history":[{"count":1,"href":"https:\/\/agora.xtec.cat\/iespontdesuert\/wp-json\/wp\/v2\/posts\/6463\/revisions"}],"predecessor-version":[{"id":6465,"href":"https:\/\/agora.xtec.cat\/iespontdesuert\/wp-json\/wp\/v2\/posts\/6463\/revisions\/6465"}],"wp:featuredmedia":[{"embeddable":true,"href":"https:\/\/agora.xtec.cat\/iespontdesuert\/wp-json\/wp\/v2\/media\/6464"}],"wp:attachment":[{"href":"https:\/\/agora.xtec.cat\/iespontdesuert\/wp-json\/wp\/v2\/media?parent=6463"}],"wp:term":[{"taxonomy":"category","embeddable":true,"href":"https:\/\/agora.xtec.cat\/iespontdesuert\/wp-json\/wp\/v2\/categories?post=6463"},{"taxonomy":"post_tag","embeddable":true,"href":"https:\/\/agora.xtec.cat\/iespontdesuert\/wp-json\/wp\/v2\/tags?post=6463"}],"curies":[{"name":"wp","href":"https:\/\/api.w.org\/{rel}","templated":true}]}}