{"id":925,"date":"2024-03-08T20:37:30","date_gmt":"2024-03-08T19:37:30","guid":{"rendered":"https:\/\/agora.xtec.cat\/iespompeufabra-bdn\/?p=925"},"modified":"2024-03-12T12:55:18","modified_gmt":"2024-03-12T11:55:18","slug":"pompeu-cast-xerrada-denric-calena","status":"publish","type":"post","link":"https:\/\/agora.xtec.cat\/iespompeufabra-bdn\/general\/pompeu-cast-xerrada-denric-calena\/","title":{"rendered":"Pompeu Cast: Xerrada d&#8217;Enric Calpena"},"content":{"rendered":"<p>El periodista i historiador Enric Calpena fa una xerrada al Pompeu Fabra<\/p>\n<p>Els alumnes de 1r de Batxillerat han tingut l&#8217;oportunitat d&#8217;escoltar de primera m\u00e0 en la sala d&#8217;actes de l&#8217;Institut Pompeu Fabra al periodista i historiador catal\u00e0, Enric Calpena. \u00c9s llicenciat en Dret, en Ci\u00e8ncies de la Informaci\u00f3 i M\u00e0ster en Hist\u00f2ria Moderna, t\u00e9 un vessant docent i \u00e9s director del programa radiof\u00f2nic d&#8217;hist\u00f2ria m\u00e9s premiat a Catalunya, \u201cEn gu\u00e0rdia\u201d, i, a m\u00e9s, \u00e9s autor de m\u00faltiples llibres. Al final de la xerrada s&#8217;ha ofert amablement a qu\u00e8 dos alumnes del p\u00fablic li poguessin fer una entrevista que compartim amb vosaltres en aquest P\u00f2dcast.<\/p>\n<p><a href=\"https:\/\/www.instagram.com\/reel\/C4Qm7JisQun\/?utm_source=ig_web_copy_link&amp;igsh=MzRlODBiNWFlZA==\">Clica aqu\u00ed per escoltar el podcast sencer<\/a><\/p>\n","protected":false},"excerpt":{"rendered":"<p>El periodista i historiador Enric Calpena fa una xerrada al Pompeu Fabra Els alumnes de 1r de Batxillerat han tingut [&hellip;]<\/p>\n","protected":false},"author":1,"featured_media":970,"comment_status":"closed","ping_status":"closed","sticky":false,"template":"","format":"standard","meta":{"_bbp_topic_count":0,"_bbp_reply_count":0,"_bbp_total_topic_count":0,"_bbp_total_reply_count":0,"_bbp_voice_count":0,"_bbp_anonymous_reply_count":0,"_bbp_topic_count_hidden":0,"_bbp_reply_count_hidden":0,"_bbp_forum_subforum_count":0,"site-sidebar-layout":"default","site-content-layout":"","ast-site-content-layout":"","site-content-style":"default","site-sidebar-style":"default","ast-global-header-display":"","ast-banner-title-visibility":"","ast-main-header-display":"","ast-hfb-above-header-display":"","ast-hfb-below-header-display":"","ast-hfb-mobile-header-display":"","site-post-title":"","ast-breadcrumbs-content":"","ast-featured-img":"","footer-sml-layout":"","theme-transparent-header-meta":"","adv-header-id-meta":"","stick-header-meta":"","header-above-stick-meta":"","header-main-stick-meta":"","header-below-stick-meta":"","astra-migrate-meta-layouts":"default","ast-page-background-enabled":"default","ast-page-background-meta":{"desktop":{"background-color":"var(--ast-global-color-4)","background-image":"","background-repeat":"repeat","background-position":"center center","background-size":"auto","background-attachment":"scroll","background-type":"","background-media":"","overlay-type":"","overlay-color":"","overlay-opacity":"","overlay-gradient":""},"tablet":{"background-color":"","background-image":"","background-repeat":"repeat","background-position":"center center","background-size":"auto","background-attachment":"scroll","background-type":"","background-media":"","overlay-type":"","overlay-color":"","overlay-opacity":"","overlay-gradient":""},"mobile":{"background-color":"","background-image":"","background-repeat":"repeat","background-position":"center center","background-size":"auto","background-attachment":"scroll","background-type":"","background-media":"","overlay-type":"","overlay-color":"","overlay-opacity":"","overlay-gradient":""}},"ast-content-background-meta":{"desktop":{"background-color":"var(--ast-global-color-5)","background-image":"","background-repeat":"repeat","background-position":"center center","background-size":"auto","background-attachment":"scroll","background-type":"","background-media":"","overlay-type":"","overlay-color":"","overlay-opacity":"","overlay-gradient":""},"tablet":{"background-color":"var(--ast-global-color-5)","background-image":"","background-repeat":"repeat","background-position":"center center","background-size":"auto","background-attachment":"scroll","background-type":"","background-media":"","overlay-type":"","overlay-color":"","overlay-opacity":"","overlay-gradient":""},"mobile":{"background-color":"var(--ast-global-color-5)","background-image":"","background-repeat":"repeat","background-position":"center center","background-size":"auto","background-attachment":"scroll","background-type":"","background-media":"","overlay-type":"","overlay-color":"","overlay-opacity":"","overlay-gradient":""}},"footnotes":""},"categories":[8,1,29],"tags":[127,126,128],"class_list":["post-925","post","type-post","status-publish","format-standard","has-post-thumbnail","hentry","category-batxillerat","category-general","category-portada","tag-comunicacio","tag-enric-calpena","tag-historia"],"post_mailing_queue_ids":[],"_links":{"self":[{"href":"https:\/\/agora.xtec.cat\/iespompeufabra-bdn\/wp-json\/wp\/v2\/posts\/925","targetHints":{"allow":["GET"]}}],"collection":[{"href":"https:\/\/agora.xtec.cat\/iespompeufabra-bdn\/wp-json\/wp\/v2\/posts"}],"about":[{"href":"https:\/\/agora.xtec.cat\/iespompeufabra-bdn\/wp-json\/wp\/v2\/types\/post"}],"author":[{"embeddable":true,"href":"https:\/\/agora.xtec.cat\/iespompeufabra-bdn\/wp-json\/wp\/v2\/users\/1"}],"replies":[{"embeddable":true,"href":"https:\/\/agora.xtec.cat\/iespompeufabra-bdn\/wp-json\/wp\/v2\/comments?post=925"}],"version-history":[{"count":2,"href":"https:\/\/agora.xtec.cat\/iespompeufabra-bdn\/wp-json\/wp\/v2\/posts\/925\/revisions"}],"predecessor-version":[{"id":927,"href":"https:\/\/agora.xtec.cat\/iespompeufabra-bdn\/wp-json\/wp\/v2\/posts\/925\/revisions\/927"}],"wp:featuredmedia":[{"embeddable":true,"href":"https:\/\/agora.xtec.cat\/iespompeufabra-bdn\/wp-json\/wp\/v2\/media\/970"}],"wp:attachment":[{"href":"https:\/\/agora.xtec.cat\/iespompeufabra-bdn\/wp-json\/wp\/v2\/media?parent=925"}],"wp:term":[{"taxonomy":"category","embeddable":true,"href":"https:\/\/agora.xtec.cat\/iespompeufabra-bdn\/wp-json\/wp\/v2\/categories?post=925"},{"taxonomy":"post_tag","embeddable":true,"href":"https:\/\/agora.xtec.cat\/iespompeufabra-bdn\/wp-json\/wp\/v2\/tags?post=925"}],"curies":[{"name":"wp","href":"https:\/\/api.w.org\/{rel}","templated":true}]}}