{"id":2584,"date":"2025-03-27T13:28:30","date_gmt":"2025-03-27T12:28:30","guid":{"rendered":"https:\/\/agora.xtec.cat\/iespompeufabra-bdn\/?p=2584"},"modified":"2025-03-28T17:38:56","modified_gmt":"2025-03-28T16:38:56","slug":"jornades-tecnic-emprenedores","status":"publish","type":"post","link":"https:\/\/agora.xtec.cat\/iespompeufabra-bdn\/portada\/jornades-tecnic-emprenedores\/","title":{"rendered":"Jornades t\u00e8cnic-emprenedores"},"content":{"rendered":"\n<p>Del <strong>24 al 28 de mar\u00e7<\/strong>, l\u2019Institut Pompeu Fabra est\u00e0 acollint les <strong>Jornades T\u00e8cnic-Emprenedores<\/strong>, una iniciativa dirigida als estudiants de <strong>Cicles Formatius<\/strong>, amb l\u2019objectiu d\u2019ampliar els seus coneixements t\u00e8cnics i fomentar l\u2019esperit emprenedor.<\/p>\n\n\n\n<p>Durant aquests dies, l\u2019alumnat est\u00e0 tenint l\u2019oportunitat de visitar les nostres <strong>instal\u00b7lacions professionals<\/strong> dels sectors de <strong>l\u2019automoci\u00f3, la ind\u00fastria qu\u00edmica i la fabricaci\u00f3 mec\u00e0nica<\/strong>, coneixent de primera m\u00e0 les \u00faltimes tecnologies i processos de treball en aquests \u00e0mbits. A m\u00e9s, assistiran a xerrades i trobades amb <strong>professionals destacats del m\u00f3n de l\u2019emprenedoria<\/strong>, que compartiran la seva experi\u00e8ncia i consells sobre com impulsar projectes propis amb \u00e8xit.<\/p>\n\n\n\n<p>Aquesta iniciativa ha estat organitzada des de la <strong>coordinaci\u00f3 d\u2019FP i Xarxa Empr\u00e8n<\/strong>, refor\u00e7ant el nostre comprom\u00eds amb la formaci\u00f3 de qualitat i la connexi\u00f3 entre el m\u00f3n educatiu i el sector professional.<\/p>\n\n\n\n<p>Sens dubte, una setmana plena d\u2019oportunitats per aprendre, inspirar-se i preparar-se per al futur! <\/p>\n\n\n\n<figure class=\"wp-block-image size-large\"><a href=\"https:\/\/agora.xtec.cat\/iespompeufabra-bdn\/wp-content\/uploads\/usu2935\/2025\/03\/IMG-20250325-WA0003.jpg\"><img loading=\"lazy\" decoding=\"async\" width=\"1024\" height=\"768\" src=\"https:\/\/agora.xtec.cat\/iespompeufabra-bdn\/wp-content\/uploads\/usu2935\/2025\/03\/IMG-20250325-WA0003-1024x768.jpg\" alt=\"\" class=\"wp-image-2585\" srcset=\"https:\/\/agora.xtec.cat\/iespompeufabra-bdn\/wp-content\/uploads\/usu2935\/2025\/03\/IMG-20250325-WA0003-1024x768.jpg 1024w, https:\/\/agora.xtec.cat\/iespompeufabra-bdn\/wp-content\/uploads\/usu2935\/2025\/03\/IMG-20250325-WA0003-300x225.jpg 300w, https:\/\/agora.xtec.cat\/iespompeufabra-bdn\/wp-content\/uploads\/usu2935\/2025\/03\/IMG-20250325-WA0003-768x576.jpg 768w, https:\/\/agora.xtec.cat\/iespompeufabra-bdn\/wp-content\/uploads\/usu2935\/2025\/03\/IMG-20250325-WA0003-1536x1152.jpg 1536w, https:\/\/agora.xtec.cat\/iespompeufabra-bdn\/wp-content\/uploads\/usu2935\/2025\/03\/IMG-20250325-WA0003.jpg 2000w\" sizes=\"auto, (max-width: 1024px) 100vw, 1024px\" \/><\/a><\/figure>\n","protected":false},"excerpt":{"rendered":"<p>Del 24 al 28 de mar\u00e7, l\u2019Institut Pompeu Fabra est\u00e0 acollint les Jornades T\u00e8cnic-Emprenedores, una iniciativa dirigida als estudiants de [&hellip;]<\/p>\n","protected":false},"author":1,"featured_media":2585,"comment_status":"closed","ping_status":"open","sticky":false,"template":"","format":"standard","meta":{"_bbp_topic_count":0,"_bbp_reply_count":0,"_bbp_total_topic_count":0,"_bbp_total_reply_count":0,"_bbp_voice_count":0,"_bbp_anonymous_reply_count":0,"_bbp_topic_count_hidden":0,"_bbp_reply_count_hidden":0,"_bbp_forum_subforum_count":0,"site-sidebar-layout":"default","site-content-layout":"","ast-site-content-layout":"default","site-content-style":"default","site-sidebar-style":"default","ast-global-header-display":"","ast-banner-title-visibility":"","ast-main-header-display":"","ast-hfb-above-header-display":"","ast-hfb-below-header-display":"","ast-hfb-mobile-header-display":"","site-post-title":"","ast-breadcrumbs-content":"","ast-featured-img":"","footer-sml-layout":"","theme-transparent-header-meta":"","adv-header-id-meta":"","stick-header-meta":"","header-above-stick-meta":"","header-main-stick-meta":"","header-below-stick-meta":"","astra-migrate-meta-layouts":"set","ast-page-background-enabled":"default","ast-page-background-meta":{"desktop":{"background-color":"var(--ast-global-color-4)","background-image":"","background-repeat":"repeat","background-position":"center center","background-size":"auto","background-attachment":"scroll","background-type":"","background-media":"","overlay-type":"","overlay-color":"","overlay-opacity":"","overlay-gradient":""},"tablet":{"background-color":"","background-image":"","background-repeat":"repeat","background-position":"center center","background-size":"auto","background-attachment":"scroll","background-type":"","background-media":"","overlay-type":"","overlay-color":"","overlay-opacity":"","overlay-gradient":""},"mobile":{"background-color":"","background-image":"","background-repeat":"repeat","background-position":"center center","background-size":"auto","background-attachment":"scroll","background-type":"","background-media":"","overlay-type":"","overlay-color":"","overlay-opacity":"","overlay-gradient":""}},"ast-content-background-meta":{"desktop":{"background-color":"var(--ast-global-color-5)","background-image":"","background-repeat":"repeat","background-position":"center center","background-size":"auto","background-attachment":"scroll","background-type":"","background-media":"","overlay-type":"","overlay-color":"","overlay-opacity":"","overlay-gradient":""},"tablet":{"background-color":"var(--ast-global-color-5)","background-image":"","background-repeat":"repeat","background-position":"center center","background-size":"auto","background-attachment":"scroll","background-type":"","background-media":"","overlay-type":"","overlay-color":"","overlay-opacity":"","overlay-gradient":""},"mobile":{"background-color":"var(--ast-global-color-5)","background-image":"","background-repeat":"repeat","background-position":"center center","background-size":"auto","background-attachment":"scroll","background-type":"","background-media":"","overlay-type":"","overlay-color":"","overlay-opacity":"","overlay-gradient":""}},"footnotes":""},"categories":[30,29],"tags":[],"class_list":["post-2584","post","type-post","status-publish","format-standard","has-post-thumbnail","hentry","category-cicles-formatius","category-portada"],"post_mailing_queue_ids":[],"_links":{"self":[{"href":"https:\/\/agora.xtec.cat\/iespompeufabra-bdn\/wp-json\/wp\/v2\/posts\/2584","targetHints":{"allow":["GET"]}}],"collection":[{"href":"https:\/\/agora.xtec.cat\/iespompeufabra-bdn\/wp-json\/wp\/v2\/posts"}],"about":[{"href":"https:\/\/agora.xtec.cat\/iespompeufabra-bdn\/wp-json\/wp\/v2\/types\/post"}],"author":[{"embeddable":true,"href":"https:\/\/agora.xtec.cat\/iespompeufabra-bdn\/wp-json\/wp\/v2\/users\/1"}],"replies":[{"embeddable":true,"href":"https:\/\/agora.xtec.cat\/iespompeufabra-bdn\/wp-json\/wp\/v2\/comments?post=2584"}],"version-history":[{"count":2,"href":"https:\/\/agora.xtec.cat\/iespompeufabra-bdn\/wp-json\/wp\/v2\/posts\/2584\/revisions"}],"predecessor-version":[{"id":2587,"href":"https:\/\/agora.xtec.cat\/iespompeufabra-bdn\/wp-json\/wp\/v2\/posts\/2584\/revisions\/2587"}],"wp:featuredmedia":[{"embeddable":true,"href":"https:\/\/agora.xtec.cat\/iespompeufabra-bdn\/wp-json\/wp\/v2\/media\/2585"}],"wp:attachment":[{"href":"https:\/\/agora.xtec.cat\/iespompeufabra-bdn\/wp-json\/wp\/v2\/media?parent=2584"}],"wp:term":[{"taxonomy":"category","embeddable":true,"href":"https:\/\/agora.xtec.cat\/iespompeufabra-bdn\/wp-json\/wp\/v2\/categories?post=2584"},{"taxonomy":"post_tag","embeddable":true,"href":"https:\/\/agora.xtec.cat\/iespompeufabra-bdn\/wp-json\/wp\/v2\/tags?post=2584"}],"curies":[{"name":"wp","href":"https:\/\/api.w.org\/{rel}","templated":true}]}}