{"id":1360,"date":"2024-09-09T11:53:17","date_gmt":"2024-09-09T09:53:17","guid":{"rendered":"https:\/\/agora.xtec.cat\/iespompeufabra-bdn\/?p=1360"},"modified":"2024-09-09T11:54:09","modified_gmt":"2024-09-09T09:54:09","slug":"informacions-anteriors-al-set-24","status":"publish","type":"post","link":"https:\/\/agora.xtec.cat\/iespompeufabra-bdn\/eso\/informacions-anteriors-al-set-24\/","title":{"rendered":"Informacions anteriors al Set-24"},"content":{"rendered":"<ul>\n<li dir=\"ltr\"><a href=\"https:\/\/drive.google.com\/file\/d\/1s6idRQ6ZyDxwn3nYZ35jXrvUNsaYG5M0\/view?usp=drive_link\">CFPGM Llista d\u2019alumnes preinscrits al centre amb indicaci\u00f3 de l\u2019assignaci\u00f3 i l\u2019ordre de petici\u00f3 de la primera tanda a 15\/07\/2024<\/a><\/li>\n<li dir=\"ltr\"><a href=\"https:\/\/drive.google.com\/file\/d\/1FP5ImBGE-LA72Ie0ZCgSvEswPDTxpiXM\/view?usp=drive_link\">CFPGM Llista d\u2019alumnes assignats al centre en primera tanda a 15\/07\/2024<\/a><\/li>\n<li dir=\"ltr\"><a href=\"https:\/\/drive.google.com\/file\/d\/1cE6TE1Q_QnmPEK0TGFH_kvnouTQoZvlY\/view?usp=drive_link\">CFPGS<\/a>\u00a0<a href=\"https:\/\/drive.google.com\/file\/d\/1cE6TE1Q_QnmPEK0TGFH_kvnouTQoZvlY\/view?usp=drive_link\">alumnes assignats al centre en primera tanda a 11\/07\/2024\u00a0<\/a><\/li>\n<li dir=\"ltr\"><a href=\"https:\/\/drive.google.com\/file\/d\/15HqtqfE24HRwfkkxlBmKos6fKdloiOgK\/view?usp=drive_link\">CFPGM Llista de sol\u00b7licituds que han demanat el centre i l\u2019ensenyament en primera\u00a0<\/a><a href=\"https:\/\/drive.google.com\/file\/d\/15HqtqfE24HRwfkkxlBmKos6fKdloiOgK\/view?usp=drive_link\">petici\u00f3 amb la puntuaci\u00f3 resoltes les reclamacions a 08\/07\/2024<\/a><\/li>\n<li dir=\"ltr\">Llista d\u2019admesos definitiva a 15\/07\/2024 CURSOS D\u2019ESPECIALITZACI\u00d3\u00a0<a href=\"https:\/\/drive.google.com\/file\/d\/1IKqAnetSOoncJE1GglRsJ8Oz4CvG3WUb\/view?usp=drive_link\">CULTIUS CEL\u00b7LULARS<\/a>\u00a0I\u00a0<a href=\"https:\/\/drive.google.com\/file\/d\/1Z7OR_nRXrr3kNopav5AntU6yQu0O2jhd\/view?usp=drive_link\">VEHICLES H\u00cdBRIDS I EL\u00c8CTRICS<\/a><\/li>\n<li dir=\"ltr\"><a href=\"https:\/\/agora.xtec.cat\/iespompeufabra-bdn\/wp-content\/uploads\/usu2935\/2024\/07\/INFORME_BAREM_RESOLTES_BAREM-1.pdf\">LLISTA DE SOL\u00b7LICITUDS CFPGS<\/a>\u00a0<a href=\"https:\/\/agora.xtec.cat\/iespompeufabra-bdn\/wp-content\/uploads\/usu2935\/2024\/07\/INFORME_BAREM_RESOLTES_BAREM-1.pdf\">que han demanat el centre i l\u2019ensenyament en primera\u00a0<\/a><a href=\"https:\/\/agora.xtec.cat\/iespompeufabra-bdn\/wp-content\/uploads\/usu2935\/2024\/07\/INFORME_BAREM_RESOLTES_BAREM-1.pdf\">opci\u00f3 amb les puntuacions resoltes de les reclamacions a 04\/07\/2024<\/a><\/li>\n<li dir=\"ltr\"><a href=\"https:\/\/agora.xtec.cat\/iespompeufabra-bdn\/wp-content\/uploads\/usu2935\/2024\/07\/INFORME_ASSIGNADES_INFORME_ASSIGNADES.pdf\">PROGRAMES DE FORMACI\u00d3 I INSERCI\u00d3 D\u2019ALUMNES (PFI) assignats al centre amb indicaci\u00f3 de la primera petici\u00f3 a 01\/07\/2024<\/a><\/li>\n<li dir=\"ltr\"><a href=\"https:\/\/agora.xtec.cat\/iespompeufabra-bdn\/wp-content\/uploads\/usu2935\/2024\/06\/INFORME_BAREM_PROVISIONAL_BAREM-1.pdf\">CFPGM Publicaci\u00f3 de la llista de sol\u00b7licituds que han demanat el centre i l\u2019ensenyament en primera petici\u00f3 amb la puntuaci\u00f3 provisional a 28\/06\/2024<\/a><\/li>\n<li dir=\"ltr\"><a href=\"https:\/\/agora.xtec.cat\/iespompeufabra-bdn\/wp-content\/uploads\/usu2935\/2024\/06\/INFORME_BAREM_PROVISIONAL_BAREM-6.pdf\">CFPGS Publicaci\u00f3 de la llista de sol\u00b7licituds que han demanat el centre i l\u2019ensenyament en primera petici\u00f3 amb la puntuaci\u00f3 provisional a 26\/06\/2024<\/a><\/li>\n<li dir=\"ltr\"><a href=\"https:\/\/aplicacions.gestioeducativa.gencat.cat\/pls\/apex\/f?p=CITA_PREVIA:4::::4:P4_TIPUS_CALENDARI,P4_DOMINI:03_BATX,08045471\">Clica aqu\u00ed per demanar cita pr\u00e8via per fer la matr\u00edcula de Batxillerat<\/a><\/li>\n<li dir=\"ltr\"><a href=\"https:\/\/agora.xtec.cat\/iespompeufabra-bdn\/wp-content\/uploads\/usu2935\/2024\/06\/INFORME_ASSIGNADES_INFORME_ASSIGNADES-1.pdf\">Alumnes de batxillerat assignats al centre amb indicaci\u00f3 de la primera petici\u00f3 a 20\/06\/2024<\/a><\/li>\n<li dir=\"ltr\"><a href=\"https:\/\/agora.xtec.cat\/iespompeufabra-bdn\/wp-content\/uploads\/usu2935\/2024\/06\/INFORME_PREINSCRITES_OME_INFORME_PREINSCRITES_OME-2.pdf\">Llistat alumnes Batxillerat preinscrits al centre<\/a><\/li>\n<li dir=\"ltr\"><a href=\"https:\/\/agora.xtec.cat\/iespompeufabra-bdn\/wp-content\/uploads\/usu2935\/2024\/06\/INFORME_LLISTA_ESPERA_OME_LLISTA_ESPERA.pdf\">Llista d\u2019espera alumnes ESO al centre a 10\/06\/2024<\/a><\/li>\n<li dir=\"ltr\"><a href=\"https:\/\/agora.xtec.cat\/iespompeufabra-bdn\/wp-content\/uploads\/usu2935\/2024\/06\/INFORME_BAREM_PROVISIONAL_BAREM-6.pdf\">Llistat d\u2019alumnes preisncrits a CFGS amb puntuaci\u00f3 a 26\/06\/2024<\/a><\/li>\n<li dir=\"ltr\"><a href=\"https:\/\/agora.xtec.cat\/iespompeufabra-bdn\/wp-content\/uploads\/usu2935\/2024\/06\/INFORME_PREINSCRITES_OME_INFORME_PREINSCRITES_OME.pdf\">Llistat d\u2019alumnes preinscrits ESO al centre 10\/06\/2024<\/a><\/li>\n<li dir=\"ltr\"><a href=\"https:\/\/agora.xtec.cat\/iespompeufabra-bdn\/wp-content\/uploads\/usu2935\/2024\/06\/INFORME_OFERTA_OME_INFORME_OFERTA-8.pdf\">Publicaci\u00f3 de l\u2019oferta definitiva de places ESO<\/a><\/li>\n<li dir=\"ltr\"><a href=\"https:\/\/aplicacions.gestioeducativa.gencat.cat\/pls\/apex\/f?p=CITA_PREVIA:4::::4:P4_TIPUS_CALENDARI,P4_DOMINI:03_Oblig,08045471\">Cita pr\u00e8via per fer la matr\u00edcula de 1r d\u2019ESO.<\/a><\/li>\n<li dir=\"ltr\"><a href=\"https:\/\/agora.xtec.cat\/iespompeufabra-bdn\/wp-content\/uploads\/usu2935\/2024\/06\/PFI-INFORME_BAREM_RESOLTES_BAREM-1.pdf\">PFI \u2013 Resultat de la llista de sol\u00b7licituds que han demanat el centre i l\u2019ensenyament en primera peticio\u0301 amb la puntuacio\u0301 resoltes les reclamacions a 05\/06\/2024<\/a><\/li>\n<li dir=\"ltr\"><a href=\"https:\/\/agora.xtec.cat\/iespompeufabra-bdn\/wp-content\/uploads\/usu2935\/2024\/06\/INFORME_BAREM_DEFINITIU_BAREM-1.pdf\">Llista de sol\u00b7licituds de preinscripci\u00f3 de batxillerat per ordre<\/a><\/li>\n<li dir=\"ltr\"><a href=\"https:\/\/agora.xtec.cat\/iespompeufabra-bdn\/wp-content\/uploads\/usu2935\/2024\/05\/INFORME_BAREM_RESOLTES_BAREM.pdf\">Publicaci\u00f3 de la llista de sol\u00b7licituds que han demanat el centre i l\u2019ensenyament en primera petici\u00f3 amb la puntuaci\u00f3 resoltes les reclamacions a 29\/05\/2024<\/a><\/li>\n<li dir=\"ltr\"><a href=\"https:\/\/agora.xtec.cat\/iespompeufabra-bdn\/wp-content\/uploads\/usu2935\/2024\/05\/INFORME_BAREM_PROVISIONAL_BAREM-3.pdf\">Llistat amb puntuaci\u00f3 provisional de PFI<\/a><\/li>\n<li dir=\"ltr\"><a href=\"https:\/\/agora.xtec.cat\/iespompeufabra-bdn\/wp-content\/uploads\/usu2935\/2024\/05\/INFORME_OFERTA_OME_INFORME_OFERTA-6.pdf\">Oferta inicial de places dels cicles de Grau Mitj\u00e0<\/a><\/li>\n<li dir=\"ltr\"><a href=\"https:\/\/agora.xtec.cat\/iespompeufabra-bdn\/wp-content\/uploads\/usu2935\/2024\/05\/INFORME_OFERTA_OME_INFORME_OFERTA-7.pdf\">Oferta inicial de places dels cicles de Grau Superior<\/a><\/li>\n<li dir=\"ltr\"><a href=\"https:\/\/agora.xtec.cat\/iespompeufabra-bdn\/wp-content\/uploads\/usu2935\/2024\/05\/INFORME_BAREM_PROVISIONAL_BAREM-2.pdf\">Publicaci\u00f3 de la llista de sol\u00b7licituds que han demanat el centre i l\u2019ensenyament en primera petici\u00f3 amb la puntuaci\u00f3 provisional a 17\/05\/2024<\/a><\/li>\n<li dir=\"ltr\"><a href=\"https:\/\/agora.xtec.cat\/iespompeufabra-bdn\/wp-content\/uploads\/usu2935\/2024\/05\/INFORME_OFERTA_OME_INFORME_OFERTA.pdf\">Publicaci\u00f3 de l\u2019oferta inicial de places Auxiliar de pintura<\/a><\/li>\n<li dir=\"ltr\">\n<div dir=\"ltr\"><a href=\"https:\/\/agora.xtec.cat\/iespompeufabra-bdn\/wp-content\/uploads\/usu2935\/2024\/04\/INFORME_BAREM_PROVISIONAL_BAREM.pdf\">Llistat de sol\u00b7licituds amb puntuaci\u00f3 provisional\u00a0<\/a><\/div>\n<\/li>\n<li dir=\"ltr\">\n<div dir=\"ltr\"><a href=\"https:\/\/agora.xtec.cat\/iespompeufabra-bdn\/wp-content\/uploads\/usu2935\/2024\/04\/Oferta-preinscripcio-Batxillerat-2024-2025.pdf\">Oferta preinscripci\u00f3 Batxillerat 2024-2025<\/a><\/div>\n<\/li>\n<\/ul>\n","protected":false},"excerpt":{"rendered":"<p>CFPGM Llista d\u2019alumnes preinscrits al centre amb indicaci\u00f3 de l\u2019assignaci\u00f3 i l\u2019ordre de petici\u00f3 de la primera tanda a 15\/07\/2024 [&hellip;]<\/p>\n","protected":false},"author":3,"featured_media":0,"comment_status":"closed","ping_status":"closed","sticky":false,"template":"","format":"standard","meta":{"_bbp_topic_count":0,"_bbp_reply_count":0,"_bbp_total_topic_count":0,"_bbp_total_reply_count":0,"_bbp_voice_count":0,"_bbp_anonymous_reply_count":0,"_bbp_topic_count_hidden":0,"_bbp_reply_count_hidden":0,"_bbp_forum_subforum_count":0,"site-sidebar-layout":"default","site-content-layout":"","ast-site-content-layout":"","site-content-style":"default","site-sidebar-style":"default","ast-global-header-display":"","ast-banner-title-visibility":"","ast-main-header-display":"","ast-hfb-above-header-display":"","ast-hfb-below-header-display":"","ast-hfb-mobile-header-display":"","site-post-title":"","ast-breadcrumbs-content":"","ast-featured-img":"","footer-sml-layout":"","theme-transparent-header-meta":"","adv-header-id-meta":"","stick-header-meta":"","header-above-stick-meta":"","header-main-stick-meta":"","header-below-stick-meta":"","astra-migrate-meta-layouts":"default","ast-page-background-enabled":"default","ast-page-background-meta":{"desktop":{"background-color":"var(--ast-global-color-4)","background-image":"","background-repeat":"repeat","background-position":"center center","background-size":"auto","background-attachment":"scroll","background-type":"","background-media":"","overlay-type":"","overlay-color":"","overlay-opacity":"","overlay-gradient":""},"tablet":{"background-color":"","background-image":"","background-repeat":"repeat","background-position":"center center","background-size":"auto","background-attachment":"scroll","background-type":"","background-media":"","overlay-type":"","overlay-color":"","overlay-opacity":"","overlay-gradient":""},"mobile":{"background-color":"","background-image":"","background-repeat":"repeat","background-position":"center center","background-size":"auto","background-attachment":"scroll","background-type":"","background-media":"","overlay-type":"","overlay-color":"","overlay-opacity":"","overlay-gradient":""}},"ast-content-background-meta":{"desktop":{"background-color":"var(--ast-global-color-5)","background-image":"","background-repeat":"repeat","background-position":"center center","background-size":"auto","background-attachment":"scroll","background-type":"","background-media":"","overlay-type":"","overlay-color":"","overlay-opacity":"","overlay-gradient":""},"tablet":{"background-color":"var(--ast-global-color-5)","background-image":"","background-repeat":"repeat","background-position":"center center","background-size":"auto","background-attachment":"scroll","background-type":"","background-media":"","overlay-type":"","overlay-color":"","overlay-opacity":"","overlay-gradient":""},"mobile":{"background-color":"var(--ast-global-color-5)","background-image":"","background-repeat":"repeat","background-position":"center center","background-size":"auto","background-attachment":"scroll","background-type":"","background-media":"","overlay-type":"","overlay-color":"","overlay-opacity":"","overlay-gradient":""}},"footnotes":""},"categories":[8,30,3,29],"tags":[132,133],"class_list":["post-1360","post","type-post","status-publish","format-standard","hentry","category-batxillerat","category-cicles-formatius","category-eso","category-portada","tag-diversos","tag-informacio-general"],"post_mailing_queue_ids":[],"_links":{"self":[{"href":"https:\/\/agora.xtec.cat\/iespompeufabra-bdn\/wp-json\/wp\/v2\/posts\/1360","targetHints":{"allow":["GET"]}}],"collection":[{"href":"https:\/\/agora.xtec.cat\/iespompeufabra-bdn\/wp-json\/wp\/v2\/posts"}],"about":[{"href":"https:\/\/agora.xtec.cat\/iespompeufabra-bdn\/wp-json\/wp\/v2\/types\/post"}],"author":[{"embeddable":true,"href":"https:\/\/agora.xtec.cat\/iespompeufabra-bdn\/wp-json\/wp\/v2\/users\/3"}],"replies":[{"embeddable":true,"href":"https:\/\/agora.xtec.cat\/iespompeufabra-bdn\/wp-json\/wp\/v2\/comments?post=1360"}],"version-history":[{"count":2,"href":"https:\/\/agora.xtec.cat\/iespompeufabra-bdn\/wp-json\/wp\/v2\/posts\/1360\/revisions"}],"predecessor-version":[{"id":1362,"href":"https:\/\/agora.xtec.cat\/iespompeufabra-bdn\/wp-json\/wp\/v2\/posts\/1360\/revisions\/1362"}],"wp:attachment":[{"href":"https:\/\/agora.xtec.cat\/iespompeufabra-bdn\/wp-json\/wp\/v2\/media?parent=1360"}],"wp:term":[{"taxonomy":"category","embeddable":true,"href":"https:\/\/agora.xtec.cat\/iespompeufabra-bdn\/wp-json\/wp\/v2\/categories?post=1360"},{"taxonomy":"post_tag","embeddable":true,"href":"https:\/\/agora.xtec.cat\/iespompeufabra-bdn\/wp-json\/wp\/v2\/tags?post=1360"}],"curies":[{"name":"wp","href":"https:\/\/api.w.org\/{rel}","templated":true}]}}