{"id":843,"date":"2016-03-29T10:50:00","date_gmt":"2016-03-29T09:50:00","guid":{"rendered":"http:\/\/agora.xtec.cat\/iespolinya\/?p=843"},"modified":"2016-06-13T09:27:19","modified_gmt":"2016-06-13T08:27:19","slug":"17e-concurs-de-fotografia-matematica","status":"publish","type":"post","link":"https:\/\/agora.xtec.cat\/iespolinya\/general\/17e-concurs-de-fotografia-matematica\/","title":{"rendered":"17\u00e8 Concurs de fotografia Matem\u00e0tica"},"content":{"rendered":"<p>\u201cEl Concurs de Fotografia Matem\u00e0tica\u201d \u00e9s una activitat organitzada per l\u2019ABEAM (Associaci\u00f3 de Barcelona per l\u2019Ensenyament i l\u2019Aprenentatge de les Matem\u00e0tiques). Es va iniciar l\u2019any 2000 per celebrar l\u2019Any Mundial de les Matem\u00e0tiques.<!--more--><\/p>\n<p>Una foto \u00e9s matem\u00e0tica si hi ha intenci\u00f3 per part de l\u2019autor de que aix\u00ed sigui. Aquesta intenci\u00f3 matem\u00e0tica ha de quedar reflectida clarament en el t\u00edtol de la foto, en el que s\u2019ha de fer refer\u00e8ncia, d\u2019alguna manera, al contingut matem\u00e0tic.<\/p>\n<p><a href=\"http:\/\/agora.xtec.cat\/iespolinya\/wp-content\/uploads\/usu392\/2016\/03\/Imagen-1.png\">\u00a0<\/a><a href=\"http:\/\/agora.xtec.cat\/iespolinya\/wp-content\/uploads\/usu392\/2016\/03\/Imagen-1.png\"><img loading=\"lazy\" decoding=\"async\" class=\"alignnone wp-image-844 size-medium\" src=\"http:\/\/agora.xtec.cat\/iespolinya\/wp-content\/uploads\/usu392\/2016\/03\/Imagen-1-208x300.png\" alt=\"Imagen 1\" width=\"208\" height=\"300\" srcset=\"https:\/\/agora.xtec.cat\/iespolinya\/wp-content\/uploads\/usu392\/2016\/03\/Imagen-1-208x300.png 208w, https:\/\/agora.xtec.cat\/iespolinya\/wp-content\/uploads\/usu392\/2016\/03\/Imagen-1.png 637w\" sizes=\"auto, (max-width: 208px) 100vw, 208px\" \/><\/a><a href=\"http:\/\/fotografiamatematica.cat\/blg\/\">http:\/\/fotografiamatematica.cat\/blg\/<\/a><\/p>\n<p>&nbsp;<\/p>\n","protected":false},"excerpt":{"rendered":"<p>\u201cEl Concurs de Fotografia Matem\u00e0tica\u201d \u00e9s una activitat organitzada per l\u2019ABEAM (Associaci\u00f3 de Barcelona per l\u2019Ensenyament i l\u2019Aprenentatge de les Matem\u00e0tiques). Es va iniciar l\u2019any 2000 per celebrar l\u2019Any Mundial de les Matem\u00e0tiques.<\/p>\n","protected":false},"author":1,"featured_media":0,"comment_status":"open","ping_status":"open","sticky":false,"template":"","format":"standard","meta":{"_bbp_topic_count":0,"_bbp_reply_count":0,"_bbp_total_topic_count":0,"_bbp_total_reply_count":0,"_bbp_voice_count":0,"_bbp_anonymous_reply_count":0,"_bbp_topic_count_hidden":0,"_bbp_reply_count_hidden":0,"_bbp_forum_subforum_count":0,"site-sidebar-layout":"default","site-content-layout":"","ast-site-content-layout":"","site-content-style":"default","site-sidebar-style":"default","ast-global-header-display":"","ast-banner-title-visibility":"","ast-main-header-display":"","ast-hfb-above-header-display":"","ast-hfb-below-header-display":"","ast-hfb-mobile-header-display":"","site-post-title":"","ast-breadcrumbs-content":"","ast-featured-img":"","footer-sml-layout":"","theme-transparent-header-meta":"","adv-header-id-meta":"","stick-header-meta":"","header-above-stick-meta":"","header-main-stick-meta":"","header-below-stick-meta":"","astra-migrate-meta-layouts":"default","ast-page-background-enabled":"default","ast-page-background-meta":{"desktop":{"background-color":"var(--ast-global-color-4)","background-image":"","background-repeat":"repeat","background-position":"center center","background-size":"auto","background-attachment":"scroll","background-type":"","background-media":"","overlay-type":"","overlay-color":"","overlay-opacity":"","overlay-gradient":""},"tablet":{"background-color":"","background-image":"","background-repeat":"repeat","background-position":"center center","background-size":"auto","background-attachment":"scroll","background-type":"","background-media":"","overlay-type":"","overlay-color":"","overlay-opacity":"","overlay-gradient":""},"mobile":{"background-color":"","background-image":"","background-repeat":"repeat","background-position":"center center","background-size":"auto","background-attachment":"scroll","background-type":"","background-media":"","overlay-type":"","overlay-color":"","overlay-opacity":"","overlay-gradient":""}},"ast-content-background-meta":{"desktop":{"background-color":"var(--ast-global-color-5)","background-image":"","background-repeat":"repeat","background-position":"center center","background-size":"auto","background-attachment":"scroll","background-type":"","background-media":"","overlay-type":"","overlay-color":"","overlay-opacity":"","overlay-gradient":""},"tablet":{"background-color":"var(--ast-global-color-5)","background-image":"","background-repeat":"repeat","background-position":"center center","background-size":"auto","background-attachment":"scroll","background-type":"","background-media":"","overlay-type":"","overlay-color":"","overlay-opacity":"","overlay-gradient":""},"mobile":{"background-color":"var(--ast-global-color-5)","background-image":"","background-repeat":"repeat","background-position":"center center","background-size":"auto","background-attachment":"scroll","background-type":"","background-media":"","overlay-type":"","overlay-color":"","overlay-opacity":"","overlay-gradient":""}},"footnotes":""},"categories":[1,29],"tags":[41],"class_list":["post-843","post","type-post","status-publish","format-standard","hentry","category-general","category-portada","tag-matematiques"],"post_mailing_queue_ids":[],"_links":{"self":[{"href":"https:\/\/agora.xtec.cat\/iespolinya\/wp-json\/wp\/v2\/posts\/843","targetHints":{"allow":["GET"]}}],"collection":[{"href":"https:\/\/agora.xtec.cat\/iespolinya\/wp-json\/wp\/v2\/posts"}],"about":[{"href":"https:\/\/agora.xtec.cat\/iespolinya\/wp-json\/wp\/v2\/types\/post"}],"author":[{"embeddable":true,"href":"https:\/\/agora.xtec.cat\/iespolinya\/wp-json\/wp\/v2\/users\/1"}],"replies":[{"embeddable":true,"href":"https:\/\/agora.xtec.cat\/iespolinya\/wp-json\/wp\/v2\/comments?post=843"}],"version-history":[{"count":3,"href":"https:\/\/agora.xtec.cat\/iespolinya\/wp-json\/wp\/v2\/posts\/843\/revisions"}],"predecessor-version":[{"id":864,"href":"https:\/\/agora.xtec.cat\/iespolinya\/wp-json\/wp\/v2\/posts\/843\/revisions\/864"}],"wp:attachment":[{"href":"https:\/\/agora.xtec.cat\/iespolinya\/wp-json\/wp\/v2\/media?parent=843"}],"wp:term":[{"taxonomy":"category","embeddable":true,"href":"https:\/\/agora.xtec.cat\/iespolinya\/wp-json\/wp\/v2\/categories?post=843"},{"taxonomy":"post_tag","embeddable":true,"href":"https:\/\/agora.xtec.cat\/iespolinya\/wp-json\/wp\/v2\/tags?post=843"}],"curies":[{"name":"wp","href":"https:\/\/api.w.org\/{rel}","templated":true}]}}