{"id":743,"date":"2016-01-11T10:52:06","date_gmt":"2016-01-11T09:52:06","guid":{"rendered":"http:\/\/agora.xtec.cat\/iespolinya\/?p=743"},"modified":"2016-06-13T09:32:58","modified_gmt":"2016-06-13T08:32:58","slug":"sortides-final-del-1r-trimestre","status":"publish","type":"post","link":"https:\/\/agora.xtec.cat\/iespolinya\/general\/sortides-final-del-1r-trimestre\/","title":{"rendered":"SORTIDES FINAL DEL 1R TRIMESTRE"},"content":{"rendered":"<p>Ha finals del primer trimestre es varen realitzar diferents sortides amb els alumnes de l&#8217;institut, us en deixem un resum:<\/p>\n<p><strong>SORTIDA A SANTIGA<\/strong><!--more--><\/p>\n<p>Ha finals del primer trimestre els alumnes de 2n d&#8217;ESO van fer una sortida tutorial fins a l&#8217;ermita de Santiga. L&#8217;excursi\u00f3 els va servir per con\u00e8ixer l&#8217;entorn m\u00e9s proper i tamb\u00e9 van treballar aspectes de diferents mat\u00e8ries (socials, matem\u00e0tiques, catal\u00e0 i angl\u00e8s). Va ser un mat\u00ed ben aprofitat!<\/p>\n<p><a href=\"http:\/\/agora.xtec.cat\/iespolinya\/wp-content\/uploads\/usu392\/2015\/12\/12347620_1117263671617585_8503677387949004528_n.jpg\"><img loading=\"lazy\" decoding=\"async\" class=\"alignnone size-full wp-image-744\" src=\"http:\/\/agora.xtec.cat\/iespolinya\/wp-content\/uploads\/usu392\/2015\/12\/12347620_1117263671617585_8503677387949004528_n.jpg\" alt=\"12347620_1117263671617585_8503677387949004528_n\" width=\"960\" height=\"960\" srcset=\"https:\/\/agora.xtec.cat\/iespolinya\/wp-content\/uploads\/usu392\/2015\/12\/12347620_1117263671617585_8503677387949004528_n.jpg 960w, https:\/\/agora.xtec.cat\/iespolinya\/wp-content\/uploads\/usu392\/2015\/12\/12347620_1117263671617585_8503677387949004528_n-150x150.jpg 150w, https:\/\/agora.xtec.cat\/iespolinya\/wp-content\/uploads\/usu392\/2015\/12\/12347620_1117263671617585_8503677387949004528_n-300x300.jpg 300w\" sizes=\"auto, (max-width: 960px) 100vw, 960px\" \/><\/a><\/p>\n<p><!--more--><\/p>\n<p><strong>Sortida de Religi\u00f3 a Sabadell<\/strong><\/p>\n<p>El proppassat dia 14 de desembre, els grups de 1r d\u2019ESO fins a 4t, que van a la classe de religi\u00f3, van fer una sortida a Sabadell per veure la Fira de Santa Ll\u00facia i tamb\u00e9 per visitar l\u2019Esgl\u00e9sia de Sant F\u00e8lix d\u2019all\u00e0 mateix. L\u2019Anna Aubia, la Maribel Mart\u00edn i en Ferran Blasco van ser els professors que van acompanyar els nois aquest dia.<\/p>\n<p>Va ser un grup format per 25 persones.\u00a0 Un cop a la fira, van fer un petit treball arran el significat de les figures del pessebre (incl\u00f2s el caganer i el pixaner), i un treball sobre l\u2019Esgl\u00e9sia de Sant F\u00e8lix (les seves parts, els elements lit\u00fargics i una mica d\u2019hist\u00f2ria).<\/p>\n<p>Vam tenir la gran sort de trobar-nos amb el Rector de la Parr\u00f2quia: Mn. Francesc Catarineu i del seu Vicari: Mn. Txema Cot, que molt amablement van explicar als nois i noies moltes coses interessants de la parr\u00f2quia i de la vida parroquial. Va ser una sortida molt important perqu\u00e8 va ser molt amena, sobretot la part de la fira.<\/p>\n<p><a href=\"http:\/\/agora.xtec.cat\/iespolinya\/wp-content\/uploads\/usu392\/2015\/12\/Sortida-reli-polinya.jpg\"><img loading=\"lazy\" decoding=\"async\" class=\"alignnone size-large wp-image-745\" src=\"http:\/\/agora.xtec.cat\/iespolinya\/wp-content\/uploads\/usu392\/2015\/12\/Sortida-reli-polinya-1024x765.jpg\" alt=\"Sortida reli polinya\" width=\"1024\" height=\"765\" srcset=\"https:\/\/agora.xtec.cat\/iespolinya\/wp-content\/uploads\/usu392\/2015\/12\/Sortida-reli-polinya-1024x765.jpg 1024w, https:\/\/agora.xtec.cat\/iespolinya\/wp-content\/uploads\/usu392\/2015\/12\/Sortida-reli-polinya-300x224.jpg 300w, https:\/\/agora.xtec.cat\/iespolinya\/wp-content\/uploads\/usu392\/2015\/12\/Sortida-reli-polinya-200x150.jpg 200w\" sizes=\"auto, (max-width: 1024px) 100vw, 1024px\" \/><\/a><\/p>\n<p>&nbsp;<\/p>\n<p>&nbsp;<\/p>\n<p><strong>SORTIDA DANONE<\/strong><\/p>\n<p>Per tancar aquest primer trimestre del curs, els alumnes de 3r ESO van visitar\u00a0les instal\u00b7lacions que t\u00e9 la f\u00e0brica Danone a Parets de Vall\u00e8s. Vam con\u00e8ixer de primers ma com es treballa a una multinacional i la mecanitzaci\u00f3\/robotitzaci\u00f3\u00a0dels processos industrials treballats aquests \u00faltims mesos a les Ci\u00e8ncies Socials. Us deixem algunes fotos i per cert, vam sortir de la visita amb una bossa plena de l\u00e0ctics!<\/p>\n<p><a href=\"http:\/\/agora.xtec.cat\/iespolinya\/wp-content\/uploads\/usu392\/2015\/12\/IMG_0033.jpg\"><img loading=\"lazy\" decoding=\"async\" class=\"alignnone size-large wp-image-747\" src=\"http:\/\/agora.xtec.cat\/iespolinya\/wp-content\/uploads\/usu392\/2015\/12\/IMG_0033-1024x768.jpg\" alt=\"IMG_0033\" width=\"1024\" height=\"768\" srcset=\"https:\/\/agora.xtec.cat\/iespolinya\/wp-content\/uploads\/usu392\/2015\/12\/IMG_0033-1024x768.jpg 1024w, https:\/\/agora.xtec.cat\/iespolinya\/wp-content\/uploads\/usu392\/2015\/12\/IMG_0033-300x225.jpg 300w, https:\/\/agora.xtec.cat\/iespolinya\/wp-content\/uploads\/usu392\/2015\/12\/IMG_0033-200x150.jpg 200w\" sizes=\"auto, (max-width: 1024px) 100vw, 1024px\" \/><\/a><\/p>\n<div><\/div>\n","protected":false},"excerpt":{"rendered":"<p>Ha finals del primer trimestre es varen realitzar diferents sortides amb els alumnes de l&#8217;institut, us en deixem un resum: SORTIDA A SANTIGA<\/p>\n","protected":false},"author":1,"featured_media":0,"comment_status":"open","ping_status":"open","sticky":false,"template":"","format":"standard","meta":{"_bbp_topic_count":0,"_bbp_reply_count":0,"_bbp_total_topic_count":0,"_bbp_total_reply_count":0,"_bbp_voice_count":0,"_bbp_anonymous_reply_count":0,"_bbp_topic_count_hidden":0,"_bbp_reply_count_hidden":0,"_bbp_forum_subforum_count":0,"site-sidebar-layout":"default","site-content-layout":"","ast-site-content-layout":"","site-content-style":"default","site-sidebar-style":"default","ast-global-header-display":"","ast-banner-title-visibility":"","ast-main-header-display":"","ast-hfb-above-header-display":"","ast-hfb-below-header-display":"","ast-hfb-mobile-header-display":"","site-post-title":"","ast-breadcrumbs-content":"","ast-featured-img":"","footer-sml-layout":"","theme-transparent-header-meta":"","adv-header-id-meta":"","stick-header-meta":"","header-above-stick-meta":"","header-main-stick-meta":"","header-below-stick-meta":"","astra-migrate-meta-layouts":"default","ast-page-background-enabled":"default","ast-page-background-meta":{"desktop":{"background-color":"var(--ast-global-color-4)","background-image":"","background-repeat":"repeat","background-position":"center center","background-size":"auto","background-attachment":"scroll","background-type":"","background-media":"","overlay-type":"","overlay-color":"","overlay-opacity":"","overlay-gradient":""},"tablet":{"background-color":"","background-image":"","background-repeat":"repeat","background-position":"center center","background-size":"auto","background-attachment":"scroll","background-type":"","background-media":"","overlay-type":"","overlay-color":"","overlay-opacity":"","overlay-gradient":""},"mobile":{"background-color":"","background-image":"","background-repeat":"repeat","background-position":"center center","background-size":"auto","background-attachment":"scroll","background-type":"","background-media":"","overlay-type":"","overlay-color":"","overlay-opacity":"","overlay-gradient":""}},"ast-content-background-meta":{"desktop":{"background-color":"var(--ast-global-color-5)","background-image":"","background-repeat":"repeat","background-position":"center center","background-size":"auto","background-attachment":"scroll","background-type":"","background-media":"","overlay-type":"","overlay-color":"","overlay-opacity":"","overlay-gradient":""},"tablet":{"background-color":"var(--ast-global-color-5)","background-image":"","background-repeat":"repeat","background-position":"center center","background-size":"auto","background-attachment":"scroll","background-type":"","background-media":"","overlay-type":"","overlay-color":"","overlay-opacity":"","overlay-gradient":""},"mobile":{"background-color":"var(--ast-global-color-5)","background-image":"","background-repeat":"repeat","background-position":"center center","background-size":"auto","background-attachment":"scroll","background-type":"","background-media":"","overlay-type":"","overlay-color":"","overlay-opacity":"","overlay-gradient":""}},"footnotes":""},"categories":[4,5,6,1,29],"tags":[39],"class_list":["post-743","post","type-post","status-publish","format-standard","hentry","category-eso-1","category-eso-2","category-eso-3","category-general","category-portada","tag-sortides"],"post_mailing_queue_ids":[],"_links":{"self":[{"href":"https:\/\/agora.xtec.cat\/iespolinya\/wp-json\/wp\/v2\/posts\/743","targetHints":{"allow":["GET"]}}],"collection":[{"href":"https:\/\/agora.xtec.cat\/iespolinya\/wp-json\/wp\/v2\/posts"}],"about":[{"href":"https:\/\/agora.xtec.cat\/iespolinya\/wp-json\/wp\/v2\/types\/post"}],"author":[{"embeddable":true,"href":"https:\/\/agora.xtec.cat\/iespolinya\/wp-json\/wp\/v2\/users\/1"}],"replies":[{"embeddable":true,"href":"https:\/\/agora.xtec.cat\/iespolinya\/wp-json\/wp\/v2\/comments?post=743"}],"version-history":[{"count":4,"href":"https:\/\/agora.xtec.cat\/iespolinya\/wp-json\/wp\/v2\/posts\/743\/revisions"}],"predecessor-version":[{"id":1015,"href":"https:\/\/agora.xtec.cat\/iespolinya\/wp-json\/wp\/v2\/posts\/743\/revisions\/1015"}],"wp:attachment":[{"href":"https:\/\/agora.xtec.cat\/iespolinya\/wp-json\/wp\/v2\/media?parent=743"}],"wp:term":[{"taxonomy":"category","embeddable":true,"href":"https:\/\/agora.xtec.cat\/iespolinya\/wp-json\/wp\/v2\/categories?post=743"},{"taxonomy":"post_tag","embeddable":true,"href":"https:\/\/agora.xtec.cat\/iespolinya\/wp-json\/wp\/v2\/tags?post=743"}],"curies":[{"name":"wp","href":"https:\/\/api.w.org\/{rel}","templated":true}]}}