{"id":6608,"date":"2026-04-30T08:32:57","date_gmt":"2026-04-30T06:32:57","guid":{"rendered":"https:\/\/agora.xtec.cat\/iespolinya\/?p=6608"},"modified":"2026-04-30T08:32:59","modified_gmt":"2026-04-30T06:32:59","slug":"%f0%9f%8c%b9-sant-jordi-omple-de-lletres-i-creativitat-el-nostre-institut","status":"publish","type":"post","link":"https:\/\/agora.xtec.cat\/iespolinya\/general\/%f0%9f%8c%b9-sant-jordi-omple-de-lletres-i-creativitat-el-nostre-institut\/","title":{"rendered":"\ud83c\udf39 Sant Jordi omple de lletres i creativitat el nostre institut"},"content":{"rendered":"\n<p>Aquest 23 d\u2019abril, el centre s&#8217;ha transformat en un formiguer de cultura, art i tradici\u00f3. Hem celebrat una Diada de Sant Jordi on l&#8217;alumnat ha estat el protagonista, per\u00f2 que ha estat possible gr\u00e0cies a l&#8217;entusiasme i la implicaci\u00f3 de tot el claustre de professors i professores, que s&#8217;han abocat a fer d&#8217;avui una jornada inoblidable.\ud83d\udcda Literatura i territori: De la llegenda a Poliny\u00e0<\/p>\n\n\n\n<p>Els diferents cursos d&#8217;ESO han treballat la paraula des de perspectives molt diverses i originals:<\/p>\n\n\n\n<p>&nbsp;&#8211; 1r i 2n d&#8217;ESO: Han capgirat la tradici\u00f3! Han reinterpretat la llegenda de Sant Jordi, han plasmat les seves visions en format fanzine, combinant il\u00b7lustraci\u00f3 i narrativa.<\/p>\n\n\n\n<p>&#8211; 3r d&#8217;ESO: S\u2019han passat a la s\u00edntesi i la bellesa de la poesia japonesa escrivint uns haikus delicats que capturen l&#8217;ess\u00e8ncia de la primavera.<\/p>\n\n\n\n<p>&nbsp;&#8211; 4t d&#8217;ESO: Han connectat la ficci\u00f3 amb el nostre entorn m\u00e9s proper. Han escrit contes ambientats als carrers de Poliny\u00e0 i, posteriorment, han realitzat una tasca de cartografia local localitzant les trames sobre un mapa del municipi.\ud83c\udfa8 Art, color i treball en equip<\/p>\n\n\n\n<p>M\u00e9s enll\u00e0 de l&#8217;escriptura, les mans tamb\u00e9 han treballat de valent. El centre s&#8217;ha omplert de dracs i roses fets a m\u00e0 amb materials diversos en uns tallers on ha col\u00b7laborat tot el professorat.<\/p>\n\n\n\n<p>Gr\u00e0cies a tot el personal del centre i a l&#8217;alumnat per fer possible aquesta jornada tan especial. Que la lectura i la creativitat ens acompanyin tot l&#8217;any!<\/p>\n\n\n\n<div class=\"wp-block-getwid-video-popup has-image\"><a class=\"wp-block-getwid-video-popup__link\" href=\"https:\/\/drive.google.com\/file\/d\/1H-jItlmZlweQSK_JGRqIX3PJdNlvGyRw\/view?usp=sharing\" aria-label=\"Sant Jordi 2026\"><div class=\"wp-block-getwid-video-popup__wrapper\"><img loading=\"lazy\" decoding=\"async\" width=\"1280\" height=\"692\" src=\"https:\/\/agora.xtec.cat\/iespolinya\/wp-content\/uploads\/usu392\/2026\/04\/Captura-de-pantalla-2026-04-30-a-les-8.31.30.png\" alt=\"Sant Jordi 2026\" class=\"wp-block-getwid-video-popup__image wp-block-getwid-video-popup__source wp-image-6611\" srcset=\"https:\/\/agora.xtec.cat\/iespolinya\/wp-content\/uploads\/usu392\/2026\/04\/Captura-de-pantalla-2026-04-30-a-les-8.31.30.png 1280w, https:\/\/agora.xtec.cat\/iespolinya\/wp-content\/uploads\/usu392\/2026\/04\/Captura-de-pantalla-2026-04-30-a-les-8.31.30-300x162.png 300w, https:\/\/agora.xtec.cat\/iespolinya\/wp-content\/uploads\/usu392\/2026\/04\/Captura-de-pantalla-2026-04-30-a-les-8.31.30-1024x554.png 1024w, https:\/\/agora.xtec.cat\/iespolinya\/wp-content\/uploads\/usu392\/2026\/04\/Captura-de-pantalla-2026-04-30-a-les-8.31.30-768x415.png 768w\" sizes=\"auto, (max-width: 1280px) 100vw, 1280px\" \/><div class=\"wp-block-getwid-video-popup__button is-style-default\"><div class=\"wp-block-getwid-video-popup__icon\"><i class=\"fas fa-play\" aria-hidden=\"true\"><\/i><\/div><\/div><\/div><\/a><div class=\"wp-block-getwid-video-popup__caption\"><p class=\"wp-block-getwid-video-popup__title\">Sant Jordi 2026<\/p><\/div><\/div>\n","protected":false},"excerpt":{"rendered":"<p>Aquest 23 d\u2019abril, el centre s&#8217;ha transformat en un formiguer de cultura, art i tradici\u00f3. Hem celebrat una Diada de Sant Jordi on l&#8217;alumnat ha estat el protagonista, per\u00f2 que ha estat possible gr\u00e0cies a l&#8217;entusiasme i la implicaci\u00f3 de tot el claustre de professors i professores, que s&#8217;han abocat a fer d&#8217;avui una jornada [&hellip;]<\/p>\n","protected":false},"author":1,"featured_media":0,"comment_status":"open","ping_status":"open","sticky":false,"template":"","format":"standard","meta":{"_bbp_topic_count":0,"_bbp_reply_count":0,"_bbp_total_topic_count":0,"_bbp_total_reply_count":0,"_bbp_voice_count":0,"_bbp_anonymous_reply_count":0,"_bbp_topic_count_hidden":0,"_bbp_reply_count_hidden":0,"_bbp_forum_subforum_count":0,"site-sidebar-layout":"default","site-content-layout":"","ast-site-content-layout":"default","site-content-style":"default","site-sidebar-style":"default","ast-global-header-display":"","ast-banner-title-visibility":"","ast-main-header-display":"","ast-hfb-above-header-display":"","ast-hfb-below-header-display":"","ast-hfb-mobile-header-display":"","site-post-title":"","ast-breadcrumbs-content":"","ast-featured-img":"","footer-sml-layout":"","theme-transparent-header-meta":"","adv-header-id-meta":"","stick-header-meta":"","header-above-stick-meta":"","header-main-stick-meta":"","header-below-stick-meta":"","astra-migrate-meta-layouts":"set","ast-page-background-enabled":"default","ast-page-background-meta":{"desktop":{"background-color":"var(--ast-global-color-4)","background-image":"","background-repeat":"repeat","background-position":"center center","background-size":"auto","background-attachment":"scroll","background-type":"","background-media":"","overlay-type":"","overlay-color":"","overlay-opacity":"","overlay-gradient":""},"tablet":{"background-color":"","background-image":"","background-repeat":"repeat","background-position":"center center","background-size":"auto","background-attachment":"scroll","background-type":"","background-media":"","overlay-type":"","overlay-color":"","overlay-opacity":"","overlay-gradient":""},"mobile":{"background-color":"","background-image":"","background-repeat":"repeat","background-position":"center center","background-size":"auto","background-attachment":"scroll","background-type":"","background-media":"","overlay-type":"","overlay-color":"","overlay-opacity":"","overlay-gradient":""}},"ast-content-background-meta":{"desktop":{"background-color":"var(--ast-global-color-5)","background-image":"","background-repeat":"repeat","background-position":"center center","background-size":"auto","background-attachment":"scroll","background-type":"","background-media":"","overlay-type":"","overlay-color":"","overlay-opacity":"","overlay-gradient":""},"tablet":{"background-color":"var(--ast-global-color-5)","background-image":"","background-repeat":"repeat","background-position":"center center","background-size":"auto","background-attachment":"scroll","background-type":"","background-media":"","overlay-type":"","overlay-color":"","overlay-opacity":"","overlay-gradient":""},"mobile":{"background-color":"var(--ast-global-color-5)","background-image":"","background-repeat":"repeat","background-position":"center center","background-size":"auto","background-attachment":"scroll","background-type":"","background-media":"","overlay-type":"","overlay-color":"","overlay-opacity":"","overlay-gradient":""}},"footnotes":""},"categories":[1,29],"tags":[],"class_list":["post-6608","post","type-post","status-publish","format-standard","hentry","category-general","category-portada"],"post_mailing_queue_ids":[],"_links":{"self":[{"href":"https:\/\/agora.xtec.cat\/iespolinya\/wp-json\/wp\/v2\/posts\/6608","targetHints":{"allow":["GET"]}}],"collection":[{"href":"https:\/\/agora.xtec.cat\/iespolinya\/wp-json\/wp\/v2\/posts"}],"about":[{"href":"https:\/\/agora.xtec.cat\/iespolinya\/wp-json\/wp\/v2\/types\/post"}],"author":[{"embeddable":true,"href":"https:\/\/agora.xtec.cat\/iespolinya\/wp-json\/wp\/v2\/users\/1"}],"replies":[{"embeddable":true,"href":"https:\/\/agora.xtec.cat\/iespolinya\/wp-json\/wp\/v2\/comments?post=6608"}],"version-history":[{"count":1,"href":"https:\/\/agora.xtec.cat\/iespolinya\/wp-json\/wp\/v2\/posts\/6608\/revisions"}],"predecessor-version":[{"id":6612,"href":"https:\/\/agora.xtec.cat\/iespolinya\/wp-json\/wp\/v2\/posts\/6608\/revisions\/6612"}],"wp:attachment":[{"href":"https:\/\/agora.xtec.cat\/iespolinya\/wp-json\/wp\/v2\/media?parent=6608"}],"wp:term":[{"taxonomy":"category","embeddable":true,"href":"https:\/\/agora.xtec.cat\/iespolinya\/wp-json\/wp\/v2\/categories?post=6608"},{"taxonomy":"post_tag","embeddable":true,"href":"https:\/\/agora.xtec.cat\/iespolinya\/wp-json\/wp\/v2\/tags?post=6608"}],"curies":[{"name":"wp","href":"https:\/\/api.w.org\/{rel}","templated":true}]}}