{"id":6596,"date":"2026-04-22T08:49:54","date_gmt":"2026-04-22T06:49:54","guid":{"rendered":"https:\/\/agora.xtec.cat\/iespolinya\/?p=6596"},"modified":"2026-04-22T08:49:56","modified_gmt":"2026-04-22T06:49:56","slug":"orientacio-academica","status":"publish","type":"post","link":"https:\/\/agora.xtec.cat\/iespolinya\/general\/orientacio-academica\/","title":{"rendered":"ORIENTACI\u00d3 ACAD\u00c8MICA"},"content":{"rendered":"\n<p>Xerrada d\u2019orientaci\u00f3 acad\u00e8mica per l\u2019\u00e0mbit cient\u00edfic\/sanitari amb alumnat de 1r i 4t de batxillerat de les assignatures de Biologia i Biomedicina, a c\u00e0rrec de Sara Le\u00f3n, exalumna del centre i actual t\u00e8cnica de laboratori en recerca a l\u2019I3PT (Parc Taul\u00ed).<\/p>\n\n\n\n<p>Durant la sessi\u00f3, ha compartit el seu recorregut personal i professional, aix\u00ed com una visi\u00f3 general del treball en investigaci\u00f3 biom\u00e8dica i les seves diferents fases.<\/p>\n\n\n\n<p>Tamb\u00e9 s\u2019ha generat un espai de di\u00e0leg on l\u2019alumnat ha pogut expressar els seus interessos, motivacions i inquietuds, fomentant una reflexi\u00f3 conjunta sobre el seu futur acad\u00e8mic i professional.<\/p>\n\n\n\n<figure class=\"wp-block-image size-large\"><a href=\"https:\/\/agora.xtec.cat\/iespolinya\/wp-content\/uploads\/usu392\/2026\/04\/IMG_4332.jpeg\"><img loading=\"lazy\" decoding=\"async\" width=\"1024\" height=\"768\" src=\"https:\/\/agora.xtec.cat\/iespolinya\/wp-content\/uploads\/usu392\/2026\/04\/IMG_4332-1024x768.jpeg\" alt=\"\" class=\"wp-image-6595\" srcset=\"https:\/\/agora.xtec.cat\/iespolinya\/wp-content\/uploads\/usu392\/2026\/04\/IMG_4332-1024x768.jpeg 1024w, https:\/\/agora.xtec.cat\/iespolinya\/wp-content\/uploads\/usu392\/2026\/04\/IMG_4332-300x225.jpeg 300w, https:\/\/agora.xtec.cat\/iespolinya\/wp-content\/uploads\/usu392\/2026\/04\/IMG_4332-768x576.jpeg 768w, https:\/\/agora.xtec.cat\/iespolinya\/wp-content\/uploads\/usu392\/2026\/04\/IMG_4332-1536x1152.jpeg 1536w, https:\/\/agora.xtec.cat\/iespolinya\/wp-content\/uploads\/usu392\/2026\/04\/IMG_4332.jpeg 1920w\" sizes=\"auto, (max-width: 1024px) 100vw, 1024px\" \/><\/a><\/figure>\n\n\n","protected":false},"excerpt":{"rendered":"<p>Xerrada d\u2019orientaci\u00f3 acad\u00e8mica per l\u2019\u00e0mbit cient\u00edfic\/sanitari amb alumnat de 1r i 4t de batxillerat de les assignatures de Biologia i Biomedicina, a c\u00e0rrec de Sara Le\u00f3n, exalumna del centre i actual t\u00e8cnica de laboratori en recerca a l\u2019I3PT (Parc Taul\u00ed). Durant la sessi\u00f3, ha compartit el seu recorregut personal i professional, aix\u00ed com una visi\u00f3 [&hellip;]<\/p>\n","protected":false},"author":1,"featured_media":6595,"comment_status":"open","ping_status":"open","sticky":false,"template":"","format":"standard","meta":{"_bbp_topic_count":0,"_bbp_reply_count":0,"_bbp_total_topic_count":0,"_bbp_total_reply_count":0,"_bbp_voice_count":0,"_bbp_anonymous_reply_count":0,"_bbp_topic_count_hidden":0,"_bbp_reply_count_hidden":0,"_bbp_forum_subforum_count":0,"site-sidebar-layout":"default","site-content-layout":"","ast-site-content-layout":"default","site-content-style":"default","site-sidebar-style":"default","ast-global-header-display":"","ast-banner-title-visibility":"","ast-main-header-display":"","ast-hfb-above-header-display":"","ast-hfb-below-header-display":"","ast-hfb-mobile-header-display":"","site-post-title":"","ast-breadcrumbs-content":"","ast-featured-img":"","footer-sml-layout":"","theme-transparent-header-meta":"","adv-header-id-meta":"","stick-header-meta":"","header-above-stick-meta":"","header-main-stick-meta":"","header-below-stick-meta":"","astra-migrate-meta-layouts":"set","ast-page-background-enabled":"default","ast-page-background-meta":{"desktop":{"background-color":"var(--ast-global-color-4)","background-image":"","background-repeat":"repeat","background-position":"center center","background-size":"auto","background-attachment":"scroll","background-type":"","background-media":"","overlay-type":"","overlay-color":"","overlay-opacity":"","overlay-gradient":""},"tablet":{"background-color":"","background-image":"","background-repeat":"repeat","background-position":"center center","background-size":"auto","background-attachment":"scroll","background-type":"","background-media":"","overlay-type":"","overlay-color":"","overlay-opacity":"","overlay-gradient":""},"mobile":{"background-color":"","background-image":"","background-repeat":"repeat","background-position":"center center","background-size":"auto","background-attachment":"scroll","background-type":"","background-media":"","overlay-type":"","overlay-color":"","overlay-opacity":"","overlay-gradient":""}},"ast-content-background-meta":{"desktop":{"background-color":"var(--ast-global-color-5)","background-image":"","background-repeat":"repeat","background-position":"center center","background-size":"auto","background-attachment":"scroll","background-type":"","background-media":"","overlay-type":"","overlay-color":"","overlay-opacity":"","overlay-gradient":""},"tablet":{"background-color":"var(--ast-global-color-5)","background-image":"","background-repeat":"repeat","background-position":"center center","background-size":"auto","background-attachment":"scroll","background-type":"","background-media":"","overlay-type":"","overlay-color":"","overlay-opacity":"","overlay-gradient":""},"mobile":{"background-color":"var(--ast-global-color-5)","background-image":"","background-repeat":"repeat","background-position":"center center","background-size":"auto","background-attachment":"scroll","background-type":"","background-media":"","overlay-type":"","overlay-color":"","overlay-opacity":"","overlay-gradient":""}},"footnotes":""},"categories":[1,29],"tags":[],"class_list":["post-6596","post","type-post","status-publish","format-standard","has-post-thumbnail","hentry","category-general","category-portada"],"post_mailing_queue_ids":[],"_links":{"self":[{"href":"https:\/\/agora.xtec.cat\/iespolinya\/wp-json\/wp\/v2\/posts\/6596","targetHints":{"allow":["GET"]}}],"collection":[{"href":"https:\/\/agora.xtec.cat\/iespolinya\/wp-json\/wp\/v2\/posts"}],"about":[{"href":"https:\/\/agora.xtec.cat\/iespolinya\/wp-json\/wp\/v2\/types\/post"}],"author":[{"embeddable":true,"href":"https:\/\/agora.xtec.cat\/iespolinya\/wp-json\/wp\/v2\/users\/1"}],"replies":[{"embeddable":true,"href":"https:\/\/agora.xtec.cat\/iespolinya\/wp-json\/wp\/v2\/comments?post=6596"}],"version-history":[{"count":1,"href":"https:\/\/agora.xtec.cat\/iespolinya\/wp-json\/wp\/v2\/posts\/6596\/revisions"}],"predecessor-version":[{"id":6597,"href":"https:\/\/agora.xtec.cat\/iespolinya\/wp-json\/wp\/v2\/posts\/6596\/revisions\/6597"}],"wp:featuredmedia":[{"embeddable":true,"href":"https:\/\/agora.xtec.cat\/iespolinya\/wp-json\/wp\/v2\/media\/6595"}],"wp:attachment":[{"href":"https:\/\/agora.xtec.cat\/iespolinya\/wp-json\/wp\/v2\/media?parent=6596"}],"wp:term":[{"taxonomy":"category","embeddable":true,"href":"https:\/\/agora.xtec.cat\/iespolinya\/wp-json\/wp\/v2\/categories?post=6596"},{"taxonomy":"post_tag","embeddable":true,"href":"https:\/\/agora.xtec.cat\/iespolinya\/wp-json\/wp\/v2\/tags?post=6596"}],"curies":[{"name":"wp","href":"https:\/\/api.w.org\/{rel}","templated":true}]}}