{"id":6170,"date":"2025-04-10T11:10:54","date_gmt":"2025-04-10T09:10:54","guid":{"rendered":"https:\/\/agora.xtec.cat\/iespolinya\/?p=6170"},"modified":"2025-04-10T11:11:57","modified_gmt":"2025-04-10T09:11:57","slug":"belle-journee-dans-le-sud-de-la-france","status":"publish","type":"post","link":"https:\/\/agora.xtec.cat\/iespolinya\/general\/belle-journee-dans-le-sud-de-la-france\/","title":{"rendered":"BELLE JOURN\u00c9E DANS LE SUD DE LA FRANCE!"},"content":{"rendered":"<p><span style=\"font-weight: 400;\">Les \u00e9l\u00e8ves de 2<\/span><span style=\"font-weight: 400;\">e, <\/span><span style=\"font-weight: 400;\">3<\/span><span style=\"font-weight: 400;\">e <\/span><span style=\"font-weight: 400;\">et 4<\/span><span style=\"font-weight: 400;\">e <\/span><span style=\"font-weight: 400;\">ESO qui ont choisi l\u2019option de fran\u00e7ais sont partis la semaine derni\u00e8re en France.\u00a0<\/span><\/p>\n<p><span style=\"font-weight: 400;\">L\u2019autocar a d\u00e9marr\u00e9 \u00e0 7h45 devant le lyc\u00e9e. Une petite pause sur l\u2019autoroute et puis premier arr\u00eat \u00e0 <\/span><b>Perpignan.<\/b><\/p>\n<p><span style=\"font-weight: 400;\">Nous avons visit\u00e9 <\/span><b>le Palais des rois de Majorque,<\/b><span style=\"font-weight: 400;\"> forteresse m\u00e9di\u00e9vale du XIII<\/span><span style=\"font-weight: 400;\">i\u00e8me<\/span><span style=\"font-weight: 400;\"> si\u00e8cle.<\/span><\/p>\n<p><span style=\"font-weight: 400;\">\u00c0 l\u2019int\u00e9rieur du palais royal, c\u2019est mille et une histoires qui nous attendaient: salle \u00e0 manger du roi, grande salle de banquet, chambres du roi et de la reine, chapelle Sainte-Croix, galeries de la reine\u2026 Et pour terminer, nous avons grimp\u00e9 au sommet de la tour de l\u2019hommage. En haut, c\u2019\u00e9tait une vue splendide sur la <\/span><b>plaine du Roussillon, des Pyr\u00e9n\u00e9es enneig\u00e9es et du pic du Canigou <\/b><span style=\"font-weight: 400;\">qui nous attendait: un endroit idyllique pour prendre des photos.<\/span><\/p>\n<p><span style=\"font-weight: 400;\">Retour \u00e0 l\u2019autocar et nous voil\u00e0 repartis pour <\/span><b>Collioure.<\/b><\/p>\n<p><span style=\"font-weight: 400;\">L\u00e0, nous sommes directement all\u00e9s voir le <\/span><b>cimeti\u00e8re o\u00f9 Antonio Machado <\/b><span style=\"font-weight: 400;\">est enterr\u00e9: un peu d\u2019histoire et quelques lectures de po\u00e8mes. Ensuite, nous nous sommes tous d\u00e9plac\u00e9s jusqu\u2019au centre de cette jolie petite ville. Quelques instructions et de suite, les jeunes sont partis \u00e0 la d\u00e9couverte de cet adorable endroit.<\/span><\/p>\n<p><span style=\"font-weight: 400;\">Vers 17 h, nous sommes remont\u00e9s dans l\u2019autocar pour retourner \u00e0 Poliny\u00e0.<\/span><\/p>\n<p><span style=\"font-weight: 400;\">Les \u00e9l\u00e8ves sont revenus contents de cette int\u00e9ressante et belle journ\u00e9e culturelle. En plus, nous avons eu une chance inou\u00efe avec le temps!!!!<\/span><\/p>\n<p><span style=\"font-weight: 400;\">\u00c0 l&#8217;ann\u00e9e prochaine!<\/span><\/p>\n<p style=\"text-align: center;\"><strong>V\u00cdDEO<\/strong><\/p>\n<p><a href=\"https:\/\/drive.google.com\/file\/d\/1EfrLMEUluEwLxD7qZz35NO2PxPKuFv_Y\/view?usp=sharing\"><img loading=\"lazy\" decoding=\"async\" class=\"alignnone wp-image-6171 size-large\" src=\"https:\/\/agora.xtec.cat\/iespolinya\/wp-content\/uploads\/usu392\/2025\/04\/Captura-de-pantalla-2025-04-10-a-les-11.07.12-1024x572.png\" alt=\"\" width=\"1024\" height=\"572\" srcset=\"https:\/\/agora.xtec.cat\/iespolinya\/wp-content\/uploads\/usu392\/2025\/04\/Captura-de-pantalla-2025-04-10-a-les-11.07.12-1024x572.png 1024w, https:\/\/agora.xtec.cat\/iespolinya\/wp-content\/uploads\/usu392\/2025\/04\/Captura-de-pantalla-2025-04-10-a-les-11.07.12-300x168.png 300w, https:\/\/agora.xtec.cat\/iespolinya\/wp-content\/uploads\/usu392\/2025\/04\/Captura-de-pantalla-2025-04-10-a-les-11.07.12-768x429.png 768w, https:\/\/agora.xtec.cat\/iespolinya\/wp-content\/uploads\/usu392\/2025\/04\/Captura-de-pantalla-2025-04-10-a-les-11.07.12-1536x858.png 1536w, https:\/\/agora.xtec.cat\/iespolinya\/wp-content\/uploads\/usu392\/2025\/04\/Captura-de-pantalla-2025-04-10-a-les-11.07.12.png 1920w\" sizes=\"auto, (max-width: 1024px) 100vw, 1024px\" \/><\/a><\/p>\n","protected":false},"excerpt":{"rendered":"<p>Les \u00e9l\u00e8ves de 2e, 3e et 4e ESO qui ont choisi l\u2019option de fran\u00e7ais sont partis la semaine derni\u00e8re en France.\u00a0 L\u2019autocar a d\u00e9marr\u00e9 \u00e0 7h45 devant le lyc\u00e9e. Une petite pause sur l\u2019autoroute et puis premier arr\u00eat \u00e0 Perpignan. Nous avons visit\u00e9 le Palais des rois de Majorque, forteresse m\u00e9di\u00e9vale du XIIIi\u00e8me si\u00e8cle. \u00c0 [&hellip;]<\/p>\n","protected":false},"author":1,"featured_media":6171,"comment_status":"open","ping_status":"closed","sticky":false,"template":"","format":"standard","meta":{"_bbp_topic_count":0,"_bbp_reply_count":0,"_bbp_total_topic_count":0,"_bbp_total_reply_count":0,"_bbp_voice_count":0,"_bbp_anonymous_reply_count":0,"_bbp_topic_count_hidden":0,"_bbp_reply_count_hidden":0,"_bbp_forum_subforum_count":0,"site-sidebar-layout":"default","site-content-layout":"","ast-site-content-layout":"","site-content-style":"default","site-sidebar-style":"default","ast-global-header-display":"","ast-banner-title-visibility":"","ast-main-header-display":"","ast-hfb-above-header-display":"","ast-hfb-below-header-display":"","ast-hfb-mobile-header-display":"","site-post-title":"","ast-breadcrumbs-content":"","ast-featured-img":"","footer-sml-layout":"","theme-transparent-header-meta":"","adv-header-id-meta":"","stick-header-meta":"","header-above-stick-meta":"","header-main-stick-meta":"","header-below-stick-meta":"","astra-migrate-meta-layouts":"default","ast-page-background-enabled":"default","ast-page-background-meta":{"desktop":{"background-color":"var(--ast-global-color-4)","background-image":"","background-repeat":"repeat","background-position":"center center","background-size":"auto","background-attachment":"scroll","background-type":"","background-media":"","overlay-type":"","overlay-color":"","overlay-opacity":"","overlay-gradient":""},"tablet":{"background-color":"","background-image":"","background-repeat":"repeat","background-position":"center center","background-size":"auto","background-attachment":"scroll","background-type":"","background-media":"","overlay-type":"","overlay-color":"","overlay-opacity":"","overlay-gradient":""},"mobile":{"background-color":"","background-image":"","background-repeat":"repeat","background-position":"center center","background-size":"auto","background-attachment":"scroll","background-type":"","background-media":"","overlay-type":"","overlay-color":"","overlay-opacity":"","overlay-gradient":""}},"ast-content-background-meta":{"desktop":{"background-color":"var(--ast-global-color-5)","background-image":"","background-repeat":"repeat","background-position":"center center","background-size":"auto","background-attachment":"scroll","background-type":"","background-media":"","overlay-type":"","overlay-color":"","overlay-opacity":"","overlay-gradient":""},"tablet":{"background-color":"var(--ast-global-color-5)","background-image":"","background-repeat":"repeat","background-position":"center center","background-size":"auto","background-attachment":"scroll","background-type":"","background-media":"","overlay-type":"","overlay-color":"","overlay-opacity":"","overlay-gradient":""},"mobile":{"background-color":"var(--ast-global-color-5)","background-image":"","background-repeat":"repeat","background-position":"center center","background-size":"auto","background-attachment":"scroll","background-type":"","background-media":"","overlay-type":"","overlay-color":"","overlay-opacity":"","overlay-gradient":""}},"footnotes":""},"categories":[1,29],"tags":[],"class_list":["post-6170","post","type-post","status-publish","format-standard","has-post-thumbnail","hentry","category-general","category-portada"],"post_mailing_queue_ids":[],"_links":{"self":[{"href":"https:\/\/agora.xtec.cat\/iespolinya\/wp-json\/wp\/v2\/posts\/6170","targetHints":{"allow":["GET"]}}],"collection":[{"href":"https:\/\/agora.xtec.cat\/iespolinya\/wp-json\/wp\/v2\/posts"}],"about":[{"href":"https:\/\/agora.xtec.cat\/iespolinya\/wp-json\/wp\/v2\/types\/post"}],"author":[{"embeddable":true,"href":"https:\/\/agora.xtec.cat\/iespolinya\/wp-json\/wp\/v2\/users\/1"}],"replies":[{"embeddable":true,"href":"https:\/\/agora.xtec.cat\/iespolinya\/wp-json\/wp\/v2\/comments?post=6170"}],"version-history":[{"count":2,"href":"https:\/\/agora.xtec.cat\/iespolinya\/wp-json\/wp\/v2\/posts\/6170\/revisions"}],"predecessor-version":[{"id":6173,"href":"https:\/\/agora.xtec.cat\/iespolinya\/wp-json\/wp\/v2\/posts\/6170\/revisions\/6173"}],"wp:featuredmedia":[{"embeddable":true,"href":"https:\/\/agora.xtec.cat\/iespolinya\/wp-json\/wp\/v2\/media\/6171"}],"wp:attachment":[{"href":"https:\/\/agora.xtec.cat\/iespolinya\/wp-json\/wp\/v2\/media?parent=6170"}],"wp:term":[{"taxonomy":"category","embeddable":true,"href":"https:\/\/agora.xtec.cat\/iespolinya\/wp-json\/wp\/v2\/categories?post=6170"},{"taxonomy":"post_tag","embeddable":true,"href":"https:\/\/agora.xtec.cat\/iespolinya\/wp-json\/wp\/v2\/tags?post=6170"}],"curies":[{"name":"wp","href":"https:\/\/api.w.org\/{rel}","templated":true}]}}