{"id":6042,"date":"2024-12-05T08:47:58","date_gmt":"2024-12-05T07:47:58","guid":{"rendered":"https:\/\/agora.xtec.cat\/iespolinya\/?p=6042"},"modified":"2024-12-05T08:47:58","modified_gmt":"2024-12-05T07:47:58","slug":"jornada-25n","status":"publish","type":"post","link":"https:\/\/agora.xtec.cat\/iespolinya\/portada\/jornada-25n\/","title":{"rendered":"JORNADA 25N"},"content":{"rendered":"<p><a href=\"https:\/\/agora.xtec.cat\/iespolinya\/wp-content\/uploads\/usu392\/2024\/12\/Imatge-de-WhatsApp-2024-12-02-a-les-14.21.53_7d7d9864.jpg\"><img loading=\"lazy\" decoding=\"async\" class=\"wp-image-6044 alignleft\" src=\"https:\/\/agora.xtec.cat\/iespolinya\/wp-content\/uploads\/usu392\/2024\/12\/Imatge-de-WhatsApp-2024-12-02-a-les-14.21.53_7d7d9864-1024x768.jpg\" alt=\"\" width=\"430\" height=\"322\" srcset=\"https:\/\/agora.xtec.cat\/iespolinya\/wp-content\/uploads\/usu392\/2024\/12\/Imatge-de-WhatsApp-2024-12-02-a-les-14.21.53_7d7d9864-1024x768.jpg 1024w, https:\/\/agora.xtec.cat\/iespolinya\/wp-content\/uploads\/usu392\/2024\/12\/Imatge-de-WhatsApp-2024-12-02-a-les-14.21.53_7d7d9864-300x225.jpg 300w, https:\/\/agora.xtec.cat\/iespolinya\/wp-content\/uploads\/usu392\/2024\/12\/Imatge-de-WhatsApp-2024-12-02-a-les-14.21.53_7d7d9864-768x576.jpg 768w, https:\/\/agora.xtec.cat\/iespolinya\/wp-content\/uploads\/usu392\/2024\/12\/Imatge-de-WhatsApp-2024-12-02-a-les-14.21.53_7d7d9864-1536x1152.jpg 1536w, https:\/\/agora.xtec.cat\/iespolinya\/wp-content\/uploads\/usu392\/2024\/12\/Imatge-de-WhatsApp-2024-12-02-a-les-14.21.53_7d7d9864-200x150.jpg 200w, https:\/\/agora.xtec.cat\/iespolinya\/wp-content\/uploads\/usu392\/2024\/12\/Imatge-de-WhatsApp-2024-12-02-a-les-14.21.53_7d7d9864.jpg 1600w\" sizes=\"auto, (max-width: 430px) 100vw, 430px\" \/><\/a>El passat 23 de novembre l&#8217;Institut Poliny\u00e0 va endegar un reguitzell d&#8217;activitats entorn la jornada del 25N, Dia Internacional per l&#8217;Erradicaci\u00f3 de la Viol\u00e8ncia vers les Dones.<\/p>\n<p>L&#8217;alumnat vinculat a les trobades de La Xarxa va preparar i liderar Punts Liles informatius i diferents din\u00e0miques per a la resta dels membres de l&#8217;institut. Igualment, l&#8217;Espai Jove va participar activament de la jornada dinamitzant un Punt Lila i creant un mural col\u00b7laboratiu que s&#8217;exposar\u00e0 al Casal.<\/p>\n<p>Tamb\u00e9, es va exposar l&#8217;acci\u00f3 art\u00edstica &#8220;Sabates vermelles&#8221; realitzada amb la col\u00b7laboraci\u00f3 de l&#8217;alumnat i el professorat.<\/p>\n<p>Altres activitats que tindran lloc per commemorar aquesta jornada s\u00f3n la votaci\u00f3 de can\u00e7ons amb perspectiva de g\u00e8nere que sonaran a l&#8217;institut, l&#8217;inici d&#8217;una lliga mixta de dodgebol i la realitzaci\u00f3 d&#8217;un partit de voleibol mixt per part del professorat.<\/p>\n<p>Entre tots i totes fem un institut sense viol\u00e8ncies!<\/p>\n<p>&nbsp;<\/p>\n<p><a href=\"https:\/\/drive.google.com\/file\/d\/13pMxAKUg5jpMn_5hmlB2uRI04yicK9Ld\/view?usp=sharing\" target=\"_blank\" rel=\"noopener\"><img loading=\"lazy\" decoding=\"async\" class=\"aligncenter wp-image-6043\" src=\"https:\/\/agora.xtec.cat\/iespolinya\/wp-content\/uploads\/usu392\/2024\/12\/Captura-de-pantalla-2024-12-05-a-les-8.44.11-1024x574.png\" alt=\"\" width=\"691\" height=\"387\" srcset=\"https:\/\/agora.xtec.cat\/iespolinya\/wp-content\/uploads\/usu392\/2024\/12\/Captura-de-pantalla-2024-12-05-a-les-8.44.11-1024x574.png 1024w, https:\/\/agora.xtec.cat\/iespolinya\/wp-content\/uploads\/usu392\/2024\/12\/Captura-de-pantalla-2024-12-05-a-les-8.44.11-300x168.png 300w, https:\/\/agora.xtec.cat\/iespolinya\/wp-content\/uploads\/usu392\/2024\/12\/Captura-de-pantalla-2024-12-05-a-les-8.44.11-768x430.png 768w, https:\/\/agora.xtec.cat\/iespolinya\/wp-content\/uploads\/usu392\/2024\/12\/Captura-de-pantalla-2024-12-05-a-les-8.44.11-1536x861.png 1536w, https:\/\/agora.xtec.cat\/iespolinya\/wp-content\/uploads\/usu392\/2024\/12\/Captura-de-pantalla-2024-12-05-a-les-8.44.11-2048x1148.png 2048w\" sizes=\"auto, (max-width: 691px) 100vw, 691px\" \/><\/a><\/p>\n","protected":false},"excerpt":{"rendered":"<p>El passat 23 de novembre l&#8217;Institut Poliny\u00e0 va endegar un reguitzell d&#8217;activitats entorn la jornada del 25N, Dia Internacional per l&#8217;Erradicaci\u00f3 de la Viol\u00e8ncia vers les Dones. L&#8217;alumnat vinculat a les trobades de La Xarxa va preparar i liderar Punts Liles informatius i diferents din\u00e0miques per a la resta dels membres de l&#8217;institut. Igualment, l&#8217;Espai [&hellip;]<\/p>\n","protected":false},"author":1,"featured_media":0,"comment_status":"open","ping_status":"closed","sticky":false,"template":"","format":"standard","meta":{"_bbp_topic_count":0,"_bbp_reply_count":0,"_bbp_total_topic_count":0,"_bbp_total_reply_count":0,"_bbp_voice_count":0,"_bbp_anonymous_reply_count":0,"_bbp_topic_count_hidden":0,"_bbp_reply_count_hidden":0,"_bbp_forum_subforum_count":0,"site-sidebar-layout":"default","site-content-layout":"","ast-site-content-layout":"","site-content-style":"default","site-sidebar-style":"default","ast-global-header-display":"","ast-banner-title-visibility":"","ast-main-header-display":"","ast-hfb-above-header-display":"","ast-hfb-below-header-display":"","ast-hfb-mobile-header-display":"","site-post-title":"","ast-breadcrumbs-content":"","ast-featured-img":"","footer-sml-layout":"","theme-transparent-header-meta":"","adv-header-id-meta":"","stick-header-meta":"","header-above-stick-meta":"","header-main-stick-meta":"","header-below-stick-meta":"","astra-migrate-meta-layouts":"default","ast-page-background-enabled":"default","ast-page-background-meta":{"desktop":{"background-color":"var(--ast-global-color-4)","background-image":"","background-repeat":"repeat","background-position":"center center","background-size":"auto","background-attachment":"scroll","background-type":"","background-media":"","overlay-type":"","overlay-color":"","overlay-opacity":"","overlay-gradient":""},"tablet":{"background-color":"","background-image":"","background-repeat":"repeat","background-position":"center center","background-size":"auto","background-attachment":"scroll","background-type":"","background-media":"","overlay-type":"","overlay-color":"","overlay-opacity":"","overlay-gradient":""},"mobile":{"background-color":"","background-image":"","background-repeat":"repeat","background-position":"center center","background-size":"auto","background-attachment":"scroll","background-type":"","background-media":"","overlay-type":"","overlay-color":"","overlay-opacity":"","overlay-gradient":""}},"ast-content-background-meta":{"desktop":{"background-color":"var(--ast-global-color-5)","background-image":"","background-repeat":"repeat","background-position":"center center","background-size":"auto","background-attachment":"scroll","background-type":"","background-media":"","overlay-type":"","overlay-color":"","overlay-opacity":"","overlay-gradient":""},"tablet":{"background-color":"var(--ast-global-color-5)","background-image":"","background-repeat":"repeat","background-position":"center center","background-size":"auto","background-attachment":"scroll","background-type":"","background-media":"","overlay-type":"","overlay-color":"","overlay-opacity":"","overlay-gradient":""},"mobile":{"background-color":"var(--ast-global-color-5)","background-image":"","background-repeat":"repeat","background-position":"center center","background-size":"auto","background-attachment":"scroll","background-type":"","background-media":"","overlay-type":"","overlay-color":"","overlay-opacity":"","overlay-gradient":""}},"footnotes":""},"categories":[188,29],"tags":[],"class_list":["post-6042","post","type-post","status-publish","format-standard","hentry","category-lila","category-portada"],"post_mailing_queue_ids":[],"_links":{"self":[{"href":"https:\/\/agora.xtec.cat\/iespolinya\/wp-json\/wp\/v2\/posts\/6042","targetHints":{"allow":["GET"]}}],"collection":[{"href":"https:\/\/agora.xtec.cat\/iespolinya\/wp-json\/wp\/v2\/posts"}],"about":[{"href":"https:\/\/agora.xtec.cat\/iespolinya\/wp-json\/wp\/v2\/types\/post"}],"author":[{"embeddable":true,"href":"https:\/\/agora.xtec.cat\/iespolinya\/wp-json\/wp\/v2\/users\/1"}],"replies":[{"embeddable":true,"href":"https:\/\/agora.xtec.cat\/iespolinya\/wp-json\/wp\/v2\/comments?post=6042"}],"version-history":[{"count":2,"href":"https:\/\/agora.xtec.cat\/iespolinya\/wp-json\/wp\/v2\/posts\/6042\/revisions"}],"predecessor-version":[{"id":6046,"href":"https:\/\/agora.xtec.cat\/iespolinya\/wp-json\/wp\/v2\/posts\/6042\/revisions\/6046"}],"wp:attachment":[{"href":"https:\/\/agora.xtec.cat\/iespolinya\/wp-json\/wp\/v2\/media?parent=6042"}],"wp:term":[{"taxonomy":"category","embeddable":true,"href":"https:\/\/agora.xtec.cat\/iespolinya\/wp-json\/wp\/v2\/categories?post=6042"},{"taxonomy":"post_tag","embeddable":true,"href":"https:\/\/agora.xtec.cat\/iespolinya\/wp-json\/wp\/v2\/tags?post=6042"}],"curies":[{"name":"wp","href":"https:\/\/api.w.org\/{rel}","templated":true}]}}