{"id":5751,"date":"2023-11-19T11:28:14","date_gmt":"2023-11-19T10:28:14","guid":{"rendered":"https:\/\/agora.xtec.cat\/iespolinya\/?p=5751"},"modified":"2024-01-19T11:37:47","modified_gmt":"2024-01-19T10:37:47","slug":"dia-de-la-ciencia","status":"publish","type":"post","link":"https:\/\/agora.xtec.cat\/iespolinya\/general\/dia-de-la-ciencia\/","title":{"rendered":"DIA DE LA CI\u00c8NCIA"},"content":{"rendered":"<p>El dia 10 de novembre els alumnes de 2n d&#8217;ESO van celebrar el dia de la ci\u00e8ncia, amb diferents activitats relacionades amb la ci\u00e8ncia, com per exemple &#8220;mystery&#8217;s boxes&#8221; per treballar el m\u00e8tode cient\u00edfic, la tinta m\u00e0gica per treballar el concepte \u00e0cid\/base,<\/p>\n<p>hist\u00f2ria de diferents cient\u00edfics, la descoberta de diferents aven\u00e7os al llarg de la hist\u00f2ria, classificaci\u00f3 de fulles segons morfologia, dibuix d&#8217;il\u00b7lustraci\u00f3 cient\u00edfica, criptografies, etc&#8230;<\/p>\n<p><a href=\"https:\/\/drive.google.com\/file\/d\/1jHVQWa1K_Gp80i2ShO55zPJ5FBj2r0kH\/view?usp=sharing\"><img loading=\"lazy\" decoding=\"async\" class=\"aligncenter wp-image-5752\" src=\"https:\/\/agora.xtec.cat\/iespolinya\/wp-content\/uploads\/usu392\/2024\/01\/Captura-de-pantalla-2024-01-19-a-les-11.31.10-1024x519.png\" alt=\"\" width=\"759\" height=\"385\" srcset=\"https:\/\/agora.xtec.cat\/iespolinya\/wp-content\/uploads\/usu392\/2024\/01\/Captura-de-pantalla-2024-01-19-a-les-11.31.10-1024x519.png 1024w, https:\/\/agora.xtec.cat\/iespolinya\/wp-content\/uploads\/usu392\/2024\/01\/Captura-de-pantalla-2024-01-19-a-les-11.31.10-300x152.png 300w, https:\/\/agora.xtec.cat\/iespolinya\/wp-content\/uploads\/usu392\/2024\/01\/Captura-de-pantalla-2024-01-19-a-les-11.31.10-768x390.png 768w, https:\/\/agora.xtec.cat\/iespolinya\/wp-content\/uploads\/usu392\/2024\/01\/Captura-de-pantalla-2024-01-19-a-les-11.31.10-1536x779.png 1536w, https:\/\/agora.xtec.cat\/iespolinya\/wp-content\/uploads\/usu392\/2024\/01\/Captura-de-pantalla-2024-01-19-a-les-11.31.10.png 1920w\" sizes=\"auto, (max-width: 759px) 100vw, 759px\" \/><\/a><\/p>\n","protected":false},"excerpt":{"rendered":"<p>El dia 10 de novembre els alumnes de 2n d&#8217;ESO van celebrar el dia de la ci\u00e8ncia, amb diferents activitats relacionades amb la ci\u00e8ncia, com per exemple &#8220;mystery&#8217;s boxes&#8221; per treballar el m\u00e8tode cient\u00edfic, la tinta m\u00e0gica per treballar el concepte \u00e0cid\/base, hist\u00f2ria de diferents cient\u00edfics, la descoberta de diferents aven\u00e7os al llarg de la [&hellip;]<\/p>\n","protected":false},"author":1,"featured_media":0,"comment_status":"open","ping_status":"closed","sticky":false,"template":"","format":"standard","meta":{"_bbp_topic_count":0,"_bbp_reply_count":0,"_bbp_total_topic_count":0,"_bbp_total_reply_count":0,"_bbp_voice_count":0,"_bbp_anonymous_reply_count":0,"_bbp_topic_count_hidden":0,"_bbp_reply_count_hidden":0,"_bbp_forum_subforum_count":0,"site-sidebar-layout":"default","site-content-layout":"","ast-site-content-layout":"","site-content-style":"default","site-sidebar-style":"default","ast-global-header-display":"","ast-banner-title-visibility":"","ast-main-header-display":"","ast-hfb-above-header-display":"","ast-hfb-below-header-display":"","ast-hfb-mobile-header-display":"","site-post-title":"","ast-breadcrumbs-content":"","ast-featured-img":"","footer-sml-layout":"","theme-transparent-header-meta":"","adv-header-id-meta":"","stick-header-meta":"","header-above-stick-meta":"","header-main-stick-meta":"","header-below-stick-meta":"","astra-migrate-meta-layouts":"default","ast-page-background-enabled":"default","ast-page-background-meta":{"desktop":{"background-color":"var(--ast-global-color-4)","background-image":"","background-repeat":"repeat","background-position":"center center","background-size":"auto","background-attachment":"scroll","background-type":"","background-media":"","overlay-type":"","overlay-color":"","overlay-opacity":"","overlay-gradient":""},"tablet":{"background-color":"","background-image":"","background-repeat":"repeat","background-position":"center center","background-size":"auto","background-attachment":"scroll","background-type":"","background-media":"","overlay-type":"","overlay-color":"","overlay-opacity":"","overlay-gradient":""},"mobile":{"background-color":"","background-image":"","background-repeat":"repeat","background-position":"center center","background-size":"auto","background-attachment":"scroll","background-type":"","background-media":"","overlay-type":"","overlay-color":"","overlay-opacity":"","overlay-gradient":""}},"ast-content-background-meta":{"desktop":{"background-color":"var(--ast-global-color-5)","background-image":"","background-repeat":"repeat","background-position":"center center","background-size":"auto","background-attachment":"scroll","background-type":"","background-media":"","overlay-type":"","overlay-color":"","overlay-opacity":"","overlay-gradient":""},"tablet":{"background-color":"var(--ast-global-color-5)","background-image":"","background-repeat":"repeat","background-position":"center center","background-size":"auto","background-attachment":"scroll","background-type":"","background-media":"","overlay-type":"","overlay-color":"","overlay-opacity":"","overlay-gradient":""},"mobile":{"background-color":"var(--ast-global-color-5)","background-image":"","background-repeat":"repeat","background-position":"center center","background-size":"auto","background-attachment":"scroll","background-type":"","background-media":"","overlay-type":"","overlay-color":"","overlay-opacity":"","overlay-gradient":""}},"footnotes":""},"categories":[1,29],"tags":[],"class_list":["post-5751","post","type-post","status-publish","format-standard","hentry","category-general","category-portada"],"post_mailing_queue_ids":[],"_links":{"self":[{"href":"https:\/\/agora.xtec.cat\/iespolinya\/wp-json\/wp\/v2\/posts\/5751","targetHints":{"allow":["GET"]}}],"collection":[{"href":"https:\/\/agora.xtec.cat\/iespolinya\/wp-json\/wp\/v2\/posts"}],"about":[{"href":"https:\/\/agora.xtec.cat\/iespolinya\/wp-json\/wp\/v2\/types\/post"}],"author":[{"embeddable":true,"href":"https:\/\/agora.xtec.cat\/iespolinya\/wp-json\/wp\/v2\/users\/1"}],"replies":[{"embeddable":true,"href":"https:\/\/agora.xtec.cat\/iespolinya\/wp-json\/wp\/v2\/comments?post=5751"}],"version-history":[{"count":1,"href":"https:\/\/agora.xtec.cat\/iespolinya\/wp-json\/wp\/v2\/posts\/5751\/revisions"}],"predecessor-version":[{"id":5753,"href":"https:\/\/agora.xtec.cat\/iespolinya\/wp-json\/wp\/v2\/posts\/5751\/revisions\/5753"}],"wp:attachment":[{"href":"https:\/\/agora.xtec.cat\/iespolinya\/wp-json\/wp\/v2\/media?parent=5751"}],"wp:term":[{"taxonomy":"category","embeddable":true,"href":"https:\/\/agora.xtec.cat\/iespolinya\/wp-json\/wp\/v2\/categories?post=5751"},{"taxonomy":"post_tag","embeddable":true,"href":"https:\/\/agora.xtec.cat\/iespolinya\/wp-json\/wp\/v2\/tags?post=5751"}],"curies":[{"name":"wp","href":"https:\/\/api.w.org\/{rel}","templated":true}]}}