{"id":5345,"date":"2022-10-20T08:22:45","date_gmt":"2022-10-20T06:22:45","guid":{"rendered":"https:\/\/agora.xtec.cat\/iespolinya\/?p=5345"},"modified":"2023-02-09T11:50:40","modified_gmt":"2023-02-09T10:50:40","slug":"dia-europeu-de-les-llengues","status":"publish","type":"post","link":"https:\/\/agora.xtec.cat\/iespolinya\/general\/dia-europeu-de-les-llengues\/","title":{"rendered":"Dia Europeu de les Lleng\u00fces"},"content":{"rendered":"<h5 class=\"gmail_attr\"><b><span style=\"font-size: large;\">Dia Europeu de les Lleng\u00fces<\/span><\/b><\/h5>\n<div><\/div>\n<div class=\"gmail_attr\"><\/div>\n<p class=\"gmail_attr\">El dia 26 de setembre es celebra el Dia Europeu de les Lleng\u00fces.\u00a0Conven\u00e7uts que la diversitat ling\u00fc\u00edstica \u00e9s una eina per a aconseguir una major comprensi\u00f3 intercultural i un element clau en la rica her\u00e8ncia cultural del nostre continent,<br \/>\nel Consell d\u2019Europa promou el pluriling\u00fcisme a tot Europa. I nosaltres ens vam voler unir a aquesta celebraci\u00f3. \u00c9s per aix\u00f2 que, per tal de commemorar aquesta efem\u00e8ride, l\u2019alumnat del centre va realitzar diverses activitats al llarg de la setmana.<\/p>\n<p>&nbsp;<\/p>\n<p>A primer d&#8217;ESO vam aprofitar per fer una din\u00e0mica de grup en la qual cada alumne tenia un fragment d&#8217;una can\u00e7\u00f3 de <i>Frozen<\/i> en diferents idiomes. Havien de trobar els companys que tenien el mateix idioma que ells i ordenar la can\u00e7\u00f3 per acabar cantant un fragment en cada idioma. El resultat ha estat aquest.<\/p>\n<!--[if lt IE 9]><script>document.createElement('audio');<\/script><![endif]-->\n<audio class=\"wp-audio-shortcode\" id=\"audio-5345-1\" preload=\"none\" style=\"width: 100%;\" controls=\"controls\"><source type=\"audio\/mpeg\" src=\"https:\/\/agora.xtec.cat\/iespolinya\/wp-content\/uploads\/usu392\/2022\/10\/1C-FROZEN.mp3?_=1\" \/><a href=\"https:\/\/agora.xtec.cat\/iespolinya\/wp-content\/uploads\/usu392\/2022\/10\/1C-FROZEN.mp3\">https:\/\/agora.xtec.cat\/iespolinya\/wp-content\/uploads\/usu392\/2022\/10\/1C-FROZEN.mp3<\/a><\/audio>\n<p class=\"gmail_attr\">Els alumnes de 2n d\u2019ESO van realitzar un projecte articulat des de les mat\u00e8ries de castell\u00e0, catal\u00e0 i angl\u00e8s. El repte va consistir en escenificar una pe\u00e7a teatral breu en clau c\u00f2mica en diferents lleng\u00fces europees. Partint d\u2019un text escrit en catal\u00e0, calia assignar una llengua europea a cada personatge que hi intervenia. Va ser una experi\u00e8ncia molt enriquidora i divertida!<\/p>\n<audio class=\"wp-audio-shortcode\" id=\"audio-5345-2\" preload=\"none\" style=\"width: 100%;\" controls=\"controls\"><source type=\"audio\/mpeg\" src=\"https:\/\/agora.xtec.cat\/iespolinya\/wp-content\/uploads\/usu392\/2022\/10\/Nueva-grabacion-4.m4a?_=2\" \/><a href=\"https:\/\/agora.xtec.cat\/iespolinya\/wp-content\/uploads\/usu392\/2022\/10\/Nueva-grabacion-4.m4a\">https:\/\/agora.xtec.cat\/iespolinya\/wp-content\/uploads\/usu392\/2022\/10\/Nueva-grabacion-4.m4a<\/a><\/audio>\n<div dir=\"ltr\">\n<p>Els alumnes de 3r van\u00a0treballar els\u00a0<b>alfabets cir\u00edl\u00b7lic\u00a0i grec<\/b>\u00a0a partir d&#8217;aquest p\u00f2ster. Els alumnes estaven motivats i va funcionar molt b\u00e9.<\/p>\n<\/div>\n<p><a href=\"https:\/\/agora.xtec.cat\/iespolinya\/wp-content\/uploads\/usu392\/2022\/10\/Alfabets-3r-ESO_diaeuropeullengues-copia.png\"><img loading=\"lazy\" decoding=\"async\" class=\"wp-image-5347 aligncenter\" src=\"https:\/\/agora.xtec.cat\/iespolinya\/wp-content\/uploads\/usu392\/2022\/10\/Alfabets-3r-ESO_diaeuropeullengues-copia-724x1024.png\" alt=\"\" width=\"600\" height=\"848\" srcset=\"https:\/\/agora.xtec.cat\/iespolinya\/wp-content\/uploads\/usu392\/2022\/10\/Alfabets-3r-ESO_diaeuropeullengues-copia-724x1024.png 724w, https:\/\/agora.xtec.cat\/iespolinya\/wp-content\/uploads\/usu392\/2022\/10\/Alfabets-3r-ESO_diaeuropeullengues-copia-212x300.png 212w, https:\/\/agora.xtec.cat\/iespolinya\/wp-content\/uploads\/usu392\/2022\/10\/Alfabets-3r-ESO_diaeuropeullengues-copia-768x1086.png 768w, https:\/\/agora.xtec.cat\/iespolinya\/wp-content\/uploads\/usu392\/2022\/10\/Alfabets-3r-ESO_diaeuropeullengues-copia-1086x1536.png 1086w, https:\/\/agora.xtec.cat\/iespolinya\/wp-content\/uploads\/usu392\/2022\/10\/Alfabets-3r-ESO_diaeuropeullengues-copia-1448x2048.png 1448w\" sizes=\"auto, (max-width: 600px) 100vw, 600px\" \/><\/a><\/p>\n<p>&nbsp;<\/p>\n","protected":false},"excerpt":{"rendered":"<p>Dia Europeu de les Lleng\u00fces El dia 26 de setembre es celebra el Dia Europeu de les Lleng\u00fces.\u00a0Conven\u00e7uts que la diversitat ling\u00fc\u00edstica \u00e9s una eina per a aconseguir una major comprensi\u00f3 intercultural i un element clau en la rica her\u00e8ncia cultural del nostre continent, el Consell d\u2019Europa promou el pluriling\u00fcisme a tot Europa. I nosaltres [&hellip;]<\/p>\n","protected":false},"author":1,"featured_media":5347,"comment_status":"open","ping_status":"closed","sticky":false,"template":"","format":"standard","meta":{"_bbp_topic_count":0,"_bbp_reply_count":0,"_bbp_total_topic_count":0,"_bbp_total_reply_count":0,"_bbp_voice_count":0,"_bbp_anonymous_reply_count":0,"_bbp_topic_count_hidden":0,"_bbp_reply_count_hidden":0,"_bbp_forum_subforum_count":0,"site-sidebar-layout":"default","site-content-layout":"","ast-site-content-layout":"","site-content-style":"default","site-sidebar-style":"default","ast-global-header-display":"","ast-banner-title-visibility":"","ast-main-header-display":"","ast-hfb-above-header-display":"","ast-hfb-below-header-display":"","ast-hfb-mobile-header-display":"","site-post-title":"","ast-breadcrumbs-content":"","ast-featured-img":"","footer-sml-layout":"","theme-transparent-header-meta":"","adv-header-id-meta":"","stick-header-meta":"","header-above-stick-meta":"","header-main-stick-meta":"","header-below-stick-meta":"","astra-migrate-meta-layouts":"default","ast-page-background-enabled":"default","ast-page-background-meta":{"desktop":{"background-color":"var(--ast-global-color-4)","background-image":"","background-repeat":"repeat","background-position":"center center","background-size":"auto","background-attachment":"scroll","background-type":"","background-media":"","overlay-type":"","overlay-color":"","overlay-opacity":"","overlay-gradient":""},"tablet":{"background-color":"","background-image":"","background-repeat":"repeat","background-position":"center center","background-size":"auto","background-attachment":"scroll","background-type":"","background-media":"","overlay-type":"","overlay-color":"","overlay-opacity":"","overlay-gradient":""},"mobile":{"background-color":"","background-image":"","background-repeat":"repeat","background-position":"center center","background-size":"auto","background-attachment":"scroll","background-type":"","background-media":"","overlay-type":"","overlay-color":"","overlay-opacity":"","overlay-gradient":""}},"ast-content-background-meta":{"desktop":{"background-color":"var(--ast-global-color-5)","background-image":"","background-repeat":"repeat","background-position":"center center","background-size":"auto","background-attachment":"scroll","background-type":"","background-media":"","overlay-type":"","overlay-color":"","overlay-opacity":"","overlay-gradient":""},"tablet":{"background-color":"var(--ast-global-color-5)","background-image":"","background-repeat":"repeat","background-position":"center center","background-size":"auto","background-attachment":"scroll","background-type":"","background-media":"","overlay-type":"","overlay-color":"","overlay-opacity":"","overlay-gradient":""},"mobile":{"background-color":"var(--ast-global-color-5)","background-image":"","background-repeat":"repeat","background-position":"center center","background-size":"auto","background-attachment":"scroll","background-type":"","background-media":"","overlay-type":"","overlay-color":"","overlay-opacity":"","overlay-gradient":""}},"footnotes":""},"categories":[1,29],"tags":[],"class_list":["post-5345","post","type-post","status-publish","format-standard","has-post-thumbnail","hentry","category-general","category-portada"],"post_mailing_queue_ids":[],"_links":{"self":[{"href":"https:\/\/agora.xtec.cat\/iespolinya\/wp-json\/wp\/v2\/posts\/5345","targetHints":{"allow":["GET"]}}],"collection":[{"href":"https:\/\/agora.xtec.cat\/iespolinya\/wp-json\/wp\/v2\/posts"}],"about":[{"href":"https:\/\/agora.xtec.cat\/iespolinya\/wp-json\/wp\/v2\/types\/post"}],"author":[{"embeddable":true,"href":"https:\/\/agora.xtec.cat\/iespolinya\/wp-json\/wp\/v2\/users\/1"}],"replies":[{"embeddable":true,"href":"https:\/\/agora.xtec.cat\/iespolinya\/wp-json\/wp\/v2\/comments?post=5345"}],"version-history":[{"count":3,"href":"https:\/\/agora.xtec.cat\/iespolinya\/wp-json\/wp\/v2\/posts\/5345\/revisions"}],"predecessor-version":[{"id":5353,"href":"https:\/\/agora.xtec.cat\/iespolinya\/wp-json\/wp\/v2\/posts\/5345\/revisions\/5353"}],"wp:featuredmedia":[{"embeddable":true,"href":"https:\/\/agora.xtec.cat\/iespolinya\/wp-json\/wp\/v2\/media\/5347"}],"wp:attachment":[{"href":"https:\/\/agora.xtec.cat\/iespolinya\/wp-json\/wp\/v2\/media?parent=5345"}],"wp:term":[{"taxonomy":"category","embeddable":true,"href":"https:\/\/agora.xtec.cat\/iespolinya\/wp-json\/wp\/v2\/categories?post=5345"},{"taxonomy":"post_tag","embeddable":true,"href":"https:\/\/agora.xtec.cat\/iespolinya\/wp-json\/wp\/v2\/tags?post=5345"}],"curies":[{"name":"wp","href":"https:\/\/api.w.org\/{rel}","templated":true}]}}