{"id":524,"date":"2015-10-28T09:29:04","date_gmt":"2015-10-28T08:29:04","guid":{"rendered":"http:\/\/agora.xtec.cat\/iespolinya\/?p=524"},"modified":"2019-11-17T16:40:55","modified_gmt":"2019-11-17T15:40:55","slug":"jornades-europees-de-patrimoni","status":"publish","type":"post","link":"https:\/\/agora.xtec.cat\/iespolinya\/general\/jornades-europees-de-patrimoni\/","title":{"rendered":"Jornades Europees de Patrimoni"},"content":{"rendered":"<p dir=\"ltr\"><span class=\"\"><span style=\"font-size: large;\">Fa unes setmanes es varen celebrar arreu les\u00a0<a href=\"http:\/\/patrimoni.gencat.cat\/ca\/JEP\" target=\"_blank\" rel=\"noopener noreferrer\">Jornades Europees de Patrimoni<\/a>, dedicades enguany a la difusi\u00f3 del patrimoni industrial. En el marc d&#8217;aquestes celebracions<br \/>\n<!--more-->el passat dijous 8 d&#8217;octubre un grup d&#8217;alumnes de l&#8217;institut van presentar la feina realitzada el curs passat a l&#8217;institut amb la comunicaci\u00f3 de t\u00edtol<\/span><\/span><\/p>\n<p dir=\"ltr\"><span style=\"font-size: large;\"><a href=\"https:\/\/docs.google.com\/presentation\/d\/1PQSg4EzYGabI7okkSQ8J6bIXtTmH03YRjGJCDZTShho\/edit?usp=sharing\" target=\"_blank\" rel=\"noopener noreferrer\">DE LA F\u00c0BRICA GUERIN, AL SEMINARI DE BARCELONA: cinquanta anys de<\/a>\u00a0<\/span><span style=\"font-size: large;\"><a href=\"https:\/\/docs.google.com\/presentation\/d\/1PQSg4EzYGabI7okkSQ8J6bIXtTmH03YRjGJCDZTShho\/edit?usp=sharing\" target=\"_blank\" rel=\"noopener noreferrer\">la trobada del mastodont de Poliny\u00e0.<\/a><\/span><\/p>\n<p>Tots els assistents vam gaudir amb l&#8217;exposici\u00f3 que l&#8217;Andrea, l&#8217;Arnau, l&#8217;Ant\u00f2nio, l&#8217;H\u00e8ctor i l&#8217;\u00d2scar ens van oferir sobre les circumst\u00e0ncies de la troballa del mastodont de<\/p>\n<div>\n<div class=\"gmail_default\">\u200b \u200b<\/div>\n<div class=\"gmail_default\">Poliny\u00e0, quan la industrialitzaci\u00f3 arrencava en el nostre poble.<\/div>\n<\/div>\n<div><\/div>\n<div>\u200b<span style=\"font-family: verdana, sans-serif;\">Enhorabona !<\/span><\/div>\n<div><\/div>\n<div>\u00a0<a href=\"https:\/\/picasaweb.google.com\/103199970960612226430\/PRESENTACIOMASTODONT?authuser=0&amp;feat=directlink\"><img loading=\"lazy\" decoding=\"async\" class=\"alignnone size-large wp-image-553\" src=\"http:\/\/agora.xtec.cat\/iespolinya\/wp-content\/uploads\/usu392\/2015\/10\/DSC08751-1024x768.jpg\" alt=\"DSC08751\" width=\"1024\" height=\"768\" srcset=\"https:\/\/agora.xtec.cat\/iespolinya\/wp-content\/uploads\/usu392\/2015\/10\/DSC08751.jpg 1024w, https:\/\/agora.xtec.cat\/iespolinya\/wp-content\/uploads\/usu392\/2015\/10\/DSC08751-300x225.jpg 300w, https:\/\/agora.xtec.cat\/iespolinya\/wp-content\/uploads\/usu392\/2015\/10\/DSC08751-200x150.jpg 200w\" sizes=\"auto, (max-width: 1024px) 100vw, 1024px\" \/><\/a><\/div>\n","protected":false},"excerpt":{"rendered":"<p>Fa unes setmanes es varen celebrar arreu les Jornades Europees de Patrimoni, dedicades enguany a la difusi\u00f3 del patrimoni industrial<\/p>\n","protected":false},"author":1,"featured_media":553,"comment_status":"open","ping_status":"closed","sticky":false,"template":"","format":"standard","meta":{"_bbp_topic_count":0,"_bbp_reply_count":0,"_bbp_total_topic_count":0,"_bbp_total_reply_count":0,"_bbp_voice_count":0,"_bbp_anonymous_reply_count":0,"_bbp_topic_count_hidden":0,"_bbp_reply_count_hidden":0,"_bbp_forum_subforum_count":0,"site-sidebar-layout":"default","site-content-layout":"","ast-site-content-layout":"","site-content-style":"default","site-sidebar-style":"default","ast-global-header-display":"","ast-banner-title-visibility":"","ast-main-header-display":"","ast-hfb-above-header-display":"","ast-hfb-below-header-display":"","ast-hfb-mobile-header-display":"","site-post-title":"","ast-breadcrumbs-content":"","ast-featured-img":"","footer-sml-layout":"","theme-transparent-header-meta":"","adv-header-id-meta":"","stick-header-meta":"","header-above-stick-meta":"","header-main-stick-meta":"","header-below-stick-meta":"","astra-migrate-meta-layouts":"default","ast-page-background-enabled":"default","ast-page-background-meta":{"desktop":{"background-color":"var(--ast-global-color-4)","background-image":"","background-repeat":"repeat","background-position":"center center","background-size":"auto","background-attachment":"scroll","background-type":"","background-media":"","overlay-type":"","overlay-color":"","overlay-opacity":"","overlay-gradient":""},"tablet":{"background-color":"","background-image":"","background-repeat":"repeat","background-position":"center center","background-size":"auto","background-attachment":"scroll","background-type":"","background-media":"","overlay-type":"","overlay-color":"","overlay-opacity":"","overlay-gradient":""},"mobile":{"background-color":"","background-image":"","background-repeat":"repeat","background-position":"center center","background-size":"auto","background-attachment":"scroll","background-type":"","background-media":"","overlay-type":"","overlay-color":"","overlay-opacity":"","overlay-gradient":""}},"ast-content-background-meta":{"desktop":{"background-color":"var(--ast-global-color-5)","background-image":"","background-repeat":"repeat","background-position":"center center","background-size":"auto","background-attachment":"scroll","background-type":"","background-media":"","overlay-type":"","overlay-color":"","overlay-opacity":"","overlay-gradient":""},"tablet":{"background-color":"var(--ast-global-color-5)","background-image":"","background-repeat":"repeat","background-position":"center center","background-size":"auto","background-attachment":"scroll","background-type":"","background-media":"","overlay-type":"","overlay-color":"","overlay-opacity":"","overlay-gradient":""},"mobile":{"background-color":"var(--ast-global-color-5)","background-image":"","background-repeat":"repeat","background-position":"center center","background-size":"auto","background-attachment":"scroll","background-type":"","background-media":"","overlay-type":"","overlay-color":"","overlay-opacity":"","overlay-gradient":""}},"footnotes":""},"categories":[7,1,29],"tags":[83,43,44],"class_list":["post-524","post","type-post","status-publish","format-standard","has-post-thumbnail","hentry","category-eso-4","category-general","category-portada","tag-eso","tag-expressio-oral","tag-xerrades"],"post_mailing_queue_ids":[],"_links":{"self":[{"href":"https:\/\/agora.xtec.cat\/iespolinya\/wp-json\/wp\/v2\/posts\/524","targetHints":{"allow":["GET"]}}],"collection":[{"href":"https:\/\/agora.xtec.cat\/iespolinya\/wp-json\/wp\/v2\/posts"}],"about":[{"href":"https:\/\/agora.xtec.cat\/iespolinya\/wp-json\/wp\/v2\/types\/post"}],"author":[{"embeddable":true,"href":"https:\/\/agora.xtec.cat\/iespolinya\/wp-json\/wp\/v2\/users\/1"}],"replies":[{"embeddable":true,"href":"https:\/\/agora.xtec.cat\/iespolinya\/wp-json\/wp\/v2\/comments?post=524"}],"version-history":[{"count":3,"href":"https:\/\/agora.xtec.cat\/iespolinya\/wp-json\/wp\/v2\/posts\/524\/revisions"}],"predecessor-version":[{"id":3618,"href":"https:\/\/agora.xtec.cat\/iespolinya\/wp-json\/wp\/v2\/posts\/524\/revisions\/3618"}],"wp:featuredmedia":[{"embeddable":true,"href":"https:\/\/agora.xtec.cat\/iespolinya\/wp-json\/wp\/v2\/media\/553"}],"wp:attachment":[{"href":"https:\/\/agora.xtec.cat\/iespolinya\/wp-json\/wp\/v2\/media?parent=524"}],"wp:term":[{"taxonomy":"category","embeddable":true,"href":"https:\/\/agora.xtec.cat\/iespolinya\/wp-json\/wp\/v2\/categories?post=524"},{"taxonomy":"post_tag","embeddable":true,"href":"https:\/\/agora.xtec.cat\/iespolinya\/wp-json\/wp\/v2\/tags?post=524"}],"curies":[{"name":"wp","href":"https:\/\/api.w.org\/{rel}","templated":true}]}}