{"id":5228,"date":"2022-05-31T12:15:35","date_gmt":"2022-05-31T10:15:35","guid":{"rendered":"https:\/\/agora.xtec.cat\/iespolinya\/?p=5228"},"modified":"2022-05-31T12:18:10","modified_gmt":"2022-05-31T10:18:10","slug":"difonem-patrimoni-2021-22","status":"publish","type":"post","link":"https:\/\/agora.xtec.cat\/iespolinya\/general\/difonem-patrimoni-2021-22\/","title":{"rendered":"DIFONEM PATRIMONI  2021-22"},"content":{"rendered":"<p><span style=\"font-weight: 400;\">Enguany hem repr\u00e8s les activitats de difusi\u00f3 del nostre patrimoni amb l\u2019alumnat de 6\u00e8 d\u2019E. P. de les tres escoles del municipi.<\/span><\/p>\n<p><span style=\"font-weight: 400;\">Com ja \u00e9s habitual, alumnes de 3r d\u2019ESO acompanyen l\u2019alumnat de 6\u00e8 de prim\u00e0ria a una <\/span><a href=\"https:\/\/drive.google.com\/file\/d\/1m3YB6Q1jpm7Re50B6crmK3QiMvC8RQqK\/view?usp=sharing\"><span style=\"font-weight: 400;\">visita a\u00a0 l\u2019esgl\u00e9sia rom\u00e0nica<\/span><\/a><span style=\"font-weight: 400;\"> on es treballa el context hist\u00f2ric de Poliny\u00e0 a l\u2019Edat Mitjana, l\u2019arquitectura rom\u00e0nica i les pintures murals (t\u00e8cniques i iconografia). La visita acaba amb un taller de pintura amb la portalada de Sant Salvador com a marc incomparable.<\/span><\/p>\n<p><span style=\"font-weight: 400;\">El valor afegit de l\u2019activitat \u00e9s la creaci\u00f3 d\u2019un espai d&#8217;intercanvi cultural on els alumnes de secund\u00e0ria treballen les seves habilitats comunicatives i els alumnes de prim\u00e0ria identifiquen i descobreixen el seu passat hist\u00f2ric. Tot plegat, \u00e9s una experi\u00e8ncia enriquidora per a tots els participants.<\/span><\/p>\n<p><span style=\"font-weight: 400;\">Animem a tothom a con\u00e8ixer, estimar i conservar el nostre patrimoni.<\/span><\/p>\n<div class=\"ast-oembed-container \" style=\"height: 100%;\"><iframe loading=\"lazy\" title=\"Pintem el roma\u0300nic\" width=\"500\" height=\"281\" src=\"https:\/\/www.youtube.com\/embed\/o32J4ZCN0G8?feature=oembed\" frameborder=\"0\" allow=\"accelerometer; autoplay; clipboard-write; encrypted-media; gyroscope; picture-in-picture; web-share\" referrerpolicy=\"strict-origin-when-cross-origin\" allowfullscreen><\/iframe><\/div>\n<p>&nbsp;<\/p>\n<p><br style=\"font-weight: 400;\" \/><br style=\"font-weight: 400;\" \/><\/p>\n","protected":false},"excerpt":{"rendered":"<p>Enguany hem repr\u00e8s les activitats de difusi\u00f3 del nostre patrimoni amb l\u2019alumnat de 6\u00e8 d\u2019E. P. de les tres escoles del municipi. Com ja \u00e9s habitual, alumnes de 3r d\u2019ESO acompanyen l\u2019alumnat de 6\u00e8 de prim\u00e0ria a una visita a\u00a0 l\u2019esgl\u00e9sia rom\u00e0nica on es treballa el context hist\u00f2ric de Poliny\u00e0 a l\u2019Edat Mitjana, l\u2019arquitectura rom\u00e0nica [&hellip;]<\/p>\n","protected":false},"author":1,"featured_media":5230,"comment_status":"open","ping_status":"closed","sticky":false,"template":"","format":"standard","meta":{"_bbp_topic_count":0,"_bbp_reply_count":0,"_bbp_total_topic_count":0,"_bbp_total_reply_count":0,"_bbp_voice_count":0,"_bbp_anonymous_reply_count":0,"_bbp_topic_count_hidden":0,"_bbp_reply_count_hidden":0,"_bbp_forum_subforum_count":0,"site-sidebar-layout":"default","site-content-layout":"","ast-site-content-layout":"","site-content-style":"default","site-sidebar-style":"default","ast-global-header-display":"","ast-banner-title-visibility":"","ast-main-header-display":"","ast-hfb-above-header-display":"","ast-hfb-below-header-display":"","ast-hfb-mobile-header-display":"","site-post-title":"","ast-breadcrumbs-content":"","ast-featured-img":"","footer-sml-layout":"","theme-transparent-header-meta":"","adv-header-id-meta":"","stick-header-meta":"","header-above-stick-meta":"","header-main-stick-meta":"","header-below-stick-meta":"","astra-migrate-meta-layouts":"default","ast-page-background-enabled":"default","ast-page-background-meta":{"desktop":{"background-color":"var(--ast-global-color-4)","background-image":"","background-repeat":"repeat","background-position":"center center","background-size":"auto","background-attachment":"scroll","background-type":"","background-media":"","overlay-type":"","overlay-color":"","overlay-opacity":"","overlay-gradient":""},"tablet":{"background-color":"","background-image":"","background-repeat":"repeat","background-position":"center center","background-size":"auto","background-attachment":"scroll","background-type":"","background-media":"","overlay-type":"","overlay-color":"","overlay-opacity":"","overlay-gradient":""},"mobile":{"background-color":"","background-image":"","background-repeat":"repeat","background-position":"center center","background-size":"auto","background-attachment":"scroll","background-type":"","background-media":"","overlay-type":"","overlay-color":"","overlay-opacity":"","overlay-gradient":""}},"ast-content-background-meta":{"desktop":{"background-color":"var(--ast-global-color-5)","background-image":"","background-repeat":"repeat","background-position":"center center","background-size":"auto","background-attachment":"scroll","background-type":"","background-media":"","overlay-type":"","overlay-color":"","overlay-opacity":"","overlay-gradient":""},"tablet":{"background-color":"var(--ast-global-color-5)","background-image":"","background-repeat":"repeat","background-position":"center center","background-size":"auto","background-attachment":"scroll","background-type":"","background-media":"","overlay-type":"","overlay-color":"","overlay-opacity":"","overlay-gradient":""},"mobile":{"background-color":"var(--ast-global-color-5)","background-image":"","background-repeat":"repeat","background-position":"center center","background-size":"auto","background-attachment":"scroll","background-type":"","background-media":"","overlay-type":"","overlay-color":"","overlay-opacity":"","overlay-gradient":""}},"footnotes":""},"categories":[175,1,29],"tags":[],"class_list":["post-5228","post","type-post","status-publish","format-standard","has-post-thumbnail","hentry","category-patrimoni","category-general","category-portada"],"post_mailing_queue_ids":[],"_links":{"self":[{"href":"https:\/\/agora.xtec.cat\/iespolinya\/wp-json\/wp\/v2\/posts\/5228","targetHints":{"allow":["GET"]}}],"collection":[{"href":"https:\/\/agora.xtec.cat\/iespolinya\/wp-json\/wp\/v2\/posts"}],"about":[{"href":"https:\/\/agora.xtec.cat\/iespolinya\/wp-json\/wp\/v2\/types\/post"}],"author":[{"embeddable":true,"href":"https:\/\/agora.xtec.cat\/iespolinya\/wp-json\/wp\/v2\/users\/1"}],"replies":[{"embeddable":true,"href":"https:\/\/agora.xtec.cat\/iespolinya\/wp-json\/wp\/v2\/comments?post=5228"}],"version-history":[{"count":2,"href":"https:\/\/agora.xtec.cat\/iespolinya\/wp-json\/wp\/v2\/posts\/5228\/revisions"}],"predecessor-version":[{"id":5231,"href":"https:\/\/agora.xtec.cat\/iespolinya\/wp-json\/wp\/v2\/posts\/5228\/revisions\/5231"}],"wp:featuredmedia":[{"embeddable":true,"href":"https:\/\/agora.xtec.cat\/iespolinya\/wp-json\/wp\/v2\/media\/5230"}],"wp:attachment":[{"href":"https:\/\/agora.xtec.cat\/iespolinya\/wp-json\/wp\/v2\/media?parent=5228"}],"wp:term":[{"taxonomy":"category","embeddable":true,"href":"https:\/\/agora.xtec.cat\/iespolinya\/wp-json\/wp\/v2\/categories?post=5228"},{"taxonomy":"post_tag","embeddable":true,"href":"https:\/\/agora.xtec.cat\/iespolinya\/wp-json\/wp\/v2\/tags?post=5228"}],"curies":[{"name":"wp","href":"https:\/\/api.w.org\/{rel}","templated":true}]}}