{"id":5217,"date":"2022-05-13T08:57:19","date_gmt":"2022-05-13T06:57:19","guid":{"rendered":"https:\/\/agora.xtec.cat\/iespolinya\/?p=5217"},"modified":"2022-05-13T08:57:19","modified_gmt":"2022-05-13T06:57:19","slug":"mirades-art-i-patrimoni","status":"publish","type":"post","link":"https:\/\/agora.xtec.cat\/iespolinya\/general\/mirades-art-i-patrimoni\/","title":{"rendered":"MIRADES: ART i PATRIMONI"},"content":{"rendered":"<p>Fa quatre anys que l\u2019Institut Poliny\u00e0, en el marc del Programa <strong><em>Apadrinem el nostre Patrimoni<\/em><\/strong>, ha endegat tot un seguit d\u2019accions per difondre els elements patrimonials del municipi a tota la comunitat.<\/p>\n<p>Una d\u2019aquestes accions \u00e9s l\u2019establiment de sinergies entre l\u2019alumnat de prim\u00e0ria i secund\u00e0ria a partir de processos art\u00edstics. A partir d\u2019una creaci\u00f3 pl\u00e0stica, inspirada en les pintures murals de l\u2019esgl\u00e9sia de Sant Salvador\u00a0 de Poliny\u00e0 i fetes amb la t\u00e8cnica del <a href=\"https:\/\/ca.wikipedia.org\/wiki\/Linogravat\">linogravat<\/a>, una de les t\u00e8cniques de gravat amb relleu de gran tradici\u00f3 hist\u00f2rica, els alumnes de l\u2019optativa de 4t d\u2019ESO amb les seves\u00a0 reinterpretacions de les escenes de Jes\u00fas i de l\u2019Apocalipsi, enguany, proposen un treball pl\u00e0stic i alhora iconol\u00f2gic, que els seus companys de prim\u00e0ria acabaran d\u2019interpretar i identificar, crom\u00e0ticament.<\/p>\n<p>Aix\u00ed, aquests treballs, apresos i reprodu\u00efts, amb la t\u00e8cnica del gravat, esdev\u00e9 un punt de conflu\u00e8ncia on es treballa la difusi\u00f3 del patrimoni, els processos art\u00edstics contemporanis, i el treball col\u00b7laboratiu.<\/p>\n<p>Us hi deixem un v\u00eddeo per si voleu con\u00e8ixer amb m\u00e9s detall aquesta t\u00e8cnica.<\/p>\n<div class=\"ast-oembed-container \" style=\"height: 100%;\"><iframe loading=\"lazy\" title=\"Mirades Apadrinem\" width=\"500\" height=\"281\" src=\"https:\/\/www.youtube.com\/embed\/cEmiySESt74?feature=oembed\" frameborder=\"0\" allow=\"accelerometer; autoplay; clipboard-write; encrypted-media; gyroscope; picture-in-picture; web-share\" referrerpolicy=\"strict-origin-when-cross-origin\" allowfullscreen><\/iframe><\/div>\n","protected":false},"excerpt":{"rendered":"<p>Fa quatre anys que l\u2019Institut Poliny\u00e0, en el marc del Programa Apadrinem el nostre Patrimoni, ha endegat tot un seguit d\u2019accions per difondre els elements patrimonials del municipi a tota la comunitat. Una d\u2019aquestes accions \u00e9s l\u2019establiment de sinergies entre l\u2019alumnat de prim\u00e0ria i secund\u00e0ria a partir de processos art\u00edstics. A partir d\u2019una creaci\u00f3 pl\u00e0stica, [&hellip;]<\/p>\n","protected":false},"author":1,"featured_media":5219,"comment_status":"open","ping_status":"closed","sticky":false,"template":"","format":"standard","meta":{"_bbp_topic_count":0,"_bbp_reply_count":0,"_bbp_total_topic_count":0,"_bbp_total_reply_count":0,"_bbp_voice_count":0,"_bbp_anonymous_reply_count":0,"_bbp_topic_count_hidden":0,"_bbp_reply_count_hidden":0,"_bbp_forum_subforum_count":0,"site-sidebar-layout":"default","site-content-layout":"","ast-site-content-layout":"","site-content-style":"default","site-sidebar-style":"default","ast-global-header-display":"","ast-banner-title-visibility":"","ast-main-header-display":"","ast-hfb-above-header-display":"","ast-hfb-below-header-display":"","ast-hfb-mobile-header-display":"","site-post-title":"","ast-breadcrumbs-content":"","ast-featured-img":"","footer-sml-layout":"","theme-transparent-header-meta":"","adv-header-id-meta":"","stick-header-meta":"","header-above-stick-meta":"","header-main-stick-meta":"","header-below-stick-meta":"","astra-migrate-meta-layouts":"default","ast-page-background-enabled":"default","ast-page-background-meta":{"desktop":{"background-color":"var(--ast-global-color-4)","background-image":"","background-repeat":"repeat","background-position":"center center","background-size":"auto","background-attachment":"scroll","background-type":"","background-media":"","overlay-type":"","overlay-color":"","overlay-opacity":"","overlay-gradient":""},"tablet":{"background-color":"","background-image":"","background-repeat":"repeat","background-position":"center center","background-size":"auto","background-attachment":"scroll","background-type":"","background-media":"","overlay-type":"","overlay-color":"","overlay-opacity":"","overlay-gradient":""},"mobile":{"background-color":"","background-image":"","background-repeat":"repeat","background-position":"center center","background-size":"auto","background-attachment":"scroll","background-type":"","background-media":"","overlay-type":"","overlay-color":"","overlay-opacity":"","overlay-gradient":""}},"ast-content-background-meta":{"desktop":{"background-color":"var(--ast-global-color-5)","background-image":"","background-repeat":"repeat","background-position":"center center","background-size":"auto","background-attachment":"scroll","background-type":"","background-media":"","overlay-type":"","overlay-color":"","overlay-opacity":"","overlay-gradient":""},"tablet":{"background-color":"var(--ast-global-color-5)","background-image":"","background-repeat":"repeat","background-position":"center center","background-size":"auto","background-attachment":"scroll","background-type":"","background-media":"","overlay-type":"","overlay-color":"","overlay-opacity":"","overlay-gradient":""},"mobile":{"background-color":"var(--ast-global-color-5)","background-image":"","background-repeat":"repeat","background-position":"center center","background-size":"auto","background-attachment":"scroll","background-type":"","background-media":"","overlay-type":"","overlay-color":"","overlay-opacity":"","overlay-gradient":""}},"footnotes":""},"categories":[175,1,29],"tags":[],"class_list":["post-5217","post","type-post","status-publish","format-standard","has-post-thumbnail","hentry","category-patrimoni","category-general","category-portada"],"post_mailing_queue_ids":[],"_links":{"self":[{"href":"https:\/\/agora.xtec.cat\/iespolinya\/wp-json\/wp\/v2\/posts\/5217","targetHints":{"allow":["GET"]}}],"collection":[{"href":"https:\/\/agora.xtec.cat\/iespolinya\/wp-json\/wp\/v2\/posts"}],"about":[{"href":"https:\/\/agora.xtec.cat\/iespolinya\/wp-json\/wp\/v2\/types\/post"}],"author":[{"embeddable":true,"href":"https:\/\/agora.xtec.cat\/iespolinya\/wp-json\/wp\/v2\/users\/1"}],"replies":[{"embeddable":true,"href":"https:\/\/agora.xtec.cat\/iespolinya\/wp-json\/wp\/v2\/comments?post=5217"}],"version-history":[{"count":1,"href":"https:\/\/agora.xtec.cat\/iespolinya\/wp-json\/wp\/v2\/posts\/5217\/revisions"}],"predecessor-version":[{"id":5218,"href":"https:\/\/agora.xtec.cat\/iespolinya\/wp-json\/wp\/v2\/posts\/5217\/revisions\/5218"}],"wp:featuredmedia":[{"embeddable":true,"href":"https:\/\/agora.xtec.cat\/iespolinya\/wp-json\/wp\/v2\/media\/5219"}],"wp:attachment":[{"href":"https:\/\/agora.xtec.cat\/iespolinya\/wp-json\/wp\/v2\/media?parent=5217"}],"wp:term":[{"taxonomy":"category","embeddable":true,"href":"https:\/\/agora.xtec.cat\/iespolinya\/wp-json\/wp\/v2\/categories?post=5217"},{"taxonomy":"post_tag","embeddable":true,"href":"https:\/\/agora.xtec.cat\/iespolinya\/wp-json\/wp\/v2\/tags?post=5217"}],"curies":[{"name":"wp","href":"https:\/\/api.w.org\/{rel}","templated":true}]}}